{"id":58,"date":"2007-11-19T13:40:01","date_gmt":"2007-11-19T13:40:01","guid":{"rendered":"http:\/\/ipsnews.net\/turkce\/2007\/11\/19\/idam-cezasi-avustralya-siyasi-partiler-cifte-standart-uyguluyor\/"},"modified":"2007-11-19T13:40:01","modified_gmt":"2007-11-19T13:40:01","slug":"idam-cezasi-avustralya-siyasi-partiler-cifte-standart-uyguluyor","status":"publish","type":"post","link":"https:\/\/ipsnews.net\/turkce\/2007\/11\/19\/idam-cezasi-avustralya-siyasi-partiler-cifte-standart-uyguluyor\/","title":{"rendered":"\u0130DAM CEZASI-AVUSTRALYA : Siyasi Partiler \u00c7ifte Standart Uyguluyor"},"content":{"rendered":"<p>MELBOURNE, 13 Kas\u0131m  (IPS)  &#8211; Bali&apos;de idam cezas\u0131yla yarg\u0131lanan \u00fc\u00e7 Endonezyal\u0131 \u0130slamc\u0131 militan ve alt\u0131 Avustralyal\u0131 uyu\u015fturucu ka\u00e7ak\u00e7\u0131s\u0131yla ilgili davalar bu \u00fclkenin idam cezas\u0131 \u00fczerine &com;tutars\u0131z&com; pozisyonunu g\u00fcndeme getirdi.<!--more--><\/p>\n<p>Avustralya Y\u00fcksek Mahkemesi&apos;nin eski yarg\u0131\u00e7lar\u0131ndan Sir Gerard Brennan, &com;Avustralyal\u0131lar\u0131n idam\u0131n\u0131 barbarca diye niteleyip Endonezyal\u0131lar\u0131nkini kabul edilebilir bulamay\u0131z. \u015eu anki y\u00f6netimin tutumu bu y\u00f6nde g\u00f6z\u00fck\u00fcyor&com; dedi.<\/p>\n<p>Hem h\u00fck\u00fcmet hem de muhalefetteki \u0130\u015f\u00e7i Partisi idam cezas\u0131na kar\u015f\u0131 olduklar\u0131n\u0131 ve \u00fclke d\u0131\u015f\u0131nda idam cezas\u0131na \u00e7arpt\u0131r\u0131lan vatanda\u015flar\u0131 i\u00e7in af isteyeceklerini s\u00f6yl\u00fcyor. D\u0131\u015fi\u015fleri Bakan\u0131 Alexander Downer daha \u00f6nce yakalanan dokuz uyu\u015fturucu ka\u00e7ak\u00e7\u0131s\u0131ndan idama mahkum edilen alt\u0131s\u0131 i\u00e7in Endonezya&apos;ya ba\u015fvuruda bulunmu\u015ftu \u2013di\u011fer \u00fc\u00e7 ki\u015fi uzun hapis cezalar\u0131na \u00e7arpt\u0131r\u0131ld\u0131.<\/p>\n<p>Bakan, Avustralya polisinin istihbarat\u0131 do\u011frultusunda yakalanan ka\u00e7ak\u00e7\u0131lar i\u00e7in t\u00fcm yasal yollar t\u00fckendikten sonra resmi ba\u015fvuruda da bulunacaklar\u0131n\u0131 belirtti. \u0130\u015f\u00e7i Partisi de h\u00fck\u00fcmetin bu \u00e7abalar\u0131n\u0131 destekledi. <\/p>\n<p>Fakat idam cezas\u0131na kar\u015f\u0131 ilkesel olarak g\u00f6r\u00fclebilecek bu kar\u015f\u0131 duru\u015f &com;ter\u00f6ristler&com; i\u00e7in ge\u00e7erli g\u00f6z\u00fckm\u00fcyor. Ba\u015fbakan John Howard, \u00fc\u00e7 &com;Bali bombac\u0131s\u0131n\u0131n&com; idam\u0131na kar\u015f\u0131 \u00e7\u0131kmayaca\u011f\u0131n\u0131 s\u00f6yl\u00fcyor. \u00dc\u00e7 mahkum 2002&apos;de 88&apos;i Avustralyal\u0131 turist olmak \u00fczere 202 ki\u015finin \u00f6ld\u00fc\u011f\u00fc bombalamadan dolay\u0131 kur\u015funa dizilmeyi bekliyor.<\/p>\n<p>Her ne kadar h\u00fck\u00fcmet idam cezas\u0131na kar\u015f\u0131 se\u00e7ici bir tav\u0131r sergilese de, esas tart\u0131\u015fmay\u0131 \u0130\u015f\u00e7i Partisi&apos;nin yapt\u0131\u011f\u0131 a\u00e7\u0131klama yaratt\u0131. 24 Kas\u0131m&apos;daki se\u00e7imlerde ba\u015fbakan olmay\u0131 umut eden Kevin Rudd partisinin g\u00f6r\u00fc\u015f\u00fcyle \u00e7eli\u015ferek &com;ba\u015f\u0131nda olaca\u011f\u0131 hi\u00e7bir h\u00fck\u00fcmetin bir ter\u00f6ristin hayat\u0131 i\u00e7in bask\u0131 yapmayaca\u011f\u0131n\u0131&com; belirtti.<\/p>\n<p>Eski Irak devlet ba\u015fkan\u0131 Saddam H\u00fcseyin&apos;in idam\u0131na itiraz eden Rudd, bu s\u00f6zleri \u0130\u015f\u00e7i Partisi&apos;nin d\u0131\u015f ili\u015fkiler s\u00f6zc\u00fcs\u00fc Robert McClelland&apos;\u0131n &com;Bali bombac\u0131lar\u0131&com;na verilen idam cezas\u0131n\u0131 k\u0131nayan a\u00e7\u0131klamas\u0131na cevap olarak s\u00f6yledi. <\/p>\n<p>Avustralya Avukatlar Birli\u011fi&apos;nden (ALA) Ian Brown &com;Bence hem muhalefet lideri hem de ba\u015fbakan bu konuda politik davran\u0131yor ve se\u00e7mene oynuyor&com; dedi. \u00dclkede Bali&apos;deki bombalaman\u0131n faillerine kar\u015f\u0131 \u00f6fke var ve Howard&apos;\u0131n 11 y\u0131ll\u0131k iktidar\u0131na son vermeyi ama\u00e7layan Rudd bu durumdan faydalanmak istiyor.<\/p>\n<p>\u0130\u015f\u00e7i Partisi&apos;nden bir s\u00f6zc\u00fc IPS&apos;in sorular\u0131n\u0131 yan\u0131tlarken partinin duru\u015funun de\u011fi\u015fmedi\u011fini, &com;her \u015fekilde idam cezas\u0131na kar\u015f\u0131 olduklar\u0131n\u0131&com; belirtti. S\u00f6zc\u00fc, \u0130\u015f\u00e7i Partisi iktidar\u0131n\u0131n idam cezas\u0131n\u0131n kald\u0131r\u0131lmas\u0131 i\u00e7in Birle\u015fmi\u015f Milletler \u00e7er\u00e7evesinde bir kampanya y\u00fcr\u00fctece\u011fini de ekledi.<\/p>\n<p>Bununla birlikte sivil toplum \u00f6rg\u00fctleri a\u00e7\u0131klamalardan tatmin olmuyor. New South Wales Medeni Haklar Konseyi&apos;nden (NSWCCL) Michael Walton &com;Baz\u0131 insanlar i\u00e7in idam cezas\u0131na kar\u015f\u0131 \u00e7\u0131k\u0131p di\u011ferleri i\u00e7in \u00e7\u0131kmamak hayal k\u0131r\u0131kl\u0131\u011f\u0131na yol a\u00e7\u0131yor&com; dedi. Ona g\u00f6re bu politika di\u011fer \u00fclkelerde idama mahkum olan Avustralyal\u0131lar i\u00e7in af \u00e7\u0131kartmay\u0131 da zorla\u015ft\u0131r\u0131yor. <\/p>\n","protected":false},"excerpt":{"rendered":"<p>MELBOURNE, 13 Kas\u0131m (IPS) &#8211; Bali&apos;de idam cezas\u0131yla yarg\u0131lanan \u00fc\u00e7 Endonezyal\u0131 \u0130slamc\u0131 militan ve alt\u0131 Avustralyal\u0131 uyu\u015fturucu ka\u00e7ak\u00e7\u0131s\u0131yla ilgili davalar bu \u00fclkenin idam cezas\u0131 \u00fczerine &com;tutars\u0131z&com; pozisyonunu g\u00fcndeme getirdi.<\/p>\n","protected":false},"author":23,"featured_media":0,"comment_status":"open","ping_status":"open","sticky":false,"template":"","format":"standard","meta":{"footnotes":""},"categories":[1],"tags":[],"class_list":["post-58","post","type-post","status-publish","format-standard","hentry","category-headlines"],"_links":{"self":[{"href":"https:\/\/ipsnews.net\/turkce\/wp-json\/wp\/v2\/posts\/58","targetHints":{"allow":["GET"]}}],"collection":[{"href":"https:\/\/ipsnews.net\/turkce\/wp-json\/wp\/v2\/posts"}],"about":[{"href":"https:\/\/ipsnews.net\/turkce\/wp-json\/wp\/v2\/types\/post"}],"author":[{"embeddable":true,"href":"https:\/\/ipsnews.net\/turkce\/wp-json\/wp\/v2\/users\/23"}],"replies":[{"embeddable":true,"href":"https:\/\/ipsnews.net\/turkce\/wp-json\/wp\/v2\/comments?post=58"}],"version-history":[{"count":0,"href":"https:\/\/ipsnews.net\/turkce\/wp-json\/wp\/v2\/posts\/58\/revisions"}],"wp:attachment":[{"href":"https:\/\/ipsnews.net\/turkce\/wp-json\/wp\/v2\/media?parent=58"}],"wp:term":[{"taxonomy":"category","embeddable":true,"href":"https:\/\/ipsnews.net\/turkce\/wp-json\/wp\/v2\/categories?post=58"},{"taxonomy":"post_tag","embeddable":true,"href":"https:\/\/ipsnews.net\/turkce\/wp-json\/wp\/v2\/tags?post=58"}],"curies":[{"name":"wp","href":"https:\/\/api.w.org\/{rel}","templated":true}]}}