{"id":9006,"date":"2016-07-25T13:40:01","date_gmt":"2016-07-25T13:40:01","guid":{"rendered":"http:\/\/ipsinternational.org\/fi\/news.asp?idnews=6371"},"modified":"2016-07-25T13:40:01","modified_gmt":"2016-07-25T13:40:01","slug":"ilmasto-%ef%bb%bfel-ninon-jalkeen-kurittaa-la-nina","status":"publish","type":"post","link":"https:\/\/ipsnews.net\/suomi\/2016\/07\/25\/ilmasto-%ef%bb%bfel-ninon-jalkeen-kurittaa-la-nina\/","title":{"rendered":"ILMASTO: \ufeffEl Ni\u00f1on j\u00e4lkeen kurittaa La Ni\u00f1a"},"content":{"rendered":"<p>Rooma, 25.07.2016 (IPS) &#8211; Viime vuonna k\u00e4ynnistynyt maapallon s\u00e4\u00e4systeemiin vaikuttava El Ni\u00f1o -ilmi\u00f6 on hiipumassa. T\u00e4ll\u00e4 kertaa sen seuraukset olivat mittaushistorian voimakkaimpia.  <\/p>\n<p><!--more--><\/p>\n<p>El Ni\u00f1olla tarkoitetaan 3 \u2013 7 vuoden v\u00e4lein toistuvaa ilmi\u00f6t\u00e4, joka juontuu trooppisen Tyynenmeren keski- ja it\u00e4osien l\u00e4mpenemisest\u00e4. Se johtaa merien pintal\u00e4mp\u00f6tilojen nousuun ja vaikuttaa s\u00e4\u00e4tiloihin eri puolilla maailmaa.<\/p>\n<p>Seurauksena on monin paikoin kuivuutta tai vastaavasti rankkoja sateita. El Ni\u00f1o tuottaa eri puolilla maailmaa normaalista poikkeavia ilmi\u00f6it\u00e4: kuivuudesta k\u00e4rsit\u00e4\u00e4n monissa paikoissa sadekausina ja vastaavasti kuivan kauden sijaan saadaan kovia sateita. Voimakkaimmin poikkeukselliset s\u00e4\u00e4ilmi\u00f6t iskev\u00e4t Afrikkaan, Kaakkois-Aasiaan ja V\u00e4li-Amerikkaan.<\/p>\n<p>Ihmisi\u00e4 ja muuta luontoa kurittavat s\u00e4\u00e4t ovat saamassa jatkoa, sill\u00e4 El Ni\u00f1on vastinpari La Ni\u00f1a ker\u00e4\u00e4 jo voimiaan. El Ni\u00f1a laskee meren pintal\u00e4mp\u00f6tiloja ja sen seurauksena El Ni\u00f1on aikana sek\u00e4 kuivuudesta k\u00e4rsineit\u00e4 ett\u00e4 tulvineita alueita piiskaavat rankkasateet.<\/p>\n<p>Viime vuosina El Ni\u00f1on ja La Ni\u00f1an ohella ilmastonmuutos on tuottanut \u00e4\u00e4rimm\u00e4isi\u00e4 s\u00e4\u00e4ilmi\u00f6it\u00e4. Sek\u00e4 kuivuutta ett\u00e4 tulvia esiintyy entist\u00e4 tihe\u00e4mp\u00e4\u00e4n tahtiin ja voimallisempina. Avustusj\u00e4rjest\u00f6 Oxfamin edustajat ovat raportoineet eri puolilta maailmaa kuivuuksien olevan ankarampia kuin koskaan.<\/p>\n<p>Kuivuus vaikuttaa muun muassa satoihin ja puhtaan juomaveden saantiin. Monet kulkutaudit kuten dengue-kuume, kolera ja tavalliset ripulitaudit puolestaan levi\u00e4v\u00e4t tulvivilla alueilla.<\/p>\n<p>(Inter Press Service)<\/p>\n","protected":false},"excerpt":{"rendered":"<p>Rooma, 25.07.2016 (IPS) &#8211; Viime vuonna k\u00e4ynnistynyt maapallon s\u00e4\u00e4systeemiin vaikuttava El Ni\u00f1o -ilmi\u00f6 on hiipumassa. T\u00e4ll\u00e4 kertaa sen seuraukset olivat mittaushistorian voimakkaimpia.  El Ni\u00f1olla tarkoitetaan 3 \u2013 7 vuoden v\u00e4lein toistuvaa il&#8230; <a href=\"https:\/\/ipsnews.net\/suomi\/2016\/07\/25\/ilmasto-%ef%bb%bfel-ninon-jalkeen-kurittaa-la-nina\/\" class=\"more-link\">Continue Reading <span class=\"meta-nav\">&rarr;<\/span><\/a><\/p>\n","protected":false},"author":310,"featured_media":0,"comment_status":"closed","ping_status":"closed","sticky":false,"template":"","format":"standard","meta":{"footnotes":""},"categories":[13,14,22,6],"tags":[],"coauthors":[],"class_list":["post-9006","post","type-post","status-publish","format-standard","hentry","category-globaalit-aiheet","category-koulutus","category-vaesto","category-ymparisto"],"yoast_head":"<!-- This site is optimized with the Yoast SEO plugin v24.8.1 - https:\/\/yoast.com\/wordpress\/plugins\/seo\/ -->\n<title>ILMASTO: \ufeffEl Ni\u00f1on j\u00e4lkeen kurittaa La Ni\u00f1a - INTER PRESS SERVICE<\/title>\n<meta name=\"robots\" content=\"index, follow, max-snippet:-1, max-image-preview:large, max-video-preview:-1\" \/>\n<link rel=\"canonical\" href=\"https:\/\/ipsnews.net\/suomi\/2016\/07\/25\/ilmasto-\ufeffel-ninon-jalkeen-kurittaa-la-nina\/\" \/>\n<meta property=\"og:locale\" content=\"en_US\" \/>\n<meta property=\"og:type\" content=\"article\" \/>\n<meta property=\"og:title\" content=\"ILMASTO: \ufeffEl Ni\u00f1on j\u00e4lkeen kurittaa La Ni\u00f1a - INTER PRESS SERVICE\" \/>\n<meta property=\"og:description\" content=\"Rooma, 25.07.2016 (IPS) - Viime vuonna k\u00e4ynnistynyt maapallon s\u00e4\u00e4systeemiin vaikuttava El Ni\u00f1o -ilmi\u00f6 on hiipumassa. T\u00e4ll\u00e4 kertaa sen seuraukset olivat mittaushistorian voimakkaimpia. El Ni\u00f1olla tarkoitetaan 3 \u2013 7 vuoden v\u00e4lein toistuvaa il... Continue Reading &rarr;\" \/>\n<meta property=\"og:url\" content=\"https:\/\/ipsnews.net\/suomi\/2016\/07\/25\/ilmasto-\ufeffel-ninon-jalkeen-kurittaa-la-nina\/\" \/>\n<meta property=\"og:site_name\" content=\"INTER PRESS SERVICE\" \/>\n<meta property=\"article:published_time\" content=\"2016-07-25T13:40:01+00:00\" \/>\n<meta name=\"author\" content=\"Baher Kamal\" \/>\n<meta name=\"twitter:card\" content=\"summary_large_image\" \/>\n<meta name=\"twitter:label1\" content=\"Written by\" \/>\n\t<meta name=\"twitter:data1\" content=\"Baher Kamal\" \/>\n\t<meta name=\"twitter:label2\" content=\"Est. reading time\" \/>\n\t<meta name=\"twitter:data2\" content=\"1 minute\" \/>\n<script type=\"application\/ld+json\" class=\"yoast-schema-graph\">{\"@context\":\"https:\/\/schema.org\",\"@graph\":[{\"@type\":\"WebPage\",\"@id\":\"https:\/\/ipsnews.net\/suomi\/2016\/07\/25\/ilmasto-%ef%bb%bfel-ninon-jalkeen-kurittaa-la-nina\/\",\"url\":\"https:\/\/ipsnews.net\/suomi\/2016\/07\/25\/ilmasto-%ef%bb%bfel-ninon-jalkeen-kurittaa-la-nina\/\",\"name\":\"ILMASTO: \ufeffEl Ni\u00f1on j\u00e4lkeen kurittaa La Ni\u00f1a - INTER PRESS SERVICE\",\"isPartOf\":{\"@id\":\"https:\/\/ipsnews.net\/suomi\/#website\"},\"datePublished\":\"2016-07-25T13:40:01+00:00\",\"author\":{\"@id\":\"https:\/\/ipsnews.net\/suomi\/#\/schema\/person\/a4490b881295f3324ea2b22a08b4427f\"},\"breadcrumb\":{\"@id\":\"https:\/\/ipsnews.net\/suomi\/2016\/07\/25\/ilmasto-%ef%bb%bfel-ninon-jalkeen-kurittaa-la-nina\/#breadcrumb\"},\"inLanguage\":\"en-US\",\"potentialAction\":[{\"@type\":\"ReadAction\",\"target\":[\"https:\/\/ipsnews.net\/suomi\/2016\/07\/25\/ilmasto-%ef%bb%bfel-ninon-jalkeen-kurittaa-la-nina\/\"]}]},{\"@type\":\"BreadcrumbList\",\"@id\":\"https:\/\/ipsnews.net\/suomi\/2016\/07\/25\/ilmasto-%ef%bb%bfel-ninon-jalkeen-kurittaa-la-nina\/#breadcrumb\",\"itemListElement\":[{\"@type\":\"ListItem\",\"position\":1,\"name\":\"Home\",\"item\":\"https:\/\/ipsnews.net\/suomi\/\"},{\"@type\":\"ListItem\",\"position\":2,\"name\":\"ILMASTO: \ufeffEl Ni\u00f1on j\u00e4lkeen kurittaa La Ni\u00f1a\"}]},{\"@type\":\"WebSite\",\"@id\":\"https:\/\/ipsnews.net\/suomi\/#website\",\"url\":\"https:\/\/ipsnews.net\/suomi\/\",\"name\":\"INTER PRESS SERVICE\",\"description\":\"Uutistoimisto\",\"potentialAction\":[{\"@type\":\"SearchAction\",\"target\":{\"@type\":\"EntryPoint\",\"urlTemplate\":\"https:\/\/ipsnews.net\/suomi\/?s={search_term_string}\"},\"query-input\":{\"@type\":\"PropertyValueSpecification\",\"valueRequired\":true,\"valueName\":\"search_term_string\"}}],\"inLanguage\":\"en-US\"},{\"@type\":\"Person\",\"@id\":\"https:\/\/ipsnews.net\/suomi\/#\/schema\/person\/a4490b881295f3324ea2b22a08b4427f\",\"name\":\"Baher Kamal\",\"image\":{\"@type\":\"ImageObject\",\"inLanguage\":\"en-US\",\"@id\":\"https:\/\/ipsnews.net\/suomi\/#\/schema\/person\/image\/e9b1fa7d18dbe76ee5152453ca4d14a7\",\"url\":\"https:\/\/secure.gravatar.com\/avatar\/dbbd65e49a26bb6d39f0828892901d36fc62c94c2ac323d171ea6745cf0256f9?s=96&d=mm&r=g\",\"contentUrl\":\"https:\/\/secure.gravatar.com\/avatar\/dbbd65e49a26bb6d39f0828892901d36fc62c94c2ac323d171ea6745cf0256f9?s=96&d=mm&r=g\",\"caption\":\"Baher Kamal\"},\"sameAs\":[\"http:\/\/ipsinternational.org\/fi\/\"],\"url\":\"https:\/\/ipsnews.net\/suomi\/author\/baher-kamal\/\"}]}<\/script>\n<!-- \/ Yoast SEO plugin. -->","yoast_head_json":{"title":"ILMASTO: \ufeffEl Ni\u00f1on j\u00e4lkeen kurittaa La Ni\u00f1a - INTER PRESS SERVICE","robots":{"index":"index","follow":"follow","max-snippet":"max-snippet:-1","max-image-preview":"max-image-preview:large","max-video-preview":"max-video-preview:-1"},"canonical":"https:\/\/ipsnews.net\/suomi\/2016\/07\/25\/ilmasto-\ufeffel-ninon-jalkeen-kurittaa-la-nina\/","og_locale":"en_US","og_type":"article","og_title":"ILMASTO: \ufeffEl Ni\u00f1on j\u00e4lkeen kurittaa La Ni\u00f1a - INTER PRESS SERVICE","og_description":"Rooma, 25.07.2016 (IPS) - Viime vuonna k\u00e4ynnistynyt maapallon s\u00e4\u00e4systeemiin vaikuttava El Ni\u00f1o -ilmi\u00f6 on hiipumassa. T\u00e4ll\u00e4 kertaa sen seuraukset olivat mittaushistorian voimakkaimpia. El Ni\u00f1olla tarkoitetaan 3 \u2013 7 vuoden v\u00e4lein toistuvaa il... Continue Reading &rarr;","og_url":"https:\/\/ipsnews.net\/suomi\/2016\/07\/25\/ilmasto-\ufeffel-ninon-jalkeen-kurittaa-la-nina\/","og_site_name":"INTER PRESS SERVICE","article_published_time":"2016-07-25T13:40:01+00:00","author":"Baher Kamal","twitter_card":"summary_large_image","twitter_misc":{"Written by":"Baher Kamal","Est. reading time":"1 minute"},"schema":{"@context":"https:\/\/schema.org","@graph":[{"@type":"WebPage","@id":"https:\/\/ipsnews.net\/suomi\/2016\/07\/25\/ilmasto-%ef%bb%bfel-ninon-jalkeen-kurittaa-la-nina\/","url":"https:\/\/ipsnews.net\/suomi\/2016\/07\/25\/ilmasto-%ef%bb%bfel-ninon-jalkeen-kurittaa-la-nina\/","name":"ILMASTO: \ufeffEl Ni\u00f1on j\u00e4lkeen kurittaa La Ni\u00f1a - INTER PRESS SERVICE","isPartOf":{"@id":"https:\/\/ipsnews.net\/suomi\/#website"},"datePublished":"2016-07-25T13:40:01+00:00","author":{"@id":"https:\/\/ipsnews.net\/suomi\/#\/schema\/person\/a4490b881295f3324ea2b22a08b4427f"},"breadcrumb":{"@id":"https:\/\/ipsnews.net\/suomi\/2016\/07\/25\/ilmasto-%ef%bb%bfel-ninon-jalkeen-kurittaa-la-nina\/#breadcrumb"},"inLanguage":"en-US","potentialAction":[{"@type":"ReadAction","target":["https:\/\/ipsnews.net\/suomi\/2016\/07\/25\/ilmasto-%ef%bb%bfel-ninon-jalkeen-kurittaa-la-nina\/"]}]},{"@type":"BreadcrumbList","@id":"https:\/\/ipsnews.net\/suomi\/2016\/07\/25\/ilmasto-%ef%bb%bfel-ninon-jalkeen-kurittaa-la-nina\/#breadcrumb","itemListElement":[{"@type":"ListItem","position":1,"name":"Home","item":"https:\/\/ipsnews.net\/suomi\/"},{"@type":"ListItem","position":2,"name":"ILMASTO: \ufeffEl Ni\u00f1on j\u00e4lkeen kurittaa La Ni\u00f1a"}]},{"@type":"WebSite","@id":"https:\/\/ipsnews.net\/suomi\/#website","url":"https:\/\/ipsnews.net\/suomi\/","name":"INTER PRESS SERVICE","description":"Uutistoimisto","potentialAction":[{"@type":"SearchAction","target":{"@type":"EntryPoint","urlTemplate":"https:\/\/ipsnews.net\/suomi\/?s={search_term_string}"},"query-input":{"@type":"PropertyValueSpecification","valueRequired":true,"valueName":"search_term_string"}}],"inLanguage":"en-US"},{"@type":"Person","@id":"https:\/\/ipsnews.net\/suomi\/#\/schema\/person\/a4490b881295f3324ea2b22a08b4427f","name":"Baher Kamal","image":{"@type":"ImageObject","inLanguage":"en-US","@id":"https:\/\/ipsnews.net\/suomi\/#\/schema\/person\/image\/e9b1fa7d18dbe76ee5152453ca4d14a7","url":"https:\/\/secure.gravatar.com\/avatar\/dbbd65e49a26bb6d39f0828892901d36fc62c94c2ac323d171ea6745cf0256f9?s=96&d=mm&r=g","contentUrl":"https:\/\/secure.gravatar.com\/avatar\/dbbd65e49a26bb6d39f0828892901d36fc62c94c2ac323d171ea6745cf0256f9?s=96&d=mm&r=g","caption":"Baher Kamal"},"sameAs":["http:\/\/ipsinternational.org\/fi\/"],"url":"https:\/\/ipsnews.net\/suomi\/author\/baher-kamal\/"}]}},"_links":{"self":[{"href":"https:\/\/ipsnews.net\/suomi\/wp-json\/wp\/v2\/posts\/9006","targetHints":{"allow":["GET"]}}],"collection":[{"href":"https:\/\/ipsnews.net\/suomi\/wp-json\/wp\/v2\/posts"}],"about":[{"href":"https:\/\/ipsnews.net\/suomi\/wp-json\/wp\/v2\/types\/post"}],"author":[{"embeddable":true,"href":"https:\/\/ipsnews.net\/suomi\/wp-json\/wp\/v2\/users\/310"}],"replies":[{"embeddable":true,"href":"https:\/\/ipsnews.net\/suomi\/wp-json\/wp\/v2\/comments?post=9006"}],"version-history":[{"count":1,"href":"https:\/\/ipsnews.net\/suomi\/wp-json\/wp\/v2\/posts\/9006\/revisions"}],"predecessor-version":[{"id":9007,"href":"https:\/\/ipsnews.net\/suomi\/wp-json\/wp\/v2\/posts\/9006\/revisions\/9007"}],"wp:attachment":[{"href":"https:\/\/ipsnews.net\/suomi\/wp-json\/wp\/v2\/media?parent=9006"}],"wp:term":[{"taxonomy":"category","embeddable":true,"href":"https:\/\/ipsnews.net\/suomi\/wp-json\/wp\/v2\/categories?post=9006"},{"taxonomy":"post_tag","embeddable":true,"href":"https:\/\/ipsnews.net\/suomi\/wp-json\/wp\/v2\/tags?post=9006"},{"taxonomy":"author","embeddable":true,"href":"https:\/\/ipsnews.net\/suomi\/wp-json\/wp\/v2\/coauthors?post=9006"}],"curies":[{"name":"wp","href":"https:\/\/api.w.org\/{rel}","templated":true}]}}