{"id":7233,"date":"2011-09-26T13:40:01","date_gmt":"2011-09-26T13:40:01","guid":{"rendered":"http:\/\/ipsinternational.org\/fi\/news.asp?idnews=5341"},"modified":"2011-09-26T13:40:01","modified_gmt":"2011-09-26T13:40:01","slug":"politiikka-brasilia-kouluttaa-afrikan-diplomaatteja","status":"publish","type":"post","link":"https:\/\/ipsnews.net\/suomi\/2011\/09\/26\/politiikka-brasilia-kouluttaa-afrikan-diplomaatteja\/","title":{"rendered":"POLITIIKKA: Brasilia kouluttaa Afrikan diplomaatteja"},"content":{"rendered":"<p>Rio de Janeiro, 26.09.11 (IPS) &#8211; &quot;Afrikkalaisille diplomaateille tarjoutui hyv\u00e4 tilaisuus tavata toisiaan ja saada tietoa maanosansa maiden tilanteesta&quot;, Bernard Kaporo Legoti Etel\u00e4-Afrikan ulkoministeri\u00f6st\u00e4 kiittelee.  Lausuntoon tuo ironista s\u00e4vy\u00e4 se, ett\u00e4 diplomaattikurssi pidettiin Brasiliassa.\n <\/p>\n<p><!--more--><\/p>\n<p>Brasilia on viime vuosikymmenen\u00e4 aktivoinut voimakkaasti suhteitaan Afrikkaan osana kehitysmaiden keskin\u00e4isen kanssak\u00e4ymisen vahvistamista.<\/p>\n<p>Diplomaattikursseja afrikkalaisille j\u00e4rjest\u00e4v\u00e4t nyt sek\u00e4 Brasilian ulkoministeri\u00f6n alainen Alexandre de Gusm\u00e3o -s\u00e4\u00e4ti\u00f6 ett\u00e4 Rio Branco -instituutti, joka kouluttaa my\u00f6s Brasilian oman ulkoasianhallinnon v\u00e4ke\u00e4.<\/p>\n<p>Ministeri\u00f6n syyskuiselle kurssille osallistui diplomaatteja Angolasta, Botswanasta, Etel\u00e4-Afrikasta, Etel\u00e4-Sudanista, Ghanasta, Keniasta, Namibiasta, Nigeriasta, Sambiasta, Sudanista, Tansaniasta ja Zimbabwesta.<\/p>\n<p>Legoti muistuttaa, ett\u00e4 Nigerian j\u00e4lkeen maailman suurin musta v\u00e4est\u00f6 on Brasiliassa, jonka 192 miljoonasta asukkaasta puolet ilmoittautui v\u00e4est\u00f6nlaskennassa &quot;mustaksi&quot; tai &quot;ruskeaksi&quot;. <\/p>\n<p>Legotin mukaan afrikkalaisilla on paljon opittavaa sek\u00e4 toisiltaan ett\u00e4 Brasilialta. H\u00e4n mainitsee esimerkkin\u00e4 Brasilian laajat k\u00f6yhyyden vastaiset ohjelmat.  <\/p>\n<p>Nedilson Ricardo Jorge Brasilian ulkoministeri\u00f6n Afrikan-osastolta korostaa, ett\u00e4 Brasilia on kamppailut samanlaisten ongelmien kanssa kuin Afrikka. H\u00e4nen mukaansa se tekee vuoropuhelusta luontevaa, kuten sekin, ett\u00e4 Brasilia karttaa sotilaallisia ja muita painostuskeinoja kansainv\u00e4lisiss\u00e4 suhteissaan.<\/p>\n<p>(Inter Press Service)<\/p><\/p>\n","protected":false},"excerpt":{"rendered":"<p>Rio de Janeiro, 26.09.11 (IPS) &#8211; &quot;Afrikkalaisille diplomaateille tarjoutui hyv\u00e4 tilaisuus tavata toisiaan ja saada tietoa maanosansa maiden tilanteesta&quot;, Bernard Kaporo Legoti Etel\u00e4-Afrikan ulkoministeri\u00f6st\u00e4 kiittelee.  Lausuntoon tuo iro&#8230; <a href=\"https:\/\/ipsnews.net\/suomi\/2011\/09\/26\/politiikka-brasilia-kouluttaa-afrikan-diplomaatteja\/\" class=\"more-link\">Continue Reading <span class=\"meta-nav\">&rarr;<\/span><\/a><\/p>\n","protected":false},"author":1059,"featured_media":0,"comment_status":"closed","ping_status":"closed","sticky":false,"template":"","format":"standard","meta":{"footnotes":""},"categories":[7,5,15],"tags":[],"coauthors":[],"class_list":["post-7233","post","type-post","status-publish","format-standard","hentry","category-afrikka","category-kehitys","category-latinalainen-amerikka"],"yoast_head":"<!-- This site is optimized with the Yoast SEO plugin v24.8.1 - https:\/\/yoast.com\/wordpress\/plugins\/seo\/ -->\n<title>POLITIIKKA: Brasilia kouluttaa Afrikan diplomaatteja - INTER PRESS SERVICE<\/title>\n<meta name=\"robots\" content=\"index, follow, max-snippet:-1, max-image-preview:large, max-video-preview:-1\" \/>\n<link rel=\"canonical\" href=\"https:\/\/ipsnews.net\/suomi\/2011\/09\/26\/politiikka-brasilia-kouluttaa-afrikan-diplomaatteja\/\" \/>\n<meta property=\"og:locale\" content=\"en_US\" \/>\n<meta property=\"og:type\" content=\"article\" \/>\n<meta property=\"og:title\" content=\"POLITIIKKA: Brasilia kouluttaa Afrikan diplomaatteja - INTER PRESS SERVICE\" \/>\n<meta property=\"og:description\" content=\"Rio de Janeiro, 26.09.11 (IPS) - &quot;Afrikkalaisille diplomaateille tarjoutui hyv\u00e4 tilaisuus tavata toisiaan ja saada tietoa maanosansa maiden tilanteesta&quot;, Bernard Kaporo Legoti Etel\u00e4-Afrikan ulkoministeri\u00f6st\u00e4 kiittelee. Lausuntoon tuo iro... Continue Reading &rarr;\" \/>\n<meta property=\"og:url\" content=\"https:\/\/ipsnews.net\/suomi\/2011\/09\/26\/politiikka-brasilia-kouluttaa-afrikan-diplomaatteja\/\" \/>\n<meta property=\"og:site_name\" content=\"INTER PRESS SERVICE\" \/>\n<meta property=\"article:published_time\" content=\"2011-09-26T13:40:01+00:00\" \/>\n<meta name=\"author\" content=\"Fab\u00edola Ortiz\" \/>\n<meta name=\"twitter:card\" content=\"summary_large_image\" \/>\n<meta name=\"twitter:label1\" content=\"Written by\" \/>\n\t<meta name=\"twitter:data1\" content=\"Fab\u00edola Ortiz\" \/>\n\t<meta name=\"twitter:label2\" content=\"Est. reading time\" \/>\n\t<meta name=\"twitter:data2\" content=\"1 minute\" \/>\n<script type=\"application\/ld+json\" class=\"yoast-schema-graph\">{\"@context\":\"https:\/\/schema.org\",\"@graph\":[{\"@type\":\"WebPage\",\"@id\":\"https:\/\/ipsnews.net\/suomi\/2011\/09\/26\/politiikka-brasilia-kouluttaa-afrikan-diplomaatteja\/\",\"url\":\"https:\/\/ipsnews.net\/suomi\/2011\/09\/26\/politiikka-brasilia-kouluttaa-afrikan-diplomaatteja\/\",\"name\":\"POLITIIKKA: Brasilia kouluttaa Afrikan diplomaatteja - INTER PRESS SERVICE\",\"isPartOf\":{\"@id\":\"http:\/\/ipsnews.net\/suomi\/#website\"},\"datePublished\":\"2011-09-26T13:40:01+00:00\",\"author\":{\"@id\":\"http:\/\/ipsnews.net\/suomi\/#\/schema\/person\/fc327732e35887b075a56c6bc8c771e9\"},\"breadcrumb\":{\"@id\":\"https:\/\/ipsnews.net\/suomi\/2011\/09\/26\/politiikka-brasilia-kouluttaa-afrikan-diplomaatteja\/#breadcrumb\"},\"inLanguage\":\"en-US\",\"potentialAction\":[{\"@type\":\"ReadAction\",\"target\":[\"https:\/\/ipsnews.net\/suomi\/2011\/09\/26\/politiikka-brasilia-kouluttaa-afrikan-diplomaatteja\/\"]}]},{\"@type\":\"BreadcrumbList\",\"@id\":\"https:\/\/ipsnews.net\/suomi\/2011\/09\/26\/politiikka-brasilia-kouluttaa-afrikan-diplomaatteja\/#breadcrumb\",\"itemListElement\":[{\"@type\":\"ListItem\",\"position\":1,\"name\":\"Home\",\"item\":\"http:\/\/ipsnews.net\/suomi\/\"},{\"@type\":\"ListItem\",\"position\":2,\"name\":\"POLITIIKKA: Brasilia kouluttaa Afrikan diplomaatteja\"}]},{\"@type\":\"WebSite\",\"@id\":\"http:\/\/ipsnews.net\/suomi\/#website\",\"url\":\"http:\/\/ipsnews.net\/suomi\/\",\"name\":\"INTER PRESS SERVICE\",\"description\":\"Uutistoimisto\",\"potentialAction\":[{\"@type\":\"SearchAction\",\"target\":{\"@type\":\"EntryPoint\",\"urlTemplate\":\"http:\/\/ipsnews.net\/suomi\/?s={search_term_string}\"},\"query-input\":{\"@type\":\"PropertyValueSpecification\",\"valueRequired\":true,\"valueName\":\"search_term_string\"}}],\"inLanguage\":\"en-US\"},{\"@type\":\"Person\",\"@id\":\"http:\/\/ipsnews.net\/suomi\/#\/schema\/person\/fc327732e35887b075a56c6bc8c771e9\",\"name\":\"Fab\u00edola Ortiz\",\"image\":{\"@type\":\"ImageObject\",\"inLanguage\":\"en-US\",\"@id\":\"http:\/\/ipsnews.net\/suomi\/#\/schema\/person\/image\/75ee759212960d9e5fbcc9eb5510bf03\",\"url\":\"https:\/\/secure.gravatar.com\/avatar\/d5e76e8e67fb56c3e4b296bd3ba0703d210cec27de4671f55fadb010fbc7dcfd?s=96&d=mm&r=g\",\"contentUrl\":\"https:\/\/secure.gravatar.com\/avatar\/d5e76e8e67fb56c3e4b296bd3ba0703d210cec27de4671f55fadb010fbc7dcfd?s=96&d=mm&r=g\",\"caption\":\"Fab\u00edola Ortiz\"},\"sameAs\":[\"http:\/\/ipsinternational.org\/fi\/\"],\"url\":\"https:\/\/ipsnews.net\/suomi\/author\/fabiola-ortiz\/\"}]}<\/script>\n<!-- \/ Yoast SEO plugin. -->","yoast_head_json":{"title":"POLITIIKKA: Brasilia kouluttaa Afrikan diplomaatteja - INTER PRESS SERVICE","robots":{"index":"index","follow":"follow","max-snippet":"max-snippet:-1","max-image-preview":"max-image-preview:large","max-video-preview":"max-video-preview:-1"},"canonical":"https:\/\/ipsnews.net\/suomi\/2011\/09\/26\/politiikka-brasilia-kouluttaa-afrikan-diplomaatteja\/","og_locale":"en_US","og_type":"article","og_title":"POLITIIKKA: Brasilia kouluttaa Afrikan diplomaatteja - INTER PRESS SERVICE","og_description":"Rio de Janeiro, 26.09.11 (IPS) - &quot;Afrikkalaisille diplomaateille tarjoutui hyv\u00e4 tilaisuus tavata toisiaan ja saada tietoa maanosansa maiden tilanteesta&quot;, Bernard Kaporo Legoti Etel\u00e4-Afrikan ulkoministeri\u00f6st\u00e4 kiittelee. Lausuntoon tuo iro... Continue Reading &rarr;","og_url":"https:\/\/ipsnews.net\/suomi\/2011\/09\/26\/politiikka-brasilia-kouluttaa-afrikan-diplomaatteja\/","og_site_name":"INTER PRESS SERVICE","article_published_time":"2011-09-26T13:40:01+00:00","author":"Fab\u00edola Ortiz","twitter_card":"summary_large_image","twitter_misc":{"Written by":"Fab\u00edola Ortiz","Est. reading time":"1 minute"},"schema":{"@context":"https:\/\/schema.org","@graph":[{"@type":"WebPage","@id":"https:\/\/ipsnews.net\/suomi\/2011\/09\/26\/politiikka-brasilia-kouluttaa-afrikan-diplomaatteja\/","url":"https:\/\/ipsnews.net\/suomi\/2011\/09\/26\/politiikka-brasilia-kouluttaa-afrikan-diplomaatteja\/","name":"POLITIIKKA: Brasilia kouluttaa Afrikan diplomaatteja - INTER PRESS SERVICE","isPartOf":{"@id":"http:\/\/ipsnews.net\/suomi\/#website"},"datePublished":"2011-09-26T13:40:01+00:00","author":{"@id":"http:\/\/ipsnews.net\/suomi\/#\/schema\/person\/fc327732e35887b075a56c6bc8c771e9"},"breadcrumb":{"@id":"https:\/\/ipsnews.net\/suomi\/2011\/09\/26\/politiikka-brasilia-kouluttaa-afrikan-diplomaatteja\/#breadcrumb"},"inLanguage":"en-US","potentialAction":[{"@type":"ReadAction","target":["https:\/\/ipsnews.net\/suomi\/2011\/09\/26\/politiikka-brasilia-kouluttaa-afrikan-diplomaatteja\/"]}]},{"@type":"BreadcrumbList","@id":"https:\/\/ipsnews.net\/suomi\/2011\/09\/26\/politiikka-brasilia-kouluttaa-afrikan-diplomaatteja\/#breadcrumb","itemListElement":[{"@type":"ListItem","position":1,"name":"Home","item":"http:\/\/ipsnews.net\/suomi\/"},{"@type":"ListItem","position":2,"name":"POLITIIKKA: Brasilia kouluttaa Afrikan diplomaatteja"}]},{"@type":"WebSite","@id":"http:\/\/ipsnews.net\/suomi\/#website","url":"http:\/\/ipsnews.net\/suomi\/","name":"INTER PRESS SERVICE","description":"Uutistoimisto","potentialAction":[{"@type":"SearchAction","target":{"@type":"EntryPoint","urlTemplate":"http:\/\/ipsnews.net\/suomi\/?s={search_term_string}"},"query-input":{"@type":"PropertyValueSpecification","valueRequired":true,"valueName":"search_term_string"}}],"inLanguage":"en-US"},{"@type":"Person","@id":"http:\/\/ipsnews.net\/suomi\/#\/schema\/person\/fc327732e35887b075a56c6bc8c771e9","name":"Fab\u00edola Ortiz","image":{"@type":"ImageObject","inLanguage":"en-US","@id":"http:\/\/ipsnews.net\/suomi\/#\/schema\/person\/image\/75ee759212960d9e5fbcc9eb5510bf03","url":"https:\/\/secure.gravatar.com\/avatar\/d5e76e8e67fb56c3e4b296bd3ba0703d210cec27de4671f55fadb010fbc7dcfd?s=96&d=mm&r=g","contentUrl":"https:\/\/secure.gravatar.com\/avatar\/d5e76e8e67fb56c3e4b296bd3ba0703d210cec27de4671f55fadb010fbc7dcfd?s=96&d=mm&r=g","caption":"Fab\u00edola Ortiz"},"sameAs":["http:\/\/ipsinternational.org\/fi\/"],"url":"https:\/\/ipsnews.net\/suomi\/author\/fabiola-ortiz\/"}]}},"_links":{"self":[{"href":"https:\/\/ipsnews.net\/suomi\/wp-json\/wp\/v2\/posts\/7233","targetHints":{"allow":["GET"]}}],"collection":[{"href":"https:\/\/ipsnews.net\/suomi\/wp-json\/wp\/v2\/posts"}],"about":[{"href":"https:\/\/ipsnews.net\/suomi\/wp-json\/wp\/v2\/types\/post"}],"author":[{"embeddable":true,"href":"https:\/\/ipsnews.net\/suomi\/wp-json\/wp\/v2\/users\/1059"}],"replies":[{"embeddable":true,"href":"https:\/\/ipsnews.net\/suomi\/wp-json\/wp\/v2\/comments?post=7233"}],"version-history":[{"count":1,"href":"https:\/\/ipsnews.net\/suomi\/wp-json\/wp\/v2\/posts\/7233\/revisions"}],"predecessor-version":[{"id":7234,"href":"https:\/\/ipsnews.net\/suomi\/wp-json\/wp\/v2\/posts\/7233\/revisions\/7234"}],"wp:attachment":[{"href":"https:\/\/ipsnews.net\/suomi\/wp-json\/wp\/v2\/media?parent=7233"}],"wp:term":[{"taxonomy":"category","embeddable":true,"href":"https:\/\/ipsnews.net\/suomi\/wp-json\/wp\/v2\/categories?post=7233"},{"taxonomy":"post_tag","embeddable":true,"href":"https:\/\/ipsnews.net\/suomi\/wp-json\/wp\/v2\/tags?post=7233"},{"taxonomy":"author","embeddable":true,"href":"https:\/\/ipsnews.net\/suomi\/wp-json\/wp\/v2\/coauthors?post=7233"}],"curies":[{"name":"wp","href":"https:\/\/api.w.org\/{rel}","templated":true}]}}