{"id":15798,"date":"2026-08-31T10:00:29","date_gmt":"2026-08-31T10:00:29","guid":{"rendered":"https:\/\/ipsnews.net\/suomi\/?p=15798"},"modified":"2026-08-31T10:00:31","modified_gmt":"2026-08-31T10:00:31","slug":"ukrainan-elakelaisilla-ei-ole-varaa-jaada-elakkeelle","status":"publish","type":"post","link":"https:\/\/ipsnews.net\/suomi\/2026\/08\/31\/ukrainan-elakelaisilla-ei-ole-varaa-jaada-elakkeelle\/","title":{"rendered":"Ukrainan el\u00e4kel\u00e4isill\u00e4 ei ole varaa j\u00e4\u00e4d\u00e4 el\u00e4kkeelle"},"content":{"rendered":"\n<p class=\"wp-block-paragraph\"><em>Vain kymmenien eurojen kuukausiel\u00e4kkeet ajavat i\u00e4kk\u00e4it\u00e4 ukrainalaisia myym\u00e4\u00e4n kukkia, vihanneksia ja kananmunia kaduilla ja toreilla. Sota on nostanut elinkustannuksia ja syvent\u00e4nyt el\u00e4kel\u00e4isten k\u00f6yhyytt\u00e4.<\/em><\/p>\n\n\n\n<p class=\"wp-block-paragraph\">U\u017dHOROD, Ukraina 31.8.2026 (IPS) 75-vuotias Marina myy krysanteemeja, daalioita ja miekkaliljoja Voloshyna-kadulla U\u017ehorodin keskustassa, 800 kilometri\u00e4 Kiovasta lounaaseen. H\u00e4n kasvattaa kukkia kotinsa pieness\u00e4 puutarhassa.<\/p>\n\n\n\n<p class=\"wp-block-paragraph\">\u201dIhmiset viev\u00e4t niit\u00e4 syntym\u00e4p\u00e4iville, h\u00e4ihin ja hautausmaalle. Hyv\u00e4n\u00e4 p\u00e4iv\u00e4n\u00e4 voin ansaita jopa 500 hryvniaa (noin yhdeks\u00e4n euroa)\u201d, Marina kertoo.<\/p>\n\n\n\n<p class=\"wp-block-paragraph\">L\u00e4nsiukrainalaisen pikkukaupungin l\u00e4mp\u00f6tila on kes\u00e4p\u00e4iv\u00e4n\u00e4 l\u00e4hes 40 astetta. Marina ei koskaan kuvitellut joutuvansa hankkimaan elantoaan s\u00e4iden armoilla, kaikkein v\u00e4hiten t\u00e4ss\u00e4 i\u00e4ss\u00e4.<\/p>\n\n\n\n<p class=\"wp-block-paragraph\">Marinan el\u00e4ke on noin 60 euroa kuukaudessa. H\u00e4nen tytt\u00e4rens\u00e4 auttaa mink\u00e4 voi, etenkin talvella, kun taloa pit\u00e4\u00e4 l\u00e4mmitt\u00e4\u00e4 eik\u00e4 Marinalla ole kukkia myyt\u00e4v\u00e4n\u00e4.<\/p>\n\n\n\n<p class=\"wp-block-paragraph\">Marina on yksi niist\u00e4 sadoistatuhansista ik\u00e4ihmisist\u00e4 eri puolilla Ukrainaa, jotka joutuvat viett\u00e4m\u00e4\u00e4n p\u00e4iv\u00e4ns\u00e4 kaduilla ansaitakseen elantonsa. Useimpien el\u00e4kel\u00e4isten <a href=\"https:\/\/www.pfu.gov.ua\/\">kuukausiel\u00e4ke on vain noin 50\u201386 euroa.\u00a0<\/a><\/p>\n\n\n\n<p class=\"wp-block-paragraph\"><strong>Sota syvent\u00e4\u00e4 el\u00e4kel\u00e4isten ahdinkoa<\/strong><strong><\/strong><\/p>\n\n\n\n<p class=\"wp-block-paragraph\">Ukrainan el\u00e4kkeet olivat elinkustannuksiin n\u00e4hden riitt\u00e4m\u00e4tt\u00f6mi\u00e4 jo ennen Ven\u00e4j\u00e4n hy\u00f6kk\u00e4yssotaa. Sota on heikent\u00e4nyt el\u00e4kel\u00e4isten toimeentuloa entisest\u00e4\u00e4n.<\/p>\n\n\n\n<p class=\"wp-block-paragraph\">Siviileihin kohdistuvat hy\u00f6kk\u00e4ykset jatkuvat, ja talous on kovilla. Korkeat energiakustannukset, hankaloitunut ja riskialtis tavaraliikenne sek\u00e4 polttoaineen hinta ovat nostaneet monien tuotteiden hinnat l\u00e4helle Euroopan unionin tasoa. Ukrainassa kilo riisi\u00e4, litra maitoa tai litra bensiini\u00e4 maksaa l\u00e4hes kaksi euroa.<\/p>\n\n\n\n<p class=\"wp-block-paragraph\"><a href=\"https:\/\/data.unhcr.org\/en\/situations\/ukraine\">3,6 miljoonan maan sis\u00e4isen pakolaisen muutto on nostanut asumisen hintaa erityisesti L\u00e4nsi-Ukrainassa.<\/a>\u00a0Huoneen vuokra U\u017ehorodissa\u00a0 on keskim\u00e4\u00e4rin noin 190\u2013325 euroa kuukaudessa.<\/p>\n\n\n\n<p class=\"wp-block-paragraph\">Ukrainan varat valuvat sotilasmenoihin. <a href=\"https:\/\/www.reuters.com\/business\/finance\/ukraines-parliament-approves-2026-budget-focuses-defence-2025-12-03\/\">Se k\u00e4ytt\u00e4\u00e4 puolustautumiseen Ven\u00e4j\u00e4n hy\u00f6kk\u00e4yst\u00e4 vastaan t\u00e4n\u00e4 vuonna yli 134 miljardia euroa, mik\u00e4 on 60 prosenttia valtion menoista.<\/a><\/p>\n\n\n\n<p class=\"wp-block-paragraph\">Monet ik\u00e4\u00e4ntyneet selvi\u00e4v\u00e4t vain sukulaisten tai hyv\u00e4ntekev\u00e4isyysj\u00e4rjest\u00f6jen avulla.<\/p>\n\n\n\n<p class=\"wp-block-paragraph\">Marina ei odota tilanteen helpottuvan. Kun h\u00e4nelt\u00e4 kysyy, voiko sota p\u00e4\u00e4tty\u00e4 ja el\u00e4m\u00e4 viel\u00e4 parantua, vastaus on yksiselitteinen.<\/p>\n\n\n\n<p class=\"wp-block-paragraph\">\u201dAsiat vain pahenevat.\u201d<\/p>\n\n\n\n<p class=\"wp-block-paragraph\"><strong>Avustusj\u00e4rjest\u00f6jenkin rahat v\u00e4henev\u00e4t<\/strong><strong><\/strong><\/p>\n\n\n\n<p class=\"wp-block-paragraph\">U\u017ehorod sijaitsee vain 20 kilometrin p\u00e4\u00e4ss\u00e4 Unkarin rajasta ja viiden kilometrin p\u00e4\u00e4ss\u00e4 Slovakian rajasta. Kaupungista on tullut yksi Ukrainan humanitaarisen avun solmukohdista. Sadat tuhannet maan sis\u00e4iset pakolaiset ovat kulkeneet sen kautta, samoin rajan yli Ukrainaan tuotava apu. Siksi kaupungissa toimii runsaasti avustusj\u00e4rjest\u00f6j\u00e4.<\/p>\n\n\n\n<p class=\"wp-block-paragraph\">Caritaksen paikalliset vapaaehtoiset kertovat auttavansa ik\u00e4\u00e4ntyneit\u00e4 ruokapaketeilla, vaipoilla ja l\u00e4\u00e4kkeill\u00e4 \u201daina kun rahaa on\u201d. Varoja on kuitenkin k\u00e4ytett\u00e4viss\u00e4 aina vaan v\u00e4hemm\u00e4n.<\/p>\n\n\n\n<p class=\"wp-block-paragraph\">Punaisen Ristin edustajat kertovat auttavansa lis\u00e4ksi j\u00e4rjest\u00e4m\u00e4ll\u00e4 ik\u00e4\u00e4ntyneille ty\u00f6pajoja, retki\u00e4 ja virkistystoimintaa.<\/p>\n\n\n\n<p class=\"wp-block-paragraph\">U\u017ehorodin torilla k\u00e4y nopeasti selv\u00e4ksi, ettei kaikilla ole varaa vapaa-aikaan.<\/p>\n\n\n\n<p class=\"wp-block-paragraph\">Ensi silm\u00e4yksell\u00e4 tori ei juuri poikkea muiden eurooppalaisten kaupunkien toreista. Kojut pursuavat hedelmi\u00e4, vihanneksia, munia, lihaa ja muita peruselintarvikkeita. Asiakkaitakin n\u00e4ytt\u00e4\u00e4 riitt\u00e4v\u00e4n.&nbsp;<\/p>\n\n\n\n<p class=\"wp-block-paragraph\">\u201dPaikalliset k\u00e4yv\u00e4t yh\u00e4 tervehtim\u00e4ss\u00e4, mutta ostavat v\u00e4hemm\u00e4n, koska heill\u00e4 ei ole rahaa. Kiovasta ja muista suurista kaupungeista siirtyneet ihmiset menev\u00e4t mieluummin markettiin, vaikka meid\u00e4n tuotteemme ovat paljon luonnollisempia ja halvempia\u201d, 76-vuotias Oksana sanoo.<\/p>\n\n\n\n<p class=\"wp-block-paragraph\">Alle 86 euron el\u00e4ke ei ole ainoa syy siihen, ett\u00e4 Oksana jatkaa ty\u00f6skentely\u00e4 kojullaan.<\/p>\n\n\n\n<p class=\"wp-block-paragraph\">Kolme h\u00e4nen lapsistaan piileskelee kotikyl\u00e4ss\u00e4\u00e4n v\u00e4ltt\u00e4\u00e4kseen pakkomobilisaation. He auttavat kasvimaalla parhaansa mukaan, mutta talossa on liian monta el\u00e4tett\u00e4v\u00e4\u00e4.<\/p>\n\n\n\n<p class=\"wp-block-paragraph\">Ukrainan puolustusministeri\u00f6n mukaan noin kaksi miljoonaa ukrainalaista piileskelee v\u00e4rv\u00e4\u00e4jilt\u00e4. Monet viett\u00e4v\u00e4t kuukausia poistumatta kodeistaan tai kylist\u00e4\u00e4n, koska pelk\u00e4\u00e4v\u00e4t joutuvansa rintamalle.<\/p>\n\n\n\n<p class=\"wp-block-paragraph\">Oksana kiihtyy asiasta puhuessaan.<\/p>\n\n\n\n<p class=\"wp-block-paragraph\">\u201dEik\u00f6 poliisin ja armeijan pit\u00e4isi suojella meit\u00e4? Poikani eiv\u00e4t edes osaa pit\u00e4\u00e4 asetta k\u00e4dess\u00e4\u00e4n. Miksi heid\u00e4t halutaan vied\u00e4 teuraalle?\u201d<\/p>\n\n\n\n<p class=\"wp-block-paragraph\"><strong>Kuusikymment\u00e4 vuotta t\u00f6it\u00e4, 69 euron el\u00e4ke<\/strong><strong><\/strong><\/p>\n\n\n\n<p class=\"wp-block-paragraph\">U\u017ehorod oli ennen matkailukohde. Nyt matkamuistomyym\u00e4l\u00f6iden, matkatoimistojen ja autovuokraamojen ikkunat ovat tyhji\u00e4 tai peitetty laudoilla.<\/p>\n\n\n\n<p class=\"wp-block-paragraph\">Uutta todellisuutta on vaikea unohtaa edes lehmusten varjostamalla joenrantapromenadilla. P\u00f6yd\u00e4lle on nostettu drooni houkuttelemaan ohikulkijoita lahjoittamaan rahaa sotaan.<\/p>\n\n\n\n<p class=\"wp-block-paragraph\">74-vuotias Elizabeth on myynyt tuotteitaan kadulla jo kauan ennen sodan syttymist\u00e4.<\/p>\n\n\n\n<p class=\"wp-block-paragraph\">T\u00e4m\u00e4n kes\u00e4n \u00e4\u00e4rimm\u00e4inen kuumuus on h\u00e4nelle sadetta raskaampaa. Silti h\u00e4n tulee myym\u00e4\u00e4n tuotteitaan joka p\u00e4iv\u00e4 Velyki Lazyn kyl\u00e4st\u00e4, 15 kilometri\u00e4 U\u017ehorodista kaakkoon.<\/p>\n\n\n\n<p class=\"wp-block-paragraph\">H\u00e4nen miehens\u00e4 auttaa nostamaan omena-, s\u00e4ilyke- ja munakassit linja-autoon. U\u017ehorodin asemalta Elizabeth jatkaa tavaroineen jalan.<\/p>\n\n\n\n<p class=\"wp-block-paragraph\">H\u00e4n ty\u00f6skenteli ensin 30 vuotta kirjanpit\u00e4j\u00e4n\u00e4 ja sen j\u00e4lkeen viel\u00e4 pitk\u00e4\u00e4n maataloudessa. L\u00e4hes kuudenkymmenen ty\u00f6vuoden j\u00e4lkeen h\u00e4nen kuukausiel\u00e4kkeens\u00e4 on noin 69 euroa.<\/p>\n\n\n\n<p class=\"wp-block-paragraph\">Elizabeth ei n\u00e4e sen paremmin sodan loppua kuin p\u00e4iv\u00e4\u00e4, jolloin h\u00e4n voisi lopettaa ty\u00f6nteon. H\u00e4n yritt\u00e4\u00e4 olla ajattelematta asiaa liikaa.<\/p>\n\n\n\n<p class=\"wp-block-paragraph\">\u201dPysyn t\u00e4\u00e4ll\u00e4 niin kauan kuin voimani riitt\u00e4v\u00e4t.\u201d<\/p>\n\n\n\n<p class=\"wp-block-paragraph\">(Inter Press Service)<\/p>\n","protected":false},"excerpt":{"rendered":"<p>Vain kymmenien eurojen kuukausiel\u00e4kkeet ajavat i\u00e4kk\u00e4it\u00e4 ukrainalaisia myym\u00e4\u00e4n kukkia, vihanneksia ja kananmunia kaduilla ja toreilla. Sota on nostanut elinkustannuksia ja syvent\u00e4nyt el\u00e4kel\u00e4isten k\u00f6yhyytt\u00e4. U\u017dHOROD, Ukraina 31.8.2026 (IPS) 75-vuotias Marina myy krysanteemeja, daalioita ja miekkaliljoja Voloshyna-kadulla U\u017ehorodin keskustassa, 800 kilometri\u00e4 Kiovasta&hellip; <a href=\"https:\/\/ipsnews.net\/suomi\/2026\/08\/31\/ukrainan-elakelaisilla-ei-ole-varaa-jaada-elakkeelle\/\" class=\"more-link\">Continue Reading <span class=\"meta-nav\">&rarr;<\/span><\/a><\/p>\n","protected":false},"author":1050,"featured_media":15799,"comment_status":"closed","ping_status":"open","sticky":false,"template":"","format":"standard","meta":{"footnotes":""},"categories":[4,1611,3,21,22],"tags":[],"coauthors":[658],"class_list":["post-15798","post","type-post","status-publish","format-standard","has-post-thumbnail","hentry","category-eurooppa","category-konfliktit","category-talous","category-tyoelama","category-vaesto"],"yoast_head":"<!-- This site is optimized with the Yoast SEO plugin v24.8.1 - https:\/\/yoast.com\/wordpress\/plugins\/seo\/ -->\n<title>Ukrainan el\u00e4kel\u00e4isill\u00e4 ei ole varaa j\u00e4\u00e4d\u00e4 el\u00e4kkeelle - INTER PRESS SERVICE<\/title>\n<meta name=\"robots\" content=\"index, follow, max-snippet:-1, max-image-preview:large, max-video-preview:-1\" \/>\n<link rel=\"canonical\" href=\"http:\/\/ipsnews.net\/suomi\/2026\/08\/31\/ukrainan-elakelaisilla-ei-ole-varaa-jaada-elakkeelle\/\" \/>\n<meta property=\"og:locale\" content=\"en_US\" \/>\n<meta property=\"og:type\" content=\"article\" \/>\n<meta property=\"og:title\" content=\"Ukrainan el\u00e4kel\u00e4isill\u00e4 ei ole varaa j\u00e4\u00e4d\u00e4 el\u00e4kkeelle - INTER PRESS SERVICE\" \/>\n<meta property=\"og:description\" content=\"Vain kymmenien eurojen kuukausiel\u00e4kkeet ajavat i\u00e4kk\u00e4it\u00e4 ukrainalaisia myym\u00e4\u00e4n kukkia, vihanneksia ja kananmunia kaduilla ja toreilla. Sota on nostanut elinkustannuksia ja syvent\u00e4nyt el\u00e4kel\u00e4isten k\u00f6yhyytt\u00e4. U\u017dHOROD, Ukraina 31.8.2026 (IPS) 75-vuotias Marina myy krysanteemeja, daalioita ja miekkaliljoja Voloshyna-kadulla U\u017ehorodin keskustassa, 800 kilometri\u00e4 Kiovasta&hellip; Continue Reading &rarr;\" \/>\n<meta property=\"og:url\" content=\"http:\/\/ipsnews.net\/suomi\/2026\/08\/31\/ukrainan-elakelaisilla-ei-ole-varaa-jaada-elakkeelle\/\" \/>\n<meta property=\"og:site_name\" content=\"INTER PRESS SERVICE\" \/>\n<meta property=\"article:published_time\" content=\"2026-08-31T10:00:29+00:00\" \/>\n<meta property=\"article:modified_time\" content=\"2026-08-31T10:00:31+00:00\" \/>\n<meta property=\"og:image\" content=\"http:\/\/ipsnews.net\/suomi\/wp-content\/uploads\/2026\/08\/55487179403_c4ff254476_c.jpg\" \/>\n\t<meta property=\"og:image:width\" content=\"800\" \/>\n\t<meta property=\"og:image:height\" content=\"600\" \/>\n\t<meta property=\"og:image:type\" content=\"image\/jpeg\" \/>\n<meta name=\"author\" content=\"Karlos Zurutuza\" \/>\n<meta name=\"twitter:card\" content=\"summary_large_image\" \/>\n<meta name=\"twitter:label1\" content=\"Written by\" \/>\n\t<meta name=\"twitter:data1\" content=\"Karlos Zurutuza\" \/>\n\t<meta name=\"twitter:label2\" content=\"Est. reading time\" \/>\n\t<meta name=\"twitter:data2\" content=\"3 minutes\" \/>\n<script type=\"application\/ld+json\" class=\"yoast-schema-graph\">{\"@context\":\"https:\/\/schema.org\",\"@graph\":[{\"@type\":\"WebPage\",\"@id\":\"http:\/\/ipsnews.net\/suomi\/2026\/08\/31\/ukrainan-elakelaisilla-ei-ole-varaa-jaada-elakkeelle\/\",\"url\":\"http:\/\/ipsnews.net\/suomi\/2026\/08\/31\/ukrainan-elakelaisilla-ei-ole-varaa-jaada-elakkeelle\/\",\"name\":\"Ukrainan el\u00e4kel\u00e4isill\u00e4 ei ole varaa j\u00e4\u00e4d\u00e4 el\u00e4kkeelle - INTER PRESS SERVICE\",\"isPartOf\":{\"@id\":\"https:\/\/ipsnews.net\/suomi\/#website\"},\"primaryImageOfPage\":{\"@id\":\"http:\/\/ipsnews.net\/suomi\/2026\/08\/31\/ukrainan-elakelaisilla-ei-ole-varaa-jaada-elakkeelle\/#primaryimage\"},\"image\":{\"@id\":\"http:\/\/ipsnews.net\/suomi\/2026\/08\/31\/ukrainan-elakelaisilla-ei-ole-varaa-jaada-elakkeelle\/#primaryimage\"},\"thumbnailUrl\":\"https:\/\/ipsnews.net\/suomi\/wp-content\/uploads\/2026\/08\/55487179403_c4ff254476_c.jpg\",\"datePublished\":\"2026-08-31T10:00:29+00:00\",\"dateModified\":\"2026-08-31T10:00:31+00:00\",\"author\":{\"@id\":\"https:\/\/ipsnews.net\/suomi\/#\/schema\/person\/afe317945ccb11a9bce07a0b35a516fa\"},\"breadcrumb\":{\"@id\":\"http:\/\/ipsnews.net\/suomi\/2026\/08\/31\/ukrainan-elakelaisilla-ei-ole-varaa-jaada-elakkeelle\/#breadcrumb\"},\"inLanguage\":\"en-US\",\"potentialAction\":[{\"@type\":\"ReadAction\",\"target\":[\"http:\/\/ipsnews.net\/suomi\/2026\/08\/31\/ukrainan-elakelaisilla-ei-ole-varaa-jaada-elakkeelle\/\"]}]},{\"@type\":\"ImageObject\",\"inLanguage\":\"en-US\",\"@id\":\"http:\/\/ipsnews.net\/suomi\/2026\/08\/31\/ukrainan-elakelaisilla-ei-ole-varaa-jaada-elakkeelle\/#primaryimage\",\"url\":\"https:\/\/ipsnews.net\/suomi\/wp-content\/uploads\/2026\/08\/55487179403_c4ff254476_c.jpg\",\"contentUrl\":\"https:\/\/ipsnews.net\/suomi\/wp-content\/uploads\/2026\/08\/55487179403_c4ff254476_c.jpg\",\"width\":800,\"height\":600,\"caption\":\"Marina myyntikojullaan U\u017ehorodin keskustassa. H\u00e4nen noin 60 euron kuukausiel\u00e4kkeens\u00e4 pakottaa h\u00e4net myym\u00e4\u00e4n kukkia kadulla selviyty\u00e4kseen. Kuva: Karlos Zurutuza\/IPS\"},{\"@type\":\"BreadcrumbList\",\"@id\":\"http:\/\/ipsnews.net\/suomi\/2026\/08\/31\/ukrainan-elakelaisilla-ei-ole-varaa-jaada-elakkeelle\/#breadcrumb\",\"itemListElement\":[{\"@type\":\"ListItem\",\"position\":1,\"name\":\"Home\",\"item\":\"https:\/\/ipsnews.net\/suomi\/\"},{\"@type\":\"ListItem\",\"position\":2,\"name\":\"Ukrainan el\u00e4kel\u00e4isill\u00e4 ei ole varaa j\u00e4\u00e4d\u00e4 el\u00e4kkeelle\"}]},{\"@type\":\"WebSite\",\"@id\":\"https:\/\/ipsnews.net\/suomi\/#website\",\"url\":\"https:\/\/ipsnews.net\/suomi\/\",\"name\":\"INTER PRESS SERVICE\",\"description\":\"Uutistoimisto\",\"potentialAction\":[{\"@type\":\"SearchAction\",\"target\":{\"@type\":\"EntryPoint\",\"urlTemplate\":\"https:\/\/ipsnews.net\/suomi\/?s={search_term_string}\"},\"query-input\":{\"@type\":\"PropertyValueSpecification\",\"valueRequired\":true,\"valueName\":\"search_term_string\"}}],\"inLanguage\":\"en-US\"},{\"@type\":\"Person\",\"@id\":\"https:\/\/ipsnews.net\/suomi\/#\/schema\/person\/afe317945ccb11a9bce07a0b35a516fa\",\"name\":\"Karlos Zurutuza\",\"image\":{\"@type\":\"ImageObject\",\"inLanguage\":\"en-US\",\"@id\":\"https:\/\/ipsnews.net\/suomi\/#\/schema\/person\/image\/b348c4b106e99c42f48788ddbdc6beef\",\"url\":\"https:\/\/secure.gravatar.com\/avatar\/4074913f7eb02fd0d95020f8cbb49530260f566fc3b4fd9a6a3183d17e5c21f1?s=96&d=mm&r=g\",\"contentUrl\":\"https:\/\/secure.gravatar.com\/avatar\/4074913f7eb02fd0d95020f8cbb49530260f566fc3b4fd9a6a3183d17e5c21f1?s=96&d=mm&r=g\",\"caption\":\"Karlos Zurutuza\"},\"sameAs\":[\"http:\/\/ipsinternational.org\/fi\/\"],\"url\":\"https:\/\/ipsnews.net\/suomi\/author\/karlos-zurutuza\/\"}]}<\/script>\n<!-- \/ Yoast SEO plugin. -->","yoast_head_json":{"title":"Ukrainan el\u00e4kel\u00e4isill\u00e4 ei ole varaa j\u00e4\u00e4d\u00e4 el\u00e4kkeelle - INTER PRESS SERVICE","robots":{"index":"index","follow":"follow","max-snippet":"max-snippet:-1","max-image-preview":"max-image-preview:large","max-video-preview":"max-video-preview:-1"},"canonical":"http:\/\/ipsnews.net\/suomi\/2026\/08\/31\/ukrainan-elakelaisilla-ei-ole-varaa-jaada-elakkeelle\/","og_locale":"en_US","og_type":"article","og_title":"Ukrainan el\u00e4kel\u00e4isill\u00e4 ei ole varaa j\u00e4\u00e4d\u00e4 el\u00e4kkeelle - INTER PRESS SERVICE","og_description":"Vain kymmenien eurojen kuukausiel\u00e4kkeet ajavat i\u00e4kk\u00e4it\u00e4 ukrainalaisia myym\u00e4\u00e4n kukkia, vihanneksia ja kananmunia kaduilla ja toreilla. Sota on nostanut elinkustannuksia ja syvent\u00e4nyt el\u00e4kel\u00e4isten k\u00f6yhyytt\u00e4. U\u017dHOROD, Ukraina 31.8.2026 (IPS) 75-vuotias Marina myy krysanteemeja, daalioita ja miekkaliljoja Voloshyna-kadulla U\u017ehorodin keskustassa, 800 kilometri\u00e4 Kiovasta&hellip; Continue Reading &rarr;","og_url":"http:\/\/ipsnews.net\/suomi\/2026\/08\/31\/ukrainan-elakelaisilla-ei-ole-varaa-jaada-elakkeelle\/","og_site_name":"INTER PRESS SERVICE","article_published_time":"2026-08-31T10:00:29+00:00","article_modified_time":"2026-08-31T10:00:31+00:00","og_image":[{"width":800,"height":600,"url":"http:\/\/ipsnews.net\/suomi\/wp-content\/uploads\/2026\/08\/55487179403_c4ff254476_c.jpg","type":"image\/jpeg"}],"author":"Karlos Zurutuza","twitter_card":"summary_large_image","twitter_misc":{"Written by":"Karlos Zurutuza","Est. reading time":"3 minutes"},"schema":{"@context":"https:\/\/schema.org","@graph":[{"@type":"WebPage","@id":"http:\/\/ipsnews.net\/suomi\/2026\/08\/31\/ukrainan-elakelaisilla-ei-ole-varaa-jaada-elakkeelle\/","url":"http:\/\/ipsnews.net\/suomi\/2026\/08\/31\/ukrainan-elakelaisilla-ei-ole-varaa-jaada-elakkeelle\/","name":"Ukrainan el\u00e4kel\u00e4isill\u00e4 ei ole varaa j\u00e4\u00e4d\u00e4 el\u00e4kkeelle - INTER PRESS SERVICE","isPartOf":{"@id":"https:\/\/ipsnews.net\/suomi\/#website"},"primaryImageOfPage":{"@id":"http:\/\/ipsnews.net\/suomi\/2026\/08\/31\/ukrainan-elakelaisilla-ei-ole-varaa-jaada-elakkeelle\/#primaryimage"},"image":{"@id":"http:\/\/ipsnews.net\/suomi\/2026\/08\/31\/ukrainan-elakelaisilla-ei-ole-varaa-jaada-elakkeelle\/#primaryimage"},"thumbnailUrl":"https:\/\/ipsnews.net\/suomi\/wp-content\/uploads\/2026\/08\/55487179403_c4ff254476_c.jpg","datePublished":"2026-08-31T10:00:29+00:00","dateModified":"2026-08-31T10:00:31+00:00","author":{"@id":"https:\/\/ipsnews.net\/suomi\/#\/schema\/person\/afe317945ccb11a9bce07a0b35a516fa"},"breadcrumb":{"@id":"http:\/\/ipsnews.net\/suomi\/2026\/08\/31\/ukrainan-elakelaisilla-ei-ole-varaa-jaada-elakkeelle\/#breadcrumb"},"inLanguage":"en-US","potentialAction":[{"@type":"ReadAction","target":["http:\/\/ipsnews.net\/suomi\/2026\/08\/31\/ukrainan-elakelaisilla-ei-ole-varaa-jaada-elakkeelle\/"]}]},{"@type":"ImageObject","inLanguage":"en-US","@id":"http:\/\/ipsnews.net\/suomi\/2026\/08\/31\/ukrainan-elakelaisilla-ei-ole-varaa-jaada-elakkeelle\/#primaryimage","url":"https:\/\/ipsnews.net\/suomi\/wp-content\/uploads\/2026\/08\/55487179403_c4ff254476_c.jpg","contentUrl":"https:\/\/ipsnews.net\/suomi\/wp-content\/uploads\/2026\/08\/55487179403_c4ff254476_c.jpg","width":800,"height":600,"caption":"Marina myyntikojullaan U\u017ehorodin keskustassa. H\u00e4nen noin 60 euron kuukausiel\u00e4kkeens\u00e4 pakottaa h\u00e4net myym\u00e4\u00e4n kukkia kadulla selviyty\u00e4kseen. Kuva: Karlos Zurutuza\/IPS"},{"@type":"BreadcrumbList","@id":"http:\/\/ipsnews.net\/suomi\/2026\/08\/31\/ukrainan-elakelaisilla-ei-ole-varaa-jaada-elakkeelle\/#breadcrumb","itemListElement":[{"@type":"ListItem","position":1,"name":"Home","item":"https:\/\/ipsnews.net\/suomi\/"},{"@type":"ListItem","position":2,"name":"Ukrainan el\u00e4kel\u00e4isill\u00e4 ei ole varaa j\u00e4\u00e4d\u00e4 el\u00e4kkeelle"}]},{"@type":"WebSite","@id":"https:\/\/ipsnews.net\/suomi\/#website","url":"https:\/\/ipsnews.net\/suomi\/","name":"INTER PRESS SERVICE","description":"Uutistoimisto","potentialAction":[{"@type":"SearchAction","target":{"@type":"EntryPoint","urlTemplate":"https:\/\/ipsnews.net\/suomi\/?s={search_term_string}"},"query-input":{"@type":"PropertyValueSpecification","valueRequired":true,"valueName":"search_term_string"}}],"inLanguage":"en-US"},{"@type":"Person","@id":"https:\/\/ipsnews.net\/suomi\/#\/schema\/person\/afe317945ccb11a9bce07a0b35a516fa","name":"Karlos Zurutuza","image":{"@type":"ImageObject","inLanguage":"en-US","@id":"https:\/\/ipsnews.net\/suomi\/#\/schema\/person\/image\/b348c4b106e99c42f48788ddbdc6beef","url":"https:\/\/secure.gravatar.com\/avatar\/4074913f7eb02fd0d95020f8cbb49530260f566fc3b4fd9a6a3183d17e5c21f1?s=96&d=mm&r=g","contentUrl":"https:\/\/secure.gravatar.com\/avatar\/4074913f7eb02fd0d95020f8cbb49530260f566fc3b4fd9a6a3183d17e5c21f1?s=96&d=mm&r=g","caption":"Karlos Zurutuza"},"sameAs":["http:\/\/ipsinternational.org\/fi\/"],"url":"https:\/\/ipsnews.net\/suomi\/author\/karlos-zurutuza\/"}]}},"_links":{"self":[{"href":"https:\/\/ipsnews.net\/suomi\/wp-json\/wp\/v2\/posts\/15798","targetHints":{"allow":["GET"]}}],"collection":[{"href":"https:\/\/ipsnews.net\/suomi\/wp-json\/wp\/v2\/posts"}],"about":[{"href":"https:\/\/ipsnews.net\/suomi\/wp-json\/wp\/v2\/types\/post"}],"author":[{"embeddable":true,"href":"https:\/\/ipsnews.net\/suomi\/wp-json\/wp\/v2\/users\/1050"}],"replies":[{"embeddable":true,"href":"https:\/\/ipsnews.net\/suomi\/wp-json\/wp\/v2\/comments?post=15798"}],"version-history":[{"count":1,"href":"https:\/\/ipsnews.net\/suomi\/wp-json\/wp\/v2\/posts\/15798\/revisions"}],"predecessor-version":[{"id":15800,"href":"https:\/\/ipsnews.net\/suomi\/wp-json\/wp\/v2\/posts\/15798\/revisions\/15800"}],"wp:featuredmedia":[{"embeddable":true,"href":"https:\/\/ipsnews.net\/suomi\/wp-json\/wp\/v2\/media\/15799"}],"wp:attachment":[{"href":"https:\/\/ipsnews.net\/suomi\/wp-json\/wp\/v2\/media?parent=15798"}],"wp:term":[{"taxonomy":"category","embeddable":true,"href":"https:\/\/ipsnews.net\/suomi\/wp-json\/wp\/v2\/categories?post=15798"},{"taxonomy":"post_tag","embeddable":true,"href":"https:\/\/ipsnews.net\/suomi\/wp-json\/wp\/v2\/tags?post=15798"},{"taxonomy":"author","embeddable":true,"href":"https:\/\/ipsnews.net\/suomi\/wp-json\/wp\/v2\/coauthors?post=15798"}],"curies":[{"name":"wp","href":"https:\/\/api.w.org\/{rel}","templated":true}]}}