{"id":15787,"date":"2026-08-24T06:48:04","date_gmt":"2026-08-24T06:48:04","guid":{"rendered":"https:\/\/ipsnews.net\/suomi\/?p=15787"},"modified":"2026-08-24T06:48:05","modified_gmt":"2026-08-24T06:48:05","slug":"syyrialaisnaiset-karsivat-synnytysvakivallasta","status":"publish","type":"post","link":"https:\/\/ipsnews.net\/suomi\/2026\/08\/24\/syyrialaisnaiset-karsivat-synnytysvakivallasta\/","title":{"rendered":"Syyrialaisnaiset k\u00e4rsiv\u00e4t synnytysv\u00e4kivallasta"},"content":{"rendered":"\n<p class=\"wp-block-paragraph\"><em>Syyrialaisnaiset kertovat n\u00f6yryytyksest\u00e4, v\u00e4kivallasta ja ilman suostumusta tehdyist\u00e4 l\u00e4\u00e4ketieteellisist\u00e4 toimenpiteist\u00e4 synnytyksen yhteydess\u00e4. Synnytys j\u00e4tt\u00e4\u00e4 heille sek\u00e4 fyysisi\u00e4 ett\u00e4 psyykkisi\u00e4 vammoja.<\/em><\/p>\n\n\n\n<p class=\"wp-block-paragraph\">ALEPPO, Syyria 24.8.2026 (IPS) Aleppolaisessa julkisessa sairaalassa synnytt\u00e4nyt 30-vuotias Nour Al-Badawi kuvailee viimeisint\u00e4 synnytyst\u00e4\u00e4n el\u00e4m\u00e4ns\u00e4 raskaimmaksi kokemukseksi.<\/p>\n\n\n\n<p class=\"wp-block-paragraph\">\u201dK\u00f6yhyys pakottaa meid\u00e4t synnytt\u00e4m\u00e4\u00e4n julkisissa sairaaloissa ja siet\u00e4m\u00e4\u00e4n siell\u00e4 tapahtuvaa huonoa kohtelua. Synnytyksen aikana kokemani v\u00e4kivallan ja kaltoinkohtelun vuoksi en halua uutta raskautta\u201d, h\u00e4n sanoo.<\/p>\n\n\n\n<p class=\"wp-block-paragraph\">Synnytyksen aikana Nourin vatsaa painettiin voimakkaasti, ja synnytyskanavaa laajentava toimenpide tehtiin virheellisesti. H\u00e4nen kohtunsa vaurioitui, mink\u00e4 vuoksi h\u00e4nelle jouduttiin tekem\u00e4\u00e4n kaksi vaativaa leikkausta.<\/p>\n\n\n\n<p class=\"wp-block-paragraph\">Kokemus sai Nourin masentumaan ja erist\u00e4ytym\u00e4\u00e4n. Hoitokulujen kattamiseksi h\u00e4n joutui myym\u00e4\u00e4n omaisuuttaan sek\u00e4 ottamaan velkaa, ja perhe ajautui taloudellisiin vaikeuksiin.<\/p>\n\n\n\n<p class=\"wp-block-paragraph\">Nourin aviomies ei halua kommentoida asiaa enemp\u00e4\u00e4, mutta kertoo, ettei aio tehd\u00e4 valitusta eik\u00e4 nostaa kannetta synnytyksest\u00e4 vastannutta terveyskeskusta vastaan, koska pelk\u00e4\u00e4 vaikeuksia. Sen sijaan h\u00e4n keskittyy vaimonsa hoitamiseen ja hoitokulujen maksamiseen.<\/p>\n\n\n\n<p class=\"wp-block-paragraph\"><strong>Synnytysv\u00e4kivalta<\/strong><\/p>\n\n\n\n<p class=\"wp-block-paragraph\">Synnytysv\u00e4kivallalla tarkoitetaan terveydenhuollon henkil\u00f6kunnan harjoittamaa fyysist\u00e4, sanallista tai psyykkist\u00e4 kaltoinkohtelua, sek\u00e4 l\u00e4\u00e4ketieteellisi\u00e4 toimenpiteit\u00e4, jotka tehd\u00e4\u00e4n ilman synnytt\u00e4j\u00e4n tietoon perustuvaa suostumusta, sek\u00e4 ihmisarvon ja yksityisyyden loukkaamista terveydenhuollossa.<\/p>\n\n\n\n<p class=\"wp-block-paragraph\">Synnytysv\u00e4kivalta kattaa my\u00f6s laiminly\u00f6nnit, n\u00f6yryytt\u00e4v\u00e4n kohtelun, yksityisyyden loukkaukset ja kaikki sellaiset toimenpiteet, joita tehd\u00e4\u00e4n ilman, ett\u00e4 nainen ymm\u00e4rt\u00e4\u00e4, mit\u00e4 h\u00e4nelle ollaan tekem\u00e4ss\u00e4 ja miksi.<\/p>\n\n\n\n<p class=\"wp-block-paragraph\">Nourin kertoman perusteella h\u00e4n joutui fyysisen synnytysv\u00e4kivallan uhriksi.<\/p>\n\n\n\n<p class=\"wp-block-paragraph\">Haman kaupungista kotoisin oleva 26-vuotias Farida Al-Hassoun k\u00e4rsi sek\u00e4 fyysisest\u00e4 ett\u00e4 psyykkisest\u00e4 v\u00e4kiv\u00e4llasta. H\u00e4n muistaa ensimm\u00e4isen lapsensa syntym\u00e4n yhten\u00e4 el\u00e4m\u00e4ns\u00e4 vaikeimmista p\u00e4ivist\u00e4.<\/p>\n\n\n\n<p class=\"wp-block-paragraph\">\u201dHuusin kivusta, mutta sairaanhoitaja k\u00e4ski minun olla hiljaa ja sanoi, ett\u00e4 liioittelin. Kukaan ei kertonut, mit\u00e4 minulle aiottiin tehd\u00e4. Synnytyksess\u00e4 syntynyt haava ommeltiin ilman puudutusta ja tunsin sanoinkuvaamatonta kipua. Se oli j\u00e4rkytt\u00e4v\u00e4\u00e4\u201d, Al-Hassoun kertoo.<\/p>\n\n\n\n<p class=\"wp-block-paragraph\">H\u00e4nen pelkonsa kasvoi entisest\u00e4\u00e4n, kun h\u00e4nen kysymyksiins\u00e4 ei vastattu eik\u00e4 h\u00e4n saanut synnytyksen aikana mink\u00e4\u00e4nlaista henkist\u00e4 tukea. Kuukausien ajan pelkk\u00e4 synnytyssalin muistaminen aiheutti voimakasta ahdistusta.<\/p>\n\n\n\n<p class=\"wp-block-paragraph\">\u201dVoiko syyrialainen nainen synnytt\u00e4\u00e4 arvokkaasti, vai j\u00e4\u00e4k\u00f6 synnytyssaleissa koettu v\u00e4kivalta hiljaiseksi kokemukseksi, johon kukaan ei puutu\u201d, h\u00e4n kysyy.<\/p>\n\n\n\n<p class=\"wp-block-paragraph\"><strong>Sota on ajanut terveydenhuollon kriisiin<\/strong><\/p>\n\n\n\n<p class=\"wp-block-paragraph\">Synnytys- ja naistentautien erikoisl\u00e4\u00e4k\u00e4ri Ola Al-Omar sanoo, ett\u00e4 vuosia jatkunut sota ja talouden romahdus ovat ajaneet Syyrian terveydenhuollon \u00e4\u00e4rirajoille.<\/p>\n\n\n\n<p class=\"wp-block-paragraph\">\u201dSota ja talouden romahtaminen ovat lis\u00e4nneet terveydenhuoltoj\u00e4rjestelm\u00e4n kuormitusta, mik\u00e4 on heikent\u00e4nyt palvelujen laatua. L\u00e4\u00e4kint\u00e4henkil\u00f6st\u00f6n puute, sairaaloiden ylikuormitus ja resurssien v\u00e4heneminen ovat kaikki luoneet ymp\u00e4rist\u00f6n, jossa naiset altistuvat huonolle kohtelulle raskauden ja synnytyksen aikana.\u201d<\/p>\n\n\n\n<p class=\"wp-block-paragraph\">Al-Omarin mukaan synnytysv\u00e4kivalta ilmenee monin tavoin.<\/p>\n\n\n\n<p class=\"wp-block-paragraph\">L\u00e4\u00e4ketieteellisi\u00e4 toimenpiteit\u00e4 tehd\u00e4\u00e4n ilman, ett\u00e4 potilaalle kerrotaan niist\u00e4 tai pyydet\u00e4\u00e4n h\u00e4nen tietoon perustuva suostumuksensa. Synnytt\u00e4ji\u00e4 puhutellaan n\u00f6yryytt\u00e4v\u00e4sti, heit\u00e4 syyllistet\u00e4\u00e4n synnytyskipujen aikana huutamisesta, heid\u00e4n yksityisyytt\u00e4\u00e4n ei kunnioiteta synnytyssaleissa, heille ei anneta riitt\u00e4v\u00e4sti tietoa terveydentilastaan, heid\u00e4n kipunsa sivuutetaan tai heid\u00e4n tarvitsemaansa hoitoa viivytet\u00e4\u00e4n.<\/p>\n\n\n\n<p class=\"wp-block-paragraph\">Al-Omar korostaa, ett\u00e4 jokaisella naisella on oikeus kunnioittavaan synnytyshoitoon.<\/p>\n\n\n\n<p class=\"wp-block-paragraph\">\u201dSiihen kuuluu ihmisarvon ja yksityisyyden kunnioittaminen, tietoon perustuva suostumus ennen kaikkia l\u00e4\u00e4ketieteellisiss\u00e4 toimenpiteiss\u00e4, riitt\u00e4vien tietojen saaminen omaa hoitoa koskevien p\u00e4\u00e4t\u00f6sten tekemiseksi sek\u00e4 suoja n\u00f6yryytt\u00e4miselt\u00e4, syrjinn\u00e4lt\u00e4 ja laiminly\u00f6nnilt\u00e4.\u201d<\/p>\n\n\n\n<p class=\"wp-block-paragraph\"><strong>Hiljaisuus suojaa tekij\u00f6it\u00e4<\/strong><\/p>\n\n\n\n<p class=\"wp-block-paragraph\">Pohjois-Syyrian Idlibist\u00e4 kotoisin oleva sosiaali- ja psykososiaalinen neuvonantaja Sereen Al-Sheikh kertoo tavanneensa lukuisia naisia, joiden synnytys k\u00e4ynnistettiin l\u00e4\u00e4kkeellisesti synnytyksen nopeuttamiseksi, vaikka kohdunsuu oli jo avautunut.<\/p>\n\n\n\n<p class=\"wp-block-paragraph\">\u201dLis\u00e4ksi heille tehtiin toistuvia sis\u00e4tutkimuksia, jotka aiheuttivat vakavaa ahdistusta ja traumatisoivat heit\u00e4. Naiset eiv\u00e4t my\u00f6sk\u00e4\u00e4n saaneet tukihenkil\u00f6\u00e4 mukaan synnytykseen, ja joskus heid\u00e4n liikkumistaan rajoitetaan.\u201d<\/p>\n\n\n\n<p class=\"wp-block-paragraph\">Al-Sheikhin mukaan t\u00e4llaisilla k\u00e4yt\u00e4nn\u00f6ill\u00e4 on pitk\u00e4aikaisia seurauksia, kuten pelko tulla uudelleen raskaaksi, synnytyksen j\u00e4lkeiset mielenterveyden h\u00e4iri\u00f6t ja luottamuksen menett\u00e4minen terveydenhuoltoj\u00e4rjestelm\u00e4\u00e4n.<\/p>\n\n\n\n<p class=\"wp-block-paragraph\">\u201dUseimmat naiset vaikenevat kokemuksistaan, koska he pelk\u00e4\u00e4v\u00e4t yhteis\u00f6n leimaa. Lis\u00e4ksi v\u00e4\u00e4rink\u00e4yt\u00f6sten todistaminen on vaikeaa. V\u00e4kivalta tapahtuu usein ilman todisteita tai silminn\u00e4kij\u00f6it\u00e4, mink\u00e4 vuoksi ne j\u00e4\u00e4v\u00e4t pimentoon.\u201d<\/p>\n\n\n\n<p class=\"wp-block-paragraph\">(Inter Press Service)<\/p>\n","protected":false},"excerpt":{"rendered":"<p>Syyrialaisnaiset kertovat n\u00f6yryytyksest\u00e4, v\u00e4kivallasta ja ilman suostumusta tehdyist\u00e4 l\u00e4\u00e4ketieteellisist\u00e4 toimenpiteist\u00e4 synnytyksen yhteydess\u00e4. Synnytys j\u00e4tt\u00e4\u00e4 heille sek\u00e4 fyysisi\u00e4 ett\u00e4 psyykkisi\u00e4 vammoja. ALEPPO, Syyria 24.8.2026 (IPS) Aleppolaisessa julkisessa sairaalassa synnytt\u00e4nyt 30-vuotias Nour Al-Badawi kuvailee viimeisint\u00e4 synnytyst\u00e4\u00e4n el\u00e4m\u00e4ns\u00e4 raskaimmaksi kokemukseksi. \u201dK\u00f6yhyys pakottaa meid\u00e4t&hellip; <a href=\"https:\/\/ipsnews.net\/suomi\/2026\/08\/24\/syyrialaisnaiset-karsivat-synnytysvakivallasta\/\" class=\"more-link\">Continue Reading <span class=\"meta-nav\">&rarr;<\/span><\/a><\/p>\n","protected":false},"author":1590,"featured_media":15788,"comment_status":"closed","ping_status":"open","sticky":false,"template":"","format":"standard","meta":{"footnotes":""},"categories":[11,24,1669],"tags":[],"coauthors":[1631],"class_list":["post-15787","post","type-post","status-publish","format-standard","has-post-thumbnail","hentry","category-ihmisoikeudet","category-lahi-ita","category-naisten-oikeudet"],"yoast_head":"<!-- This site is optimized with the Yoast SEO plugin v24.8.1 - https:\/\/yoast.com\/wordpress\/plugins\/seo\/ -->\n<title>Syyrialaisnaiset k\u00e4rsiv\u00e4t synnytysv\u00e4kivallasta - INTER PRESS SERVICE<\/title>\n<meta name=\"robots\" content=\"index, follow, max-snippet:-1, max-image-preview:large, max-video-preview:-1\" \/>\n<link rel=\"canonical\" href=\"https:\/\/ipsnews.net\/suomi\/2026\/08\/24\/syyrialaisnaiset-karsivat-synnytysvakivallasta\/\" \/>\n<meta property=\"og:locale\" content=\"en_US\" \/>\n<meta property=\"og:type\" content=\"article\" \/>\n<meta property=\"og:title\" content=\"Syyrialaisnaiset k\u00e4rsiv\u00e4t synnytysv\u00e4kivallasta - INTER PRESS SERVICE\" \/>\n<meta property=\"og:description\" content=\"Syyrialaisnaiset kertovat n\u00f6yryytyksest\u00e4, v\u00e4kivallasta ja ilman suostumusta tehdyist\u00e4 l\u00e4\u00e4ketieteellisist\u00e4 toimenpiteist\u00e4 synnytyksen yhteydess\u00e4. Synnytys j\u00e4tt\u00e4\u00e4 heille sek\u00e4 fyysisi\u00e4 ett\u00e4 psyykkisi\u00e4 vammoja. ALEPPO, Syyria 24.8.2026 (IPS) Aleppolaisessa julkisessa sairaalassa synnytt\u00e4nyt 30-vuotias Nour Al-Badawi kuvailee viimeisint\u00e4 synnytyst\u00e4\u00e4n el\u00e4m\u00e4ns\u00e4 raskaimmaksi kokemukseksi. \u201dK\u00f6yhyys pakottaa meid\u00e4t&hellip; Continue Reading &rarr;\" \/>\n<meta property=\"og:url\" content=\"https:\/\/ipsnews.net\/suomi\/2026\/08\/24\/syyrialaisnaiset-karsivat-synnytysvakivallasta\/\" \/>\n<meta property=\"og:site_name\" content=\"INTER PRESS SERVICE\" \/>\n<meta property=\"article:published_time\" content=\"2026-08-24T06:48:04+00:00\" \/>\n<meta property=\"article:modified_time\" content=\"2026-08-24T06:48:05+00:00\" \/>\n<meta property=\"og:image\" content=\"https:\/\/ipsnews.net\/suomi\/wp-content\/uploads\/2026\/08\/55457593374_c64c7beb23_c.jpg\" \/>\n\t<meta property=\"og:image:width\" content=\"799\" \/>\n\t<meta property=\"og:image:height\" content=\"533\" \/>\n\t<meta property=\"og:image:type\" content=\"image\/jpeg\" \/>\n<meta name=\"author\" content=\"Sonia Al-Ali\" \/>\n<meta name=\"twitter:card\" content=\"summary_large_image\" \/>\n<meta name=\"twitter:label1\" content=\"Written by\" \/>\n\t<meta name=\"twitter:data1\" content=\"Sonia Al-Ali\" \/>\n\t<meta name=\"twitter:label2\" content=\"Est. reading time\" \/>\n\t<meta name=\"twitter:data2\" content=\"3 minutes\" \/>\n<script type=\"application\/ld+json\" class=\"yoast-schema-graph\">{\"@context\":\"https:\/\/schema.org\",\"@graph\":[{\"@type\":\"WebPage\",\"@id\":\"https:\/\/ipsnews.net\/suomi\/2026\/08\/24\/syyrialaisnaiset-karsivat-synnytysvakivallasta\/\",\"url\":\"https:\/\/ipsnews.net\/suomi\/2026\/08\/24\/syyrialaisnaiset-karsivat-synnytysvakivallasta\/\",\"name\":\"Syyrialaisnaiset k\u00e4rsiv\u00e4t synnytysv\u00e4kivallasta - INTER PRESS SERVICE\",\"isPartOf\":{\"@id\":\"https:\/\/ipsnews.net\/suomi\/#website\"},\"primaryImageOfPage\":{\"@id\":\"https:\/\/ipsnews.net\/suomi\/2026\/08\/24\/syyrialaisnaiset-karsivat-synnytysvakivallasta\/#primaryimage\"},\"image\":{\"@id\":\"https:\/\/ipsnews.net\/suomi\/2026\/08\/24\/syyrialaisnaiset-karsivat-synnytysvakivallasta\/#primaryimage\"},\"thumbnailUrl\":\"https:\/\/ipsnews.net\/suomi\/wp-content\/uploads\/2026\/08\/55457593374_c64c7beb23_c.jpg\",\"datePublished\":\"2026-08-24T06:48:04+00:00\",\"dateModified\":\"2026-08-24T06:48:05+00:00\",\"author\":{\"@id\":\"https:\/\/ipsnews.net\/suomi\/#\/schema\/person\/ac0c6b08da0942d4a9c23b1aa0a15dbd\"},\"breadcrumb\":{\"@id\":\"https:\/\/ipsnews.net\/suomi\/2026\/08\/24\/syyrialaisnaiset-karsivat-synnytysvakivallasta\/#breadcrumb\"},\"inLanguage\":\"en-US\",\"potentialAction\":[{\"@type\":\"ReadAction\",\"target\":[\"https:\/\/ipsnews.net\/suomi\/2026\/08\/24\/syyrialaisnaiset-karsivat-synnytysvakivallasta\/\"]}]},{\"@type\":\"ImageObject\",\"inLanguage\":\"en-US\",\"@id\":\"https:\/\/ipsnews.net\/suomi\/2026\/08\/24\/syyrialaisnaiset-karsivat-synnytysvakivallasta\/#primaryimage\",\"url\":\"https:\/\/ipsnews.net\/suomi\/wp-content\/uploads\/2026\/08\/55457593374_c64c7beb23_c.jpg\",\"contentUrl\":\"https:\/\/ipsnews.net\/suomi\/wp-content\/uploads\/2026\/08\/55457593374_c64c7beb23_c.jpg\",\"width\":799,\"height\":533,\"caption\":\"Syyrialaiset naiset kertovat joutuneensa synnytyksen aikana kaltoinkohdelluiksi julkisissa sairaaloissa. Kokemuksiin kuului n\u00f6yryytt\u00e4v\u00e4\u00e4 kohtelua, l\u00e4\u00e4ketieteellisi\u00e4 toimenpiteit\u00e4 ilman suostumusta ja vakavia fyysisi\u00e4 sek\u00e4 psyykkisi\u00e4 seurauksia. Kuva: Sonia Al-Ali\/IPS\"},{\"@type\":\"BreadcrumbList\",\"@id\":\"https:\/\/ipsnews.net\/suomi\/2026\/08\/24\/syyrialaisnaiset-karsivat-synnytysvakivallasta\/#breadcrumb\",\"itemListElement\":[{\"@type\":\"ListItem\",\"position\":1,\"name\":\"Home\",\"item\":\"https:\/\/ipsnews.net\/suomi\/\"},{\"@type\":\"ListItem\",\"position\":2,\"name\":\"Syyrialaisnaiset k\u00e4rsiv\u00e4t synnytysv\u00e4kivallasta\"}]},{\"@type\":\"WebSite\",\"@id\":\"https:\/\/ipsnews.net\/suomi\/#website\",\"url\":\"https:\/\/ipsnews.net\/suomi\/\",\"name\":\"INTER PRESS SERVICE\",\"description\":\"Uutistoimisto\",\"potentialAction\":[{\"@type\":\"SearchAction\",\"target\":{\"@type\":\"EntryPoint\",\"urlTemplate\":\"https:\/\/ipsnews.net\/suomi\/?s={search_term_string}\"},\"query-input\":{\"@type\":\"PropertyValueSpecification\",\"valueRequired\":true,\"valueName\":\"search_term_string\"}}],\"inLanguage\":\"en-US\"},{\"@type\":\"Person\",\"@id\":\"https:\/\/ipsnews.net\/suomi\/#\/schema\/person\/ac0c6b08da0942d4a9c23b1aa0a15dbd\",\"name\":\"Sonia Al-Ali\",\"image\":{\"@type\":\"ImageObject\",\"inLanguage\":\"en-US\",\"@id\":\"https:\/\/ipsnews.net\/suomi\/#\/schema\/person\/image\/e1def5c08f1f59d0e0ba311641b0c5e1\",\"url\":\"https:\/\/secure.gravatar.com\/avatar\/c7fdaa6fb3b03b6587c983b836db3f993f37b2983258cd3ca208570c6f8bb1aa?s=96&d=mm&r=g\",\"contentUrl\":\"https:\/\/secure.gravatar.com\/avatar\/c7fdaa6fb3b03b6587c983b836db3f993f37b2983258cd3ca208570c6f8bb1aa?s=96&d=mm&r=g\",\"caption\":\"Sonia Al-Ali\"},\"url\":\"https:\/\/ipsnews.net\/suomi\/author\/soniaal\/\"}]}<\/script>\n<!-- \/ Yoast SEO plugin. -->","yoast_head_json":{"title":"Syyrialaisnaiset k\u00e4rsiv\u00e4t synnytysv\u00e4kivallasta - INTER PRESS SERVICE","robots":{"index":"index","follow":"follow","max-snippet":"max-snippet:-1","max-image-preview":"max-image-preview:large","max-video-preview":"max-video-preview:-1"},"canonical":"https:\/\/ipsnews.net\/suomi\/2026\/08\/24\/syyrialaisnaiset-karsivat-synnytysvakivallasta\/","og_locale":"en_US","og_type":"article","og_title":"Syyrialaisnaiset k\u00e4rsiv\u00e4t synnytysv\u00e4kivallasta - INTER PRESS SERVICE","og_description":"Syyrialaisnaiset kertovat n\u00f6yryytyksest\u00e4, v\u00e4kivallasta ja ilman suostumusta tehdyist\u00e4 l\u00e4\u00e4ketieteellisist\u00e4 toimenpiteist\u00e4 synnytyksen yhteydess\u00e4. Synnytys j\u00e4tt\u00e4\u00e4 heille sek\u00e4 fyysisi\u00e4 ett\u00e4 psyykkisi\u00e4 vammoja. ALEPPO, Syyria 24.8.2026 (IPS) Aleppolaisessa julkisessa sairaalassa synnytt\u00e4nyt 30-vuotias Nour Al-Badawi kuvailee viimeisint\u00e4 synnytyst\u00e4\u00e4n el\u00e4m\u00e4ns\u00e4 raskaimmaksi kokemukseksi. \u201dK\u00f6yhyys pakottaa meid\u00e4t&hellip; Continue Reading &rarr;","og_url":"https:\/\/ipsnews.net\/suomi\/2026\/08\/24\/syyrialaisnaiset-karsivat-synnytysvakivallasta\/","og_site_name":"INTER PRESS SERVICE","article_published_time":"2026-08-24T06:48:04+00:00","article_modified_time":"2026-08-24T06:48:05+00:00","og_image":[{"width":799,"height":533,"url":"https:\/\/ipsnews.net\/suomi\/wp-content\/uploads\/2026\/08\/55457593374_c64c7beb23_c.jpg","type":"image\/jpeg"}],"author":"Sonia Al-Ali","twitter_card":"summary_large_image","twitter_misc":{"Written by":"Sonia Al-Ali","Est. reading time":"3 minutes"},"schema":{"@context":"https:\/\/schema.org","@graph":[{"@type":"WebPage","@id":"https:\/\/ipsnews.net\/suomi\/2026\/08\/24\/syyrialaisnaiset-karsivat-synnytysvakivallasta\/","url":"https:\/\/ipsnews.net\/suomi\/2026\/08\/24\/syyrialaisnaiset-karsivat-synnytysvakivallasta\/","name":"Syyrialaisnaiset k\u00e4rsiv\u00e4t synnytysv\u00e4kivallasta - INTER PRESS SERVICE","isPartOf":{"@id":"https:\/\/ipsnews.net\/suomi\/#website"},"primaryImageOfPage":{"@id":"https:\/\/ipsnews.net\/suomi\/2026\/08\/24\/syyrialaisnaiset-karsivat-synnytysvakivallasta\/#primaryimage"},"image":{"@id":"https:\/\/ipsnews.net\/suomi\/2026\/08\/24\/syyrialaisnaiset-karsivat-synnytysvakivallasta\/#primaryimage"},"thumbnailUrl":"https:\/\/ipsnews.net\/suomi\/wp-content\/uploads\/2026\/08\/55457593374_c64c7beb23_c.jpg","datePublished":"2026-08-24T06:48:04+00:00","dateModified":"2026-08-24T06:48:05+00:00","author":{"@id":"https:\/\/ipsnews.net\/suomi\/#\/schema\/person\/ac0c6b08da0942d4a9c23b1aa0a15dbd"},"breadcrumb":{"@id":"https:\/\/ipsnews.net\/suomi\/2026\/08\/24\/syyrialaisnaiset-karsivat-synnytysvakivallasta\/#breadcrumb"},"inLanguage":"en-US","potentialAction":[{"@type":"ReadAction","target":["https:\/\/ipsnews.net\/suomi\/2026\/08\/24\/syyrialaisnaiset-karsivat-synnytysvakivallasta\/"]}]},{"@type":"ImageObject","inLanguage":"en-US","@id":"https:\/\/ipsnews.net\/suomi\/2026\/08\/24\/syyrialaisnaiset-karsivat-synnytysvakivallasta\/#primaryimage","url":"https:\/\/ipsnews.net\/suomi\/wp-content\/uploads\/2026\/08\/55457593374_c64c7beb23_c.jpg","contentUrl":"https:\/\/ipsnews.net\/suomi\/wp-content\/uploads\/2026\/08\/55457593374_c64c7beb23_c.jpg","width":799,"height":533,"caption":"Syyrialaiset naiset kertovat joutuneensa synnytyksen aikana kaltoinkohdelluiksi julkisissa sairaaloissa. Kokemuksiin kuului n\u00f6yryytt\u00e4v\u00e4\u00e4 kohtelua, l\u00e4\u00e4ketieteellisi\u00e4 toimenpiteit\u00e4 ilman suostumusta ja vakavia fyysisi\u00e4 sek\u00e4 psyykkisi\u00e4 seurauksia. Kuva: Sonia Al-Ali\/IPS"},{"@type":"BreadcrumbList","@id":"https:\/\/ipsnews.net\/suomi\/2026\/08\/24\/syyrialaisnaiset-karsivat-synnytysvakivallasta\/#breadcrumb","itemListElement":[{"@type":"ListItem","position":1,"name":"Home","item":"https:\/\/ipsnews.net\/suomi\/"},{"@type":"ListItem","position":2,"name":"Syyrialaisnaiset k\u00e4rsiv\u00e4t synnytysv\u00e4kivallasta"}]},{"@type":"WebSite","@id":"https:\/\/ipsnews.net\/suomi\/#website","url":"https:\/\/ipsnews.net\/suomi\/","name":"INTER PRESS SERVICE","description":"Uutistoimisto","potentialAction":[{"@type":"SearchAction","target":{"@type":"EntryPoint","urlTemplate":"https:\/\/ipsnews.net\/suomi\/?s={search_term_string}"},"query-input":{"@type":"PropertyValueSpecification","valueRequired":true,"valueName":"search_term_string"}}],"inLanguage":"en-US"},{"@type":"Person","@id":"https:\/\/ipsnews.net\/suomi\/#\/schema\/person\/ac0c6b08da0942d4a9c23b1aa0a15dbd","name":"Sonia Al-Ali","image":{"@type":"ImageObject","inLanguage":"en-US","@id":"https:\/\/ipsnews.net\/suomi\/#\/schema\/person\/image\/e1def5c08f1f59d0e0ba311641b0c5e1","url":"https:\/\/secure.gravatar.com\/avatar\/c7fdaa6fb3b03b6587c983b836db3f993f37b2983258cd3ca208570c6f8bb1aa?s=96&d=mm&r=g","contentUrl":"https:\/\/secure.gravatar.com\/avatar\/c7fdaa6fb3b03b6587c983b836db3f993f37b2983258cd3ca208570c6f8bb1aa?s=96&d=mm&r=g","caption":"Sonia Al-Ali"},"url":"https:\/\/ipsnews.net\/suomi\/author\/soniaal\/"}]}},"_links":{"self":[{"href":"https:\/\/ipsnews.net\/suomi\/wp-json\/wp\/v2\/posts\/15787","targetHints":{"allow":["GET"]}}],"collection":[{"href":"https:\/\/ipsnews.net\/suomi\/wp-json\/wp\/v2\/posts"}],"about":[{"href":"https:\/\/ipsnews.net\/suomi\/wp-json\/wp\/v2\/types\/post"}],"author":[{"embeddable":true,"href":"https:\/\/ipsnews.net\/suomi\/wp-json\/wp\/v2\/users\/1590"}],"replies":[{"embeddable":true,"href":"https:\/\/ipsnews.net\/suomi\/wp-json\/wp\/v2\/comments?post=15787"}],"version-history":[{"count":1,"href":"https:\/\/ipsnews.net\/suomi\/wp-json\/wp\/v2\/posts\/15787\/revisions"}],"predecessor-version":[{"id":15789,"href":"https:\/\/ipsnews.net\/suomi\/wp-json\/wp\/v2\/posts\/15787\/revisions\/15789"}],"wp:featuredmedia":[{"embeddable":true,"href":"https:\/\/ipsnews.net\/suomi\/wp-json\/wp\/v2\/media\/15788"}],"wp:attachment":[{"href":"https:\/\/ipsnews.net\/suomi\/wp-json\/wp\/v2\/media?parent=15787"}],"wp:term":[{"taxonomy":"category","embeddable":true,"href":"https:\/\/ipsnews.net\/suomi\/wp-json\/wp\/v2\/categories?post=15787"},{"taxonomy":"post_tag","embeddable":true,"href":"https:\/\/ipsnews.net\/suomi\/wp-json\/wp\/v2\/tags?post=15787"},{"taxonomy":"author","embeddable":true,"href":"https:\/\/ipsnews.net\/suomi\/wp-json\/wp\/v2\/coauthors?post=15787"}],"curies":[{"name":"wp","href":"https:\/\/api.w.org\/{rel}","templated":true}]}}