{"id":13795,"date":"2023-12-11T07:29:46","date_gmt":"2023-12-11T07:29:46","guid":{"rendered":"http:\/\/ipsnews.net\/suomi\/?p=13795"},"modified":"2023-12-11T07:29:46","modified_gmt":"2023-12-11T07:29:46","slug":"oppilaat-toteuttavat-agroekologiaa-koulun-puutarhassa","status":"publish","type":"post","link":"https:\/\/ipsnews.net\/suomi\/2023\/12\/11\/oppilaat-toteuttavat-agroekologiaa-koulun-puutarhassa\/","title":{"rendered":"Oppilaat toteuttavat agroekologiaa koulun puutarhassa"},"content":{"rendered":"<p class=\"western\"><span style=\"font-family: 'Liberation Serif', serif;\"><span style=\"font-size: medium;\"><span lang=\"fi-FI\">Dubai 11.12.23 (IPS) \u201dViel\u00e4 vuosi sitten opettajien t\u00e4ytyi ostaa henkil\u00f6kunnan k\u00e4ytt\u00e4m\u00e4t kasvikset. Nyky\u00e4\u00e4n meill\u00e4 on aina enemm\u00e4n kuin tarpeeksi kasviksia, eik\u00e4 vain opettajille, vaan kaikille asuntolan oppilaille my\u00f6s\u201d, kenialainen johtajaopettaja Gladys Orlando sanoo.<\/span><\/span><\/span><!--more--><\/p>\n<p class=\"western\"><span style=\"font-family: 'Liberation Serif', serif;\"><span style=\"font-size: medium;\"><span lang=\"fi-FI\">Kenialaisen St Denis Libolinan alakoulun oppilaat ovat agroekologisia viljelytekniikkoja k\u00e4ytt\u00e4en muuttaneet koulun puutarhan ja kaiken muunkin liikenev\u00e4n tilan erilaisten vihannesten, palkokasvien ja yrttien ruokamets\u00e4ksi.<\/span><\/span><\/span><\/p>\n<p class=\"western\"><span style=\"font-family: 'Liberation Serif', serif;\"><span style=\"font-size: medium;\"><span lang=\"fi-FI\">Koulun katoilta ker\u00e4ill\u00e4\u00e4n sadevett\u00e4, puutarhaan on kaivettu ojia ja istutettu peitekasveja. N\u00e4in koululaiset ovat onnistuneet s\u00e4il\u00f6m\u00e4\u00e4n vett\u00e4 ja pit\u00e4m\u00e4\u00e4n maaper\u00e4n kosteana ja otollisena monipuoliselle viljelylle. Vihannesten lis\u00e4ksi koulun puutarha tuottaa viljoja, hedelmi\u00e4, kassavaa, bataatteja, nuolijuurta ja niin edelleen.<\/span><\/span><\/span><\/p>\n<p class=\"western\"><span style=\"font-family: 'Liberation Serif', serif;\"><span style=\"font-size: medium;\"><span lang=\"fi-FI\">Nyt koulun fyysisesti vammaiset oppilaat ovat haastaneet vanhempansa, kyl\u00e4l\u00e4iset ja Myangan pikkukaupungin ulkolaitojen maanviljelij\u00e4t seuraamaan esimerkki\u00e4\u00e4n.<\/span><\/span><\/span><\/p>\n<p class=\"western\">\u201d<span style=\"font-family: 'Liberation Serif', serif;\"><span style=\"font-size: medium;\"><span lang=\"fi-FI\">En tiennyt, ett\u00e4 t\u00e4m\u00e4 alue voi olla n\u00e4in tuottoisa\u201d, maissin ja papujen pienviljelij\u00e4 ja koululaisen \u00e4iti Naomi Sitati sanoo. \u201dOlen tullut t\u00e4nne oppimaan koululaisten rinnalla, ja nyt olen perustanut oman agroekologisen yksikk\u00f6ni puolen eekkerin (0,2 hehtaaria) maapalalleni kotona.\u201d<\/span><\/span><\/span><\/p>\n<p class=\"western\"><strong><span style=\"font-family: 'Liberation Serif', serif;\"><span style=\"font-size: medium;\"><span lang=\"fi-FI\">Intohimoinen asenne<\/span><\/span><\/span><\/strong><\/p>\n<p class=\"western\"><span style=\"font-family: 'Liberation Serif', serif;\"><span style=\"font-size: medium;\"><span lang=\"fi-FI\">St Denis Libolinan viljelyprojektista vastaava opettaja Xavier Emodo kertoo, ett\u00e4 koulun kaikki orgaaniset j\u00e4tteet k\u00e4ytet\u00e4\u00e4n kompostilannoitteeksi. Koulun kaksi lehm\u00e4\u00e4 antavat maidon lis\u00e4ksi raaka-ainetta lannoitteisiin.<\/span><\/span><\/span><\/p>\n<p class=\"western\">\u201d<span style=\"font-family: 'Liberation Serif', serif;\"><span style=\"font-size: medium;\"><span lang=\"fi-FI\">Tietyt oppilaat ovat omistautuneet kompostilannoitteen valmistukselle, toiset tuholaisten torjunnalle ja kolmannet sadonkorjuulle. Meill\u00e4 on jopa rahastonhoitaja, joka pit\u00e4\u00e4 kirjaa ylij\u00e4\u00e4m\u00e4n myynnin tuomista tuloista\u201d, Emodo selitt\u00e4\u00e4. \u201dN\u00e4m\u00e4 oppilaat suhtautuvat intohimoisesti kaikkeen, mit\u00e4 tekev\u00e4t. Se johtuu uudesta opetusj\u00e4rjestelm\u00e4st\u00e4mme, niin sanotusta kykypohjaisesta opetussuunnitelmasta, jossa k\u00e4yt\u00e4nt\u00f6 on osana oppimisvaatimuksia.\u201d<\/span><\/span><\/span><\/p>\n<p class=\"western\"><span style=\"font-family: 'Liberation Serif', serif;\"><span style=\"font-size: medium;\"><span lang=\"fi-FI\">Koulun jokaisella luokalla on pieni kasvitarha, josta oppilaat pit\u00e4v\u00e4t huolta.<\/span><\/span><\/span><\/p>\n<p class=\"western\">\u201d<span style=\"font-family: 'Liberation Serif', serif;\"><span style=\"font-size: medium;\"><span lang=\"fi-FI\">Oppilaat kilpailevat kasvitarhan hoidossa, yritt\u00e4v\u00e4t ylitt\u00e4\u00e4 toisensa\u201d, Emodo kertoo.<\/span><\/span><\/span><\/p>\n<p class=\"western\"><strong><span style=\"font-family: 'Liberation Serif', serif;\"><span style=\"font-size: medium;\"><span lang=\"fi-FI\">Paikalliset voimavarat k\u00e4ytt\u00f6\u00f6n<\/span><\/span><\/span><\/strong><\/p>\n<p class=\"western\"><span style=\"font-family: 'Liberation Serif', serif;\"><span style=\"font-size: medium;\"><span lang=\"fi-FI\">Asiantuntijoiden mukaan agroekologiset viljelytekniikat ovat avainasemassa Afrikan ruokaj\u00e4rjestelmiss\u00e4, sill\u00e4 ne optimoivat paikallisten resurssien k\u00e4yt\u00f6n \u2013 esimerkiksi karjan lanta lannoitteena ja paikalliset vedenl\u00e4hteet kasteluun \u2013 ja n\u00e4in minimoivat toiminnan ekologisen jalanj\u00e4ljen sek\u00e4 vahvistavat viljelyk\u00e4yt\u00e4nt\u00f6jen kest\u00e4vyytt\u00e4.<\/span><\/span><\/span><\/p>\n<p class=\"western\">\u201d<span style=\"font-family: 'Liberation Serif', serif;\"><span style=\"font-size: medium;\"><span lang=\"fi-FI\">Sadeveden keruun, peitekasvien ja kuivuutta siet\u00e4vien satokasvien istuttamisen kaltaiset tekniikat auttavat s\u00e4\u00e4st\u00e4m\u00e4\u00e4n vett\u00e4\u201d, tohtori Million Belay sanoo. H\u00e4n on Afrikan ruokaomavaraisuuteen t\u00e4ht\u00e4\u00e4v\u00e4n <a href=\"https:\/\/afsafrica.org\/\">Alliance for Food Sovereignty in Africa<\/a> -j\u00e4rjest\u00f6n<\/span><\/span><\/span><span style=\"font-family: 'Liberation Serif', serif;\"><span style=\"font-size: medium;\"><span lang=\"fi-FI\">\u00a0p\u00e4\u00e4johtaja.<\/span><\/span><\/span><\/p>\n<p class=\"western\">\u201d<span style=\"font-family: 'Liberation Serif', serif;\"><span style=\"font-size: medium;\"><span lang=\"fi-FI\">T\u00e4m\u00e4 on elint\u00e4rke\u00e4\u00e4, sill\u00e4 ilmastonmuutoksen odotetaan tekev\u00e4n vesiresursseista harvinaisempia ja vaikeammin ennustettavia\u201d, Belay t\u00e4hdent\u00e4\u00e4.<\/span><\/span><\/span><\/p>\n<p class=\"western\">\u201d<span style=\"font-family: 'Liberation Serif', serif;\"><span style=\"font-size: medium;\"><span lang=\"fi-FI\">Olemme havainneet, ett\u00e4 perinnetietoon ja perinteisiin k\u00e4yt\u00e4nt\u00f6ihin nojautumalla agroekologia voimaannuttaa yhteis\u00f6j\u00e4 toimimaan oman maansa ja resurssiensa suojelijoina. Se my\u00f6s kannustaa paikallisiin innovaatioihin ja omiin voimiin turvautumiseen ilmaston muuttuessa\u201d, Belay sanoo.<\/span><\/span><\/span><\/p>\n<p class=\"western\"><span style=\"font-family: 'Liberation Serif', serif;\"><span style=\"font-size: medium;\"><span lang=\"fi-FI\">Agroekologia parantaa yhteis\u00f6jen kyky\u00e4 ottaa vastaan ilmastoon liittyvi\u00e4 shokkeja, sill\u00e4 muun muassa viljelylajikkeiden moninaisuuden vuoksi se takaa maanviljelij\u00f6ille useita eri tulonl\u00e4hteit\u00e4. Lis\u00e4ksi se tarjoaa mahdollisuuksia lievent\u00e4\u00e4 muutosta ja sopeutua sen vaikutuksiin, sill\u00e4 agroekologisessa ajattelussa ymm\u00e4rret\u00e4\u00e4n, ett\u00e4 pienviljelij\u00f6ille sopeutuminen on ensisijaista.<\/span><\/span><\/span><\/p>\n<p class=\"western\"><span style=\"font-family: 'Liberation Serif', serif;\"><span style=\"font-size: medium;\"><span lang=\"fi-FI\">Siksi Million Belay yritt\u00e4\u00e4 saada agroekologian YK:n seuraavan ilmastokokouksen asialistalle.<\/span><\/span><\/span><\/p>\n<p class=\"western\"><span style=\"font-family: 'Liberation Serif', serif;\"><span style=\"font-size: medium;\"><span lang=\"fi-FI\">(Inter Press Service)<\/span><\/span><\/span><\/p>\n","protected":false},"excerpt":{"rendered":"<p>Dubai 11.12.23 (IPS) \u201dViel\u00e4 vuosi sitten opettajien t\u00e4ytyi ostaa henkil\u00f6kunnan k\u00e4ytt\u00e4m\u00e4t kasvikset. Nyky\u00e4\u00e4n meill\u00e4 on aina enemm\u00e4n kuin tarpeeksi kasviksia, eik\u00e4 vain opettajille, vaan kaikille asuntolan oppilaille my\u00f6s\u201d, kenialainen johtajaopettaja Gladys Orlando sanoo.<\/p>\n","protected":false},"author":964,"featured_media":13796,"comment_status":"closed","ping_status":"open","sticky":false,"template":"","format":"standard","meta":{"footnotes":""},"categories":[7,5,14,8,1388,1542],"tags":[],"coauthors":[522],"class_list":["post-13795","post","type-post","status-publish","format-standard","has-post-thumbnail","hentry","category-afrikka","category-kehitys","category-koulutus","category-kulttuuri","category-maatalous","category-ruoka"],"yoast_head":"<!-- This site is optimized with the Yoast SEO plugin v24.8.1 - https:\/\/yoast.com\/wordpress\/plugins\/seo\/ -->\n<title>Oppilaat toteuttavat agroekologiaa koulun puutarhassa - INTER PRESS SERVICE<\/title>\n<meta name=\"robots\" content=\"index, follow, max-snippet:-1, max-image-preview:large, max-video-preview:-1\" \/>\n<link rel=\"canonical\" href=\"https:\/\/ipsnews.net\/suomi\/2023\/12\/11\/oppilaat-toteuttavat-agroekologiaa-koulun-puutarhassa\/\" \/>\n<meta property=\"og:locale\" content=\"en_US\" \/>\n<meta property=\"og:type\" content=\"article\" \/>\n<meta property=\"og:title\" content=\"Oppilaat toteuttavat agroekologiaa koulun puutarhassa - INTER PRESS SERVICE\" \/>\n<meta property=\"og:description\" content=\"Dubai 11.12.23 (IPS) \u201dViel\u00e4 vuosi sitten opettajien t\u00e4ytyi ostaa henkil\u00f6kunnan k\u00e4ytt\u00e4m\u00e4t kasvikset. Nyky\u00e4\u00e4n meill\u00e4 on aina enemm\u00e4n kuin tarpeeksi kasviksia, eik\u00e4 vain opettajille, vaan kaikille asuntolan oppilaille my\u00f6s\u201d, kenialainen johtajaopettaja Gladys Orlando sanoo.\" \/>\n<meta property=\"og:url\" content=\"https:\/\/ipsnews.net\/suomi\/2023\/12\/11\/oppilaat-toteuttavat-agroekologiaa-koulun-puutarhassa\/\" \/>\n<meta property=\"og:site_name\" content=\"INTER PRESS SERVICE\" \/>\n<meta property=\"article:published_time\" content=\"2023-12-11T07:29:46+00:00\" \/>\n<meta property=\"og:image\" content=\"https:\/\/ipsnews.net\/suomi\/wp-content\/uploads\/2023\/12\/2023503-agroeko.jpg\" \/>\n\t<meta property=\"og:image:width\" content=\"1024\" \/>\n\t<meta property=\"og:image:height\" content=\"683\" \/>\n\t<meta property=\"og:image:type\" content=\"image\/jpeg\" \/>\n<meta name=\"author\" content=\"Isaiah Esipisu\" \/>\n<meta name=\"twitter:card\" content=\"summary_large_image\" \/>\n<meta name=\"twitter:label1\" content=\"Written by\" \/>\n\t<meta name=\"twitter:data1\" content=\"Isaiah Esipisu\" \/>\n\t<meta name=\"twitter:label2\" content=\"Est. reading time\" \/>\n\t<meta name=\"twitter:data2\" content=\"2 minutes\" \/>\n<script type=\"application\/ld+json\" class=\"yoast-schema-graph\">{\"@context\":\"https:\/\/schema.org\",\"@graph\":[{\"@type\":\"WebPage\",\"@id\":\"https:\/\/ipsnews.net\/suomi\/2023\/12\/11\/oppilaat-toteuttavat-agroekologiaa-koulun-puutarhassa\/\",\"url\":\"https:\/\/ipsnews.net\/suomi\/2023\/12\/11\/oppilaat-toteuttavat-agroekologiaa-koulun-puutarhassa\/\",\"name\":\"Oppilaat toteuttavat agroekologiaa koulun puutarhassa - INTER PRESS SERVICE\",\"isPartOf\":{\"@id\":\"http:\/\/ipsnews.net\/suomi\/#website\"},\"primaryImageOfPage\":{\"@id\":\"https:\/\/ipsnews.net\/suomi\/2023\/12\/11\/oppilaat-toteuttavat-agroekologiaa-koulun-puutarhassa\/#primaryimage\"},\"image\":{\"@id\":\"https:\/\/ipsnews.net\/suomi\/2023\/12\/11\/oppilaat-toteuttavat-agroekologiaa-koulun-puutarhassa\/#primaryimage\"},\"thumbnailUrl\":\"https:\/\/ipsnews.net\/suomi\/wp-content\/uploads\/2023\/12\/2023503-agroeko.jpg\",\"datePublished\":\"2023-12-11T07:29:46+00:00\",\"author\":{\"@id\":\"http:\/\/ipsnews.net\/suomi\/#\/schema\/person\/6ec14a0d0deb55df2bbf779c92b8e936\"},\"breadcrumb\":{\"@id\":\"https:\/\/ipsnews.net\/suomi\/2023\/12\/11\/oppilaat-toteuttavat-agroekologiaa-koulun-puutarhassa\/#breadcrumb\"},\"inLanguage\":\"en-US\",\"potentialAction\":[{\"@type\":\"ReadAction\",\"target\":[\"https:\/\/ipsnews.net\/suomi\/2023\/12\/11\/oppilaat-toteuttavat-agroekologiaa-koulun-puutarhassa\/\"]}]},{\"@type\":\"ImageObject\",\"inLanguage\":\"en-US\",\"@id\":\"https:\/\/ipsnews.net\/suomi\/2023\/12\/11\/oppilaat-toteuttavat-agroekologiaa-koulun-puutarhassa\/#primaryimage\",\"url\":\"https:\/\/ipsnews.net\/suomi\/wp-content\/uploads\/2023\/12\/2023503-agroeko.jpg\",\"contentUrl\":\"https:\/\/ipsnews.net\/suomi\/wp-content\/uploads\/2023\/12\/2023503-agroeko.jpg\",\"width\":1024,\"height\":683,\"caption\":\"Kenialaisen St Denis Libolinan fyysisesti vammaisten alakoulun kaikilla luokilla on oma puutarhapalstansa, jonka hoidossa koululaiset kilpailevat samalla, kun oppivat agroekologisia viljelyk\u00e4yt\u00e4nt\u00f6j\u00e4. Lasten aikaansaama ruokamets\u00e4 antaa ravintoa niin koululaisille kuin opettajillekin. Kuva: Isaiah Esipisu\/IPS\"},{\"@type\":\"BreadcrumbList\",\"@id\":\"https:\/\/ipsnews.net\/suomi\/2023\/12\/11\/oppilaat-toteuttavat-agroekologiaa-koulun-puutarhassa\/#breadcrumb\",\"itemListElement\":[{\"@type\":\"ListItem\",\"position\":1,\"name\":\"Home\",\"item\":\"http:\/\/ipsnews.net\/suomi\/\"},{\"@type\":\"ListItem\",\"position\":2,\"name\":\"Oppilaat toteuttavat agroekologiaa koulun puutarhassa\"}]},{\"@type\":\"WebSite\",\"@id\":\"http:\/\/ipsnews.net\/suomi\/#website\",\"url\":\"http:\/\/ipsnews.net\/suomi\/\",\"name\":\"INTER PRESS SERVICE\",\"description\":\"Uutistoimisto\",\"potentialAction\":[{\"@type\":\"SearchAction\",\"target\":{\"@type\":\"EntryPoint\",\"urlTemplate\":\"http:\/\/ipsnews.net\/suomi\/?s={search_term_string}\"},\"query-input\":{\"@type\":\"PropertyValueSpecification\",\"valueRequired\":true,\"valueName\":\"search_term_string\"}}],\"inLanguage\":\"en-US\"},{\"@type\":\"Person\",\"@id\":\"http:\/\/ipsnews.net\/suomi\/#\/schema\/person\/6ec14a0d0deb55df2bbf779c92b8e936\",\"name\":\"Isaiah Esipisu\",\"image\":{\"@type\":\"ImageObject\",\"inLanguage\":\"en-US\",\"@id\":\"http:\/\/ipsnews.net\/suomi\/#\/schema\/person\/image\/c0fadcddde05e580c0824f5ca26a8496\",\"url\":\"https:\/\/secure.gravatar.com\/avatar\/29d431d82822e3adb5156aa24e58366b9722e017b69a28e06b9045a69dc96b61?s=96&d=mm&r=g\",\"contentUrl\":\"https:\/\/secure.gravatar.com\/avatar\/29d431d82822e3adb5156aa24e58366b9722e017b69a28e06b9045a69dc96b61?s=96&d=mm&r=g\",\"caption\":\"Isaiah Esipisu\"},\"sameAs\":[\"http:\/\/ipsinternational.org\/fi\/\"],\"url\":\"https:\/\/ipsnews.net\/suomi\/author\/isaiah-esipisu\/\"}]}<\/script>\n<!-- \/ Yoast SEO plugin. -->","yoast_head_json":{"title":"Oppilaat toteuttavat agroekologiaa koulun puutarhassa - INTER PRESS SERVICE","robots":{"index":"index","follow":"follow","max-snippet":"max-snippet:-1","max-image-preview":"max-image-preview:large","max-video-preview":"max-video-preview:-1"},"canonical":"https:\/\/ipsnews.net\/suomi\/2023\/12\/11\/oppilaat-toteuttavat-agroekologiaa-koulun-puutarhassa\/","og_locale":"en_US","og_type":"article","og_title":"Oppilaat toteuttavat agroekologiaa koulun puutarhassa - INTER PRESS SERVICE","og_description":"Dubai 11.12.23 (IPS) \u201dViel\u00e4 vuosi sitten opettajien t\u00e4ytyi ostaa henkil\u00f6kunnan k\u00e4ytt\u00e4m\u00e4t kasvikset. Nyky\u00e4\u00e4n meill\u00e4 on aina enemm\u00e4n kuin tarpeeksi kasviksia, eik\u00e4 vain opettajille, vaan kaikille asuntolan oppilaille my\u00f6s\u201d, kenialainen johtajaopettaja Gladys Orlando sanoo.","og_url":"https:\/\/ipsnews.net\/suomi\/2023\/12\/11\/oppilaat-toteuttavat-agroekologiaa-koulun-puutarhassa\/","og_site_name":"INTER PRESS SERVICE","article_published_time":"2023-12-11T07:29:46+00:00","og_image":[{"width":1024,"height":683,"url":"https:\/\/ipsnews.net\/suomi\/wp-content\/uploads\/2023\/12\/2023503-agroeko.jpg","type":"image\/jpeg"}],"author":"Isaiah Esipisu","twitter_card":"summary_large_image","twitter_misc":{"Written by":"Isaiah Esipisu","Est. reading time":"2 minutes"},"schema":{"@context":"https:\/\/schema.org","@graph":[{"@type":"WebPage","@id":"https:\/\/ipsnews.net\/suomi\/2023\/12\/11\/oppilaat-toteuttavat-agroekologiaa-koulun-puutarhassa\/","url":"https:\/\/ipsnews.net\/suomi\/2023\/12\/11\/oppilaat-toteuttavat-agroekologiaa-koulun-puutarhassa\/","name":"Oppilaat toteuttavat agroekologiaa koulun puutarhassa - INTER PRESS SERVICE","isPartOf":{"@id":"http:\/\/ipsnews.net\/suomi\/#website"},"primaryImageOfPage":{"@id":"https:\/\/ipsnews.net\/suomi\/2023\/12\/11\/oppilaat-toteuttavat-agroekologiaa-koulun-puutarhassa\/#primaryimage"},"image":{"@id":"https:\/\/ipsnews.net\/suomi\/2023\/12\/11\/oppilaat-toteuttavat-agroekologiaa-koulun-puutarhassa\/#primaryimage"},"thumbnailUrl":"https:\/\/ipsnews.net\/suomi\/wp-content\/uploads\/2023\/12\/2023503-agroeko.jpg","datePublished":"2023-12-11T07:29:46+00:00","author":{"@id":"http:\/\/ipsnews.net\/suomi\/#\/schema\/person\/6ec14a0d0deb55df2bbf779c92b8e936"},"breadcrumb":{"@id":"https:\/\/ipsnews.net\/suomi\/2023\/12\/11\/oppilaat-toteuttavat-agroekologiaa-koulun-puutarhassa\/#breadcrumb"},"inLanguage":"en-US","potentialAction":[{"@type":"ReadAction","target":["https:\/\/ipsnews.net\/suomi\/2023\/12\/11\/oppilaat-toteuttavat-agroekologiaa-koulun-puutarhassa\/"]}]},{"@type":"ImageObject","inLanguage":"en-US","@id":"https:\/\/ipsnews.net\/suomi\/2023\/12\/11\/oppilaat-toteuttavat-agroekologiaa-koulun-puutarhassa\/#primaryimage","url":"https:\/\/ipsnews.net\/suomi\/wp-content\/uploads\/2023\/12\/2023503-agroeko.jpg","contentUrl":"https:\/\/ipsnews.net\/suomi\/wp-content\/uploads\/2023\/12\/2023503-agroeko.jpg","width":1024,"height":683,"caption":"Kenialaisen St Denis Libolinan fyysisesti vammaisten alakoulun kaikilla luokilla on oma puutarhapalstansa, jonka hoidossa koululaiset kilpailevat samalla, kun oppivat agroekologisia viljelyk\u00e4yt\u00e4nt\u00f6j\u00e4. Lasten aikaansaama ruokamets\u00e4 antaa ravintoa niin koululaisille kuin opettajillekin. Kuva: Isaiah Esipisu\/IPS"},{"@type":"BreadcrumbList","@id":"https:\/\/ipsnews.net\/suomi\/2023\/12\/11\/oppilaat-toteuttavat-agroekologiaa-koulun-puutarhassa\/#breadcrumb","itemListElement":[{"@type":"ListItem","position":1,"name":"Home","item":"http:\/\/ipsnews.net\/suomi\/"},{"@type":"ListItem","position":2,"name":"Oppilaat toteuttavat agroekologiaa koulun puutarhassa"}]},{"@type":"WebSite","@id":"http:\/\/ipsnews.net\/suomi\/#website","url":"http:\/\/ipsnews.net\/suomi\/","name":"INTER PRESS SERVICE","description":"Uutistoimisto","potentialAction":[{"@type":"SearchAction","target":{"@type":"EntryPoint","urlTemplate":"http:\/\/ipsnews.net\/suomi\/?s={search_term_string}"},"query-input":{"@type":"PropertyValueSpecification","valueRequired":true,"valueName":"search_term_string"}}],"inLanguage":"en-US"},{"@type":"Person","@id":"http:\/\/ipsnews.net\/suomi\/#\/schema\/person\/6ec14a0d0deb55df2bbf779c92b8e936","name":"Isaiah Esipisu","image":{"@type":"ImageObject","inLanguage":"en-US","@id":"http:\/\/ipsnews.net\/suomi\/#\/schema\/person\/image\/c0fadcddde05e580c0824f5ca26a8496","url":"https:\/\/secure.gravatar.com\/avatar\/29d431d82822e3adb5156aa24e58366b9722e017b69a28e06b9045a69dc96b61?s=96&d=mm&r=g","contentUrl":"https:\/\/secure.gravatar.com\/avatar\/29d431d82822e3adb5156aa24e58366b9722e017b69a28e06b9045a69dc96b61?s=96&d=mm&r=g","caption":"Isaiah Esipisu"},"sameAs":["http:\/\/ipsinternational.org\/fi\/"],"url":"https:\/\/ipsnews.net\/suomi\/author\/isaiah-esipisu\/"}]}},"_links":{"self":[{"href":"https:\/\/ipsnews.net\/suomi\/wp-json\/wp\/v2\/posts\/13795","targetHints":{"allow":["GET"]}}],"collection":[{"href":"https:\/\/ipsnews.net\/suomi\/wp-json\/wp\/v2\/posts"}],"about":[{"href":"https:\/\/ipsnews.net\/suomi\/wp-json\/wp\/v2\/types\/post"}],"author":[{"embeddable":true,"href":"https:\/\/ipsnews.net\/suomi\/wp-json\/wp\/v2\/users\/964"}],"replies":[{"embeddable":true,"href":"https:\/\/ipsnews.net\/suomi\/wp-json\/wp\/v2\/comments?post=13795"}],"version-history":[{"count":1,"href":"https:\/\/ipsnews.net\/suomi\/wp-json\/wp\/v2\/posts\/13795\/revisions"}],"predecessor-version":[{"id":13797,"href":"https:\/\/ipsnews.net\/suomi\/wp-json\/wp\/v2\/posts\/13795\/revisions\/13797"}],"wp:featuredmedia":[{"embeddable":true,"href":"https:\/\/ipsnews.net\/suomi\/wp-json\/wp\/v2\/media\/13796"}],"wp:attachment":[{"href":"https:\/\/ipsnews.net\/suomi\/wp-json\/wp\/v2\/media?parent=13795"}],"wp:term":[{"taxonomy":"category","embeddable":true,"href":"https:\/\/ipsnews.net\/suomi\/wp-json\/wp\/v2\/categories?post=13795"},{"taxonomy":"post_tag","embeddable":true,"href":"https:\/\/ipsnews.net\/suomi\/wp-json\/wp\/v2\/tags?post=13795"},{"taxonomy":"author","embeddable":true,"href":"https:\/\/ipsnews.net\/suomi\/wp-json\/wp\/v2\/coauthors?post=13795"}],"curies":[{"name":"wp","href":"https:\/\/api.w.org\/{rel}","templated":true}]}}