{"id":931,"date":"2000-01-17T13:40:01","date_gmt":"2000-01-17T13:40:01","guid":{"rendered":"http:\/\/ipsnews.net\/francais\/2000\/01\/17\/droits-lonu-prepare-une-loi-contre-le-recrutement-des-enfants-soldats\/"},"modified":"2000-01-17T13:40:01","modified_gmt":"2000-01-17T13:40:01","slug":"droits-lonu-prepare-une-loi-contre-le-recrutement-des-enfants-soldats","status":"publish","type":"post","link":"https:\/\/ipsnews.net\/francais\/2000\/01\/17\/droits-lonu-prepare-une-loi-contre-le-recrutement-des-enfants-soldats\/","title":{"rendered":"DROITS: L&#39;ONU pr\u00e9pare une loi contre le recrutement des enfants  soldats"},"content":{"rendered":"<p>GENEVE, 17 janv. (IPS) &#8211; Les Nations Unies et des organisations de<br \/>\nd\u00e9fense<br \/>\ndes droits de l&#39;Homme prennent l&#39;initiative de faire adopter une<br \/>\nloi<br \/>\ninternationale contre le recrutement des enfants soldats.<\/p>\n<p><!--more--><\/p>\n<p>Un groupe de travail des Nations Unies discute de l&#39;initiative \u00e0<br \/>\nGen\u00e8ve et<br \/>\npropose que l&#39;\u00e2ge minimal de participation des enfants aux<br \/>\nconflits arm\u00e9s<br \/>\npasse de 15 \u00e0 18 ans.<br \/>\n Le groupe multilat\u00e9ral discute du protocole de la Convention sur<br \/>\nles Droits<br \/>\ndes Enfants, qui interdit le recrutement ou la participation<br \/>\nmilitaire de<br \/>\ntoute personne de moins de 18 ans aux conflits arm\u00e9s.<br \/>\n Le projet de protocole pr\u00e9cise que la reconnaissance et le respect<br \/>\nde cette<br \/>\nconvention seraient impos\u00e9es \u00e0 toutes les forces arm\u00e9es<br \/>\ngouvernementales ou<br \/>\nrebelles.<br \/>\n Les n\u00e9gociations du groupe de travail ont connu des progr\u00e8s<br \/>\nremarquables,<br \/>\nd\u00e9clare le Commissaire des Nations Unies pour les droits de<br \/>\nl&#39;Homme, Mary<br \/>\nRobinson.<br \/>\n N\u00e9anmoins pendant la prochaine semaine de n\u00e9gociations, les<br \/>\nd\u00e9l\u00e9gations<br \/>\ndoivent s&#39;appr\u00eater \u00e0 affronter l&#39;opposition des pays tels que les<br \/>\nEtats-Unis<br \/>\net la Grande-Bretagne qui enr\u00f4lent des personnes de moins de 18<br \/>\nans dans<br \/>\nleurs forces arm\u00e9es.<br \/>\n Quelque 300.000 mineurs sont employ\u00e9s dans le monde en tant<br \/>\nqu&#39;enfants<br \/>\nsoldats, selon un rapport publi\u00e9 en octobre dernier par le<br \/>\nSecr\u00e9taire<br \/>\ng\u00e9n\u00e9ral des Nations Unies, Kofi Annan.<br \/>\n Human Rights Watch de New York rapporte que pr\u00e8s de 3000 jeunes de<br \/>\nmoins de<br \/>\n17 ans sont inclus dans les forces arm\u00e9es am\u00e9ricaines dont<br \/>\nl&#39;effectif total<br \/>\ns&#39;\u00e9l\u00e8ve \u00e0 1,2 million de soldats.<br \/>\n D&#39;autres organisations des droits de l&#39;Homme indiquent que la<br \/>\nGrande-Bretagne avaient utilis\u00e9 des jeunes de 16 ans au cours de<br \/>\nla guerre<br \/>\ndes Malouines et de la guerre du Golfe en 1991.<br \/>\n Robinson a racont\u00e9 son exp\u00e9rience en Sierra Leone, en indiquant<br \/>\nque des<br \/>\nenfants &quot;tr\u00e8s traumatis\u00e9s&quot; \u00e9taient impliqu\u00e9s de force dans la<br \/>\nguerre<br \/>\ncivile du pays.<br \/>\n Le Haut Commissaire a r\u00e9it\u00e9r\u00e9 qu&#39;aucun enfant de moins de 18 ans<br \/>\nne devrait<br \/>\n\u00eatre volontairement ou involontairement recrut\u00e9 dans l&#39;arm\u00e9e et<br \/>\nqu&#39;il ne<br \/>\ndevrait pas non plus participer aux conflits arm\u00e9s.<br \/>\n Par contre, le d\u00e9l\u00e9gu\u00e9 am\u00e9ricain Michael Southwick a d\u00e9clar\u00e9 \u00e0<br \/>\nGen\u00e8ve que<br \/>\nson pays &quot;n&#39;est pas d&#39;accord&quot; avec ceux qui pensent que le<br \/>\nrecrutement des<br \/>\npersonnes de moins de 18 ans est r\u00e9pr\u00e9hensible ou que c&#39;est un<br \/>\nprobl\u00e8me des<br \/>\ndroits de l&#39;Homme.<br \/>\n Southwick a d\u00e9fendu la politique am\u00e9ricaine qui fait &quot;une<br \/>\nimportante<br \/>\ndistinction entre le recrutement volontaire et le recrutement<br \/>\nforc\u00e9&quot;.<br \/>\n Les organisations civiles de d\u00e9fense des droits de l&#39;Homme r\u00e9unies<br \/>\nau sein<br \/>\nde la Coalition de lutte contre le recrutement des enfants<br \/>\nsoldats,<br \/>\nd\u00e9clarent que les crit\u00e8res am\u00e9ricains sont &quot;compl\u00e8tement<br \/>\ninacceptables&quot;.<br \/>\n Jo Becker, le porte-parole de la coalition, critique la<br \/>\nproposition<br \/>\nam\u00e9ricaine qui laisse le soin \u00e0 chaque gouvernement de fixer sa<br \/>\npropre<br \/>\nlimite d&#39;\u00e2ge en ce qui concerne le recrutement et la participation<br \/>\ndes<br \/>\nenfants aux conflits arm\u00e9s. Les Am\u00e9ricains supposent que chaque<br \/>\ngouvernement<br \/>\ncontinuera de respecter l&#39;\u00e2ge minimal de 15 ans.<br \/>\n Malgr\u00e9 ces divergences de vue, les n\u00e9gociations peuvent d\u00e9boucher<br \/>\nsur un<br \/>\naccord avant vendredi prochain, date \u00e0 laquelle le groupe de<br \/>\ntravail<br \/>\ncl\u00f4turera ses assises.<br \/>\n Un d\u00e9l\u00e9gu\u00e9 latino-am\u00e9ricain d\u00e9clare sous couvert d&#39;anonymat que<br \/>\npour<br \/>\nsurmonter les d\u00e9saccords entre les Etats-Unis et la Grande-<br \/>\nBretagne, il faut<br \/>\npeut-\u00eatre accorder \u00e0 ces deux pays le droit d&#39;\u00e9mettre des r\u00e9serves<br \/>\npar<br \/>\nrapport au premier article du protocole qui fixe l&#39;\u00e2ge minimal \u00e0<br \/>\n18 ans.<\/p>\n","protected":false},"excerpt":{"rendered":"<p>GENEVE, 17 janv. (IPS) &#8211; Les Nations Unies et des organisations de d\u00e9fense des droits de l&#39;Homme prennent l&#39;initiative de faire adopter une loi internationale contre le recrutement des enfants soldats.<\/p>\n","protected":false},"author":97,"featured_media":0,"comment_status":"open","ping_status":"open","sticky":false,"template":"","format":"standard","meta":{"footnotes":""},"categories":[10,9,1],"tags":[],"class_list":["post-931","post","type-post","status-publish","format-standard","hentry","category-droits-humains","category-global-affairs","category-headlines"],"_links":{"self":[{"href":"https:\/\/ipsnews.net\/francais\/wp-json\/wp\/v2\/posts\/931","targetHints":{"allow":["GET"]}}],"collection":[{"href":"https:\/\/ipsnews.net\/francais\/wp-json\/wp\/v2\/posts"}],"about":[{"href":"https:\/\/ipsnews.net\/francais\/wp-json\/wp\/v2\/types\/post"}],"author":[{"embeddable":true,"href":"https:\/\/ipsnews.net\/francais\/wp-json\/wp\/v2\/users\/97"}],"replies":[{"embeddable":true,"href":"https:\/\/ipsnews.net\/francais\/wp-json\/wp\/v2\/comments?post=931"}],"version-history":[{"count":0,"href":"https:\/\/ipsnews.net\/francais\/wp-json\/wp\/v2\/posts\/931\/revisions"}],"wp:attachment":[{"href":"https:\/\/ipsnews.net\/francais\/wp-json\/wp\/v2\/media?parent=931"}],"wp:term":[{"taxonomy":"category","embeddable":true,"href":"https:\/\/ipsnews.net\/francais\/wp-json\/wp\/v2\/categories?post=931"},{"taxonomy":"post_tag","embeddable":true,"href":"https:\/\/ipsnews.net\/francais\/wp-json\/wp\/v2\/tags?post=931"}],"curies":[{"name":"wp","href":"https:\/\/api.w.org\/{rel}","templated":true}]}}