{"id":777,"date":"1999-03-02T13:40:01","date_gmt":"1999-03-02T13:40:01","guid":{"rendered":"http:\/\/ipsnews.net\/francais\/1999\/03\/02\/medias-egypte-les-journalistes-suscitent-la-colere-des-autorites-politiques\/"},"modified":"1999-03-02T13:40:01","modified_gmt":"1999-03-02T13:40:01","slug":"medias-egypte-les-journalistes-suscitent-la-colere-des-autorites-politiques","status":"publish","type":"post","link":"https:\/\/ipsnews.net\/francais\/1999\/03\/02\/medias-egypte-les-journalistes-suscitent-la-colere-des-autorites-politiques\/","title":{"rendered":"MEDIAS-EGYPTE: Les Journalistes Suscitent La Col\u00e8re Des  Autorit\u00e9s Politiques"},"content":{"rendered":"<p>LE CAIRE, 2 mars (IPS) &#8211; Les craintes qu&#39;inspire la libert\u00e9 de<br \/>\nla presse en<br \/>\nEgypte ont refait surface, apr\u00e8s une s\u00e9rie d&#39;actions officielles<br \/>\nentreprises<br \/>\ncontre les journalistes locaux.<\/p>\n<p><!--more--><\/p>\n<p>En l&#39;espace de trois semaines seulement, trois journalistes<br \/>\ntravaillant pour<br \/>\n&#39;Al-Wafd&#39;, un journal de l&#39;opposition, ont \u00e9t\u00e9 accus\u00e9s de<br \/>\npublier de fausses<br \/>\ninformations nuisibles \u00e0 l&#39;int\u00e9r\u00eat public.<br \/>\n Un quatri\u00e8me journaliste travaillant pour le journal national<br \/>\n&#39;Akhbar<br \/>\nEl-Yom&#39; a \u00e9t\u00e9 accus\u00e9 de diffamation et un cinqui\u00e8me reporter du<br \/>\njournal<br \/>\nind\u00e9pendant &#39;Al-Geel&#39; a \u00e9t\u00e9 bri\u00e8vement d\u00e9tenu par la police.<br \/>\n Abbas El-Tarabili, co\u00e9diteur de Al-Wafd, et Gamal Shawki, un<br \/>\nreporter du<br \/>\nm\u00eame journal, ont \u00e9t\u00e9 interrog\u00e9s par un juge charg\u00e9 de la<br \/>\ns\u00e9curit\u00e9 publique,<br \/>\napr\u00e8s avoir \u00e9t\u00e9 accus\u00e9s de &quot;publier des informations fausses et<br \/>\nsensationnelles dans l&#39;intention de nuire aux int\u00e9r\u00eats<br \/>\npublics&quot;.<br \/>\n L&#39;action a \u00e9t\u00e9 d\u00e9clench\u00e9e par le ministre \u00e9gyptien de<br \/>\nl&#39;Economie, Youssef<br \/>\nBoutros Ghali, qui a d\u00e9pos\u00e9 une plainte contre Al-Wafd parce<br \/>\nqu&#39;il l&#39;accuse<br \/>\nd&#39;avoir publi\u00e9 un article selon lequel les banques \u00e9gyptiennes<br \/>\nont<br \/>\nsecr\u00e8tement re\u00e7u l&#39;ordre de ne pas accepter de d\u00e9p\u00f4ts \u00e0 terme<br \/>\npour plus d&#39;un<br \/>\nan.<br \/>\n Dans sa plainte, Ghali a estim\u00e9 que l&#39;article \u00e9tait nuisible \u00e0<br \/>\nl&#39;\u00e9conomie<br \/>\nnationale. El-Tarabili et Shawki ont r\u00e9fut\u00e9 les accusations et<br \/>\nont \u00e9t\u00e9<br \/>\nlib\u00e9r\u00e9s sans caution, mais une enqu\u00eate est en cours.<br \/>\n El-Tarabili a soutenu que son journal &quot;cherchait \u00e0 servir les<br \/>\nint\u00e9r\u00eats<br \/>\npublics&quot; et que la question des d\u00e9p\u00f4ts bancaires a fait l&#39;objet<br \/>\nde<br \/>\ndiscussions pendant plusieurs s\u00e9minaires \u00e9conomiques et dans des<br \/>\nrevues<br \/>\nsp\u00e9cialis\u00e9es.<br \/>\n Shawki raconte que son article tient compte de son exp\u00e9rience<br \/>\npersonnelle.<br \/>\nIl explique qu&#39;il voulait faire un d\u00e9p\u00f4t bancaire de six ans,<br \/>\nmais son<br \/>\nbanquier s&#39;y est oppos\u00e9, sous pr\u00e9texte que la banque a re\u00e7u des<br \/>\ninstructions<br \/>\nsecr\u00e8tes l&#39;obligeant \u00e0 ne pas accepter de d\u00e9p\u00f4ts pour plus d&#39;un<br \/>\nan.<br \/>\n Une semaine plus t\u00f4t, El-Tarabili avait \u00e9t\u00e9 convoqu\u00e9 par un juge<br \/>\ncharg\u00e9 de<br \/>\nla s\u00e9curit\u00e9 publique au sujet des m\u00eames accusations, mais il<br \/>\ns&#39;agissait<br \/>\nd&#39;une autre affaire. Mohammed Abdel-Alim, reporter de Al-Wafd,<br \/>\net<br \/>\nEl-Tarabili \u00e9taient accus\u00e9s d&#39;avoir &quot;publi\u00e9 de fausses<br \/>\ninformations<br \/>\nnuisibles aux int\u00e9r\u00eats publics et susceptibles d&#39;inciter<br \/>\nl&#39;opinion publique<br \/>\net les travailleurs \u00e0 abandonner le travail&quot;.<br \/>\n Abdel-Alim avait \u00e9crit un article r\u00e9v\u00e9lant une gr\u00e8ve \u00e0<br \/>\nl&#39;imprimerie de la<br \/>\nbanque centrale. El-Tarabili et Abdel-Alim ont ni\u00e9 les<br \/>\naccusations et ont<br \/>\n\u00e9t\u00e9 lib\u00e9r\u00e9s, apr\u00e8s avoir pay\u00e9 chacun une caution de 150 dollars.<br \/>\n Les juges ont rendu El-Tarabili responsable des articles, malgr\u00e9<br \/>\nune<br \/>\nd\u00e9cision de la Cour Constitutionnelle supr\u00eame selon laquelle les<br \/>\nr\u00e9dacteurs<br \/>\nen chef devraient \u00eatre responsables de tout terme publi\u00e9 dans<br \/>\nleur journal.<br \/>\n Le code p\u00e9nal, et non la loi sur la presse, a \u00e9t\u00e9 invoqu\u00e9<br \/>\ncontre<br \/>\nEl-Tarabili, Shawki et Abdel-Alim.<br \/>\n Galal Aref, adjoint au r\u00e9dacteur en chef de Akhbar El-Yom et<br \/>\ncollaborateur<br \/>\nde El-Arabi, l&#39;organe du Parti Nasseriste, est accus\u00e9 par un<br \/>\njuge civil<br \/>\nd&#39;avoir diE9 Tharwat Abaza, \u00e9crivain et membre du conseil Shura<br \/>\n(la<br \/>\nchambre basse du Parlement).<br \/>\n L&#39;article d&#39;Aref, publi\u00e9 dans El-Arabi, accuse Abaza de se<br \/>\nservir de son<br \/>\nimmunit\u00e9 parlementaire pour critiquer ses opposants et \u00e9chapper<br \/>\n\u00e0 toute<br \/>\n\u00e9ventuelle accusation en diffamation.<br \/>\n Ce n&#39;est pas la premi\u00e8re fois que Abaza d\u00e9pose des plaintes<br \/>\ncontre des<br \/>\njournalistes ou les traduit en justice.<br \/>\n En mars dernier, Gamal Fahmi a \u00e9t\u00e9 condamn\u00e9 \u00e0 six mois<br \/>\nd&#39;emprisonnement pour<br \/>\navoir aussi publi\u00e9 dans El-Arabi un article qui, selon la Cour,<br \/>\ndiffamait<br \/>\nAbaza. Fahmi a pass\u00e9 cinq mois en prison, avant qu&#39;un tribunal<br \/>\nde premi\u00e8re<br \/>\ninstance ne casse le verdict.<br \/>\n Deux mois plus tard, Amr Nassef, membre du Parti Nasseriste et<br \/>\njournaliste<br \/>\nemploy\u00e9 \u00e0 l&#39;hebdomadaire ind\u00e9pendant Al-Osbou, a \u00e9t\u00e9 condamn\u00e9 \u00e0<br \/>\ntrois mois<br \/>\nde prison, pour avoir aussi port\u00e9 atteinte \u00e0 la r\u00e9putation<br \/>\nd&#39;Abaza. Il a<br \/>\npurg\u00e9 enti\u00e8rement sa peine.<br \/>\n Au d\u00e9but de ce mois, Yasser Ayyoub, alors r\u00e9dacteur en chef de<br \/>\nAl-Geel, un<br \/>\nhebdomadaire ind\u00e9pendant chypriote, a \u00e9t\u00e9 enlev\u00e9 \u00e0 sa r\u00e9sidence<br \/>\npar la<br \/>\npolice. &quot;J&#39;ignorais la raison, jusqu&#39;au moment o\u00f9 j&#39;ai atterri<br \/>\nau<br \/>\ncommissariat de police de la ville de Nasr&quot;, raconte Ayyoub.<br \/>\n Il a \u00e9t\u00e9 inform\u00e9 qu&#39;il \u00e9tait recherch\u00e9 pour purger une peine<br \/>\nd&#39;un an de<br \/>\nprison prononc\u00e9e en 1996 par un tribunal d&#39;Alexandrie qui l&#39;a<br \/>\njug\u00e9 coupable<br \/>\nd&#39;avoir diffam\u00e9 un haut fonctionnaire du minist\u00e8re de<br \/>\nl&#39;Agriculture.<br \/>\n Apr\u00e8s avoir pass\u00e9 la nuit au commissariat de police de la ville<br \/>\nde Nasr, il<br \/>\na \u00e9t\u00e9 transf\u00e9r\u00e9 \u00e0 Alexandrie. Au tribunal d&#39;Alexandrie, Ayyoub a<br \/>\nentrepris<br \/>\nune action l\u00e9gale pour d\u00e9fier le jugement. Il a aussi exig\u00e9 une<br \/>\ncopie de la<br \/>\nd\u00e9cision pour savoir si la peine a \u00e9t\u00e9 suspendue ou non. Sa<br \/>\nlib\u00e9ration a<br \/>\nsuivi peu de temps apr\u00e8s.<br \/>\n Makram Mohamed Ahmed, le pr\u00e9sident du syndicat de la presse,<br \/>\nassure que le<br \/>\nsyndicat &quot;suit les investigations et entreprendra les d\u00e9marches<br \/>\nn\u00e9cessaires<br \/>\nen temps opportun&quot;.<br \/>\n La semaine derni\u00e8re, l&#39;Organisation \u00e9gyptienne des droits de<br \/>\nl&#39;Homme (OEDH)<br \/>\na rendu public un communiqu\u00e9 exhortant les autorit\u00e9s \u00e0 annuler<br \/>\nles peines de<br \/>\nprison des journalistes. Le communiqu\u00e9 lance aussi un appel en<br \/>\nfaveur d&#39;une<br \/>\nmanifestation nationale de &quot;solidarit\u00e9 avec les journalistes<br \/>\npour affronter<br \/>\nles d\u00e9fis auxquels la libert\u00e9 de la presse fait face en<br \/>\nEgypte&quot;.<br \/>\n &quot;L&#39;OEDH d\u00e9nonce les peines de prison prononc\u00e9es contre les<br \/>\njournalistes<br \/>\npendant des proc\u00e8s li\u00e9s \u00e0 leur profession. C&#39;est une r\u00e9pression<br \/>\ndestin\u00e9e \u00e0<br \/>\nterroriser les journalistes&quot;, rapporte le communiqu\u00e9.<br \/>\n Quatre journalistes, y compris Nassef et Fahmi, ont \u00e9t\u00e9<br \/>\ncondamn\u00e9s \u00e0 la<br \/>\nprison pour diffamation en janvier de l&#39;ann\u00e9e derni\u00e8re. Les deux<br \/>\nautres<br \/>\n\u00e9taient Magdi Hussein, r\u00e9dacteur en chef de Al-Shaab, l&#39;organe<br \/>\ndu parti<br \/>\ntravailliste islamique, et le caricaturiste Mohamed Hilal.<br \/>\n Chacun d&#39;eux a \u00e9t\u00e9 condamn\u00e9 \u00e0 un an de prison, apr\u00e8s avoir \u00e9t\u00e9<br \/>\naccus\u00e9 de<br \/>\ndiffamer Alaa El-Alfi, le fils de l&#39;ancien ministre de<br \/>\nl&#39;Int\u00e9rieur, Hassan<br \/>\nEl-Alfi. Les deux journalistes avaient \u00e9t\u00e9 emprisonn\u00e9s pendant<br \/>\nquatre mois,<br \/>\navant que la Cour d&#39;appel ne casse la sentence.<\/p>\n","protected":false},"excerpt":{"rendered":"<p>LE CAIRE, 2 mars (IPS) &#8211; Les craintes qu&#39;inspire la libert\u00e9 de la presse en Egypte ont refait surface, apr\u00e8s une s\u00e9rie d&#39;actions officielles entreprises contre les journalistes locaux.<\/p>\n","protected":false},"author":156,"featured_media":0,"comment_status":"open","ping_status":"open","sticky":false,"template":"","format":"standard","meta":{"footnotes":""},"categories":[5,13,1],"tags":[],"class_list":["post-777","post","type-post","status-publish","format-standard","hentry","category-afrique","category-culture-religion-sport","category-headlines"],"_links":{"self":[{"href":"https:\/\/ipsnews.net\/francais\/wp-json\/wp\/v2\/posts\/777","targetHints":{"allow":["GET"]}}],"collection":[{"href":"https:\/\/ipsnews.net\/francais\/wp-json\/wp\/v2\/posts"}],"about":[{"href":"https:\/\/ipsnews.net\/francais\/wp-json\/wp\/v2\/types\/post"}],"author":[{"embeddable":true,"href":"https:\/\/ipsnews.net\/francais\/wp-json\/wp\/v2\/users\/156"}],"replies":[{"embeddable":true,"href":"https:\/\/ipsnews.net\/francais\/wp-json\/wp\/v2\/comments?post=777"}],"version-history":[{"count":0,"href":"https:\/\/ipsnews.net\/francais\/wp-json\/wp\/v2\/posts\/777\/revisions"}],"wp:attachment":[{"href":"https:\/\/ipsnews.net\/francais\/wp-json\/wp\/v2\/media?parent=777"}],"wp:term":[{"taxonomy":"category","embeddable":true,"href":"https:\/\/ipsnews.net\/francais\/wp-json\/wp\/v2\/categories?post=777"},{"taxonomy":"post_tag","embeddable":true,"href":"https:\/\/ipsnews.net\/francais\/wp-json\/wp\/v2\/tags?post=777"}],"curies":[{"name":"wp","href":"https:\/\/api.w.org\/{rel}","templated":true}]}}