{"id":439,"date":"1998-10-02T13:40:01","date_gmt":"1998-10-02T13:40:01","guid":{"rendered":"http:\/\/ipsnews.net\/francais\/1998\/10\/02\/developpement-les-negociations-sur-lavenir-des-relations-acp-ue-demarrent\/"},"modified":"1998-10-02T13:40:01","modified_gmt":"1998-10-02T13:40:01","slug":"developpement-les-negociations-sur-lavenir-des-relations-acp-ue-demarrent","status":"publish","type":"post","link":"https:\/\/ipsnews.net\/francais\/1998\/10\/02\/developpement-les-negociations-sur-lavenir-des-relations-acp-ue-demarrent\/","title":{"rendered":"DEVELOPPEMENT: Les N\u00e9gociations Sur L&#39;avenir Des Relations ACP-UE  D\u00e9marrent."},"content":{"rendered":"<p>BRUXELLE, 2 oct. (IPS) &#8211; Les n\u00e9gociations formelles concernant<br \/>\nl&#39;avenir de<br \/>\nla Convention de Lom\u00e9, le grand pacte commercial et d&#39;aide entre<br \/>\nl&#39;Union<br \/>\neurop\u00e9enne et les 71 pays du groupe des nations de l&#39;Afrique, des<br \/>\nCara\u00efbes<br \/>\net du Pacifique (ACP), ont finalement commenc\u00e9.<\/p>\n<p><!--more--><\/p>\n<p>Les fonctionnaires de l&#39;Union europ\u00e9enne sugg\u00e8rent des changements<br \/>\nsubstantiels dans la convention qui repr\u00e9sente le plus grand<br \/>\npacte<br \/>\ncommercial et d&#39;aide du monde. Cette convention expirera en<br \/>\nf\u00e9vrier 2000 et<br \/>\ndevra \u00eatre r\u00e9vis\u00e9e pour satisfaire aux r\u00e8gles de l&#39;Organisation<br \/>\nmondiale du<br \/>\ntravail (OMC).<br \/>\n Bien que le principe final des n\u00e9gociations, publi\u00e9 par l&#39;Union<br \/>\neurop\u00e9enne<br \/>\navant la pr\u00e9sente r\u00e9union qui a commenc\u00e9 mercredi, stipule que<br \/>\nl&#39;UE<br \/>\n&quot;examinera toutes les autres possibilit\u00e9s&quot;, les ministres<br \/>\neurop\u00e9ens<br \/>\nsoutiennent l&#39;option des zones de libre \u00e9change (ZLE).<br \/>\n Tel qu&#39;elles sont envisag\u00e9es par l&#39;UE, ces ZLE \u00e9tabliraient des<br \/>\nliens entre<br \/>\nles pays du groupe ACP qui ont d\u00e9j\u00e0 atteint un certain niveau de<br \/>\nd\u00e9veloppement. Elles (les ZLE) ont pour objectif d&#39;\u00e9tablir des<br \/>\naccords<br \/>\nr\u00e9gionaux entre l&#39;UE et les sous r\u00e9gions de l&#39;ACP.<br \/>\n David Jessop, directeur ex\u00e9cutif du conseil des Cara\u00efbes pour<br \/>\nl&#39;Europe,<br \/>\naffirme que &quot;pour l&#39;ACP, le nouvel arrangement doit concerner le<br \/>\nd\u00e9veloppement et une plus grande \u00e9quit\u00e9 entre les Etats souverains<br \/>\nayant des<br \/>\nsuperficies et des richesses diff\u00e9rentes&quot;.<br \/>\n &quot;Malheureusement, il appara\u00eet que pour l&#39;UE, les n\u00e9gociations<br \/>\nsemblent<br \/>\nplut\u00f4t encourager le groupe ACP \u00e0 avoir plus de compatibilit\u00e9 avec<br \/>\nl&#39;Organisation mondiale du commerce et \u00e0 cr\u00e9er de nouvelles<br \/>\nconditionnalit\u00e9s<br \/>\npolitiques et \u00e9conomiques&quot;, ajoute Jessop.<br \/>\n Conform\u00e9ment \u00e0 la proposition de l&#39;UE, les conditions d&#39;acc\u00e8s au<br \/>\nmarch\u00e9<br \/>\neurop\u00e9en resteraient les m\u00eames que celles dont b\u00e9n\u00e9ficie la<br \/>\nConvention de<br \/>\nLom\u00e9, mais les Etats de l&#39;ACP devraient en contrepartie ouvrir<br \/>\nleurs propres<br \/>\nmarch\u00e9s aux produits export\u00e9s par l&#39;Union europ\u00e9enne, apr\u00e8s une<br \/>\np\u00e9riode<br \/>\ntransitoire de dix \u00e0 15 ans qui commencerait en 2004.<br \/>\n La proposition de l&#39;UE consiste \u00e0 n&#39;accorder des conditions<br \/>\nsp\u00e9ciales qu&#39;aux<br \/>\npays moins avanc\u00e9s (PMA) et aux petits Etats insulaires du groupe<br \/>\nACP, dont<br \/>\nles \u00e9conomies sont les plus fragiles.<br \/>\n Parmi les 71 Etats ACP, 39 sont des PMA b\u00e9n\u00e9ficiant d\u00e9j\u00e0 d&#39;un<br \/>\nacc\u00e8s gratuit<br \/>\nau march\u00e9 europ\u00e9en. 20 autres Etats sont de petites \u00e9conomies<br \/>\ninsulaires<br \/>\nauxquelles l&#39;UE esp\u00e8re fixer des r\u00e8gles sp\u00e9ciales.<br \/>\n Philip Lowe, directeur g\u00e9n\u00e9ral du d\u00e9veloppement \u00e0 la Commission<br \/>\neurop\u00e9enne,<br \/>\na r\u00e9cemment dit que le nouveau plan consiste \u00e0 ouvrir le march\u00e9<br \/>\neurop\u00e9en sur<br \/>\nune base non r\u00e9ciproque \u00e0 tous les produits provenant des PMA du<br \/>\ngroupe ACP,<br \/>\nqui n&#39;auront pas sign\u00e9 les accords r\u00e9gionaux de libre-\u00e9change<br \/>\nd&#39;ici l&#39;an 2004.<br \/>\n La solution propos\u00e9e aux PMA consiste \u00e0 am\u00e9liorer les pr\u00e9f\u00e9rences<br \/>\nqui leur<br \/>\nsont accord\u00e9es, en leur donnant un acc\u00e8s enti\u00e8rement gratuit au<br \/>\nmarch\u00e9<br \/>\neurop\u00e9en, dans le cadre du syst\u00e8me g\u00e9n\u00e9ralis\u00e9 des pr\u00e9f\u00e9rences<br \/>\n(SGP) de l&#39;UE.<br \/>\n Les pays ACP reconnaissent la n\u00e9cessit\u00e9 de l&#39;int\u00e9gration et de la<br \/>\ncomp\u00e9titivit\u00e9 dans l&#39;\u00e9conomieiale, mais ils devront proposer &quot;des<br \/>\ncalendriers plus r\u00e9alistes&quot; pour l&#39;annulation des accords<br \/>\ncommerciaux<br \/>\npr\u00e9f\u00e9rentiels.<br \/>\n L&#39;\u00e9chec des n\u00e9gociations commerciales entre l&#39;UE et l&#39;Afrique du<br \/>\nsud, apr\u00e8s<br \/>\nle 22\u00e8me round des pourparlers organis\u00e9s ici ce mois-ci, sugg\u00e8re<br \/>\nque les<br \/>\nn\u00e9gociations relatives aux PMA peuvent ne pas \u00eatre aussi rapides<br \/>\nque pr\u00e9vu<br \/>\npar la commission ex\u00e9cutive de l&#39;UE qui n\u00e9gociera au nom de l&#39;UE.<br \/>\n Glenys Kinnock, d\u00e9put\u00e9 europ\u00e9en, a confirm\u00e9 ce point de vue en<br \/>\nd\u00e9clarant<br \/>\ntout r\u00e9cemment que &quot;dans le climat hostile actuel, il est<br \/>\nirr\u00e9aliste de<br \/>\ncroire que les pays ACP seront capables de pr\u00e9parer et de n\u00e9gocier<br \/>\ndes<br \/>\naccords de libre-\u00e9change avec l&#39;UE en cinq ans&quot;.<br \/>\n De l&#39;avis des ONG battant campagne pour la r\u00e9duction de la<br \/>\npauvret\u00e9,<br \/>\nl&#39;accent g\u00e9n\u00e9ral mis sur le libre-\u00e9change est inqui\u00e9tant. Les ONG<br \/>\nestiment<br \/>\nque dans un syst\u00e8me des ZLE r\u00e9gionales, l&#39;avantage profitera aux<br \/>\nexportateurs mondiaux de l&#39;UE et non aux Etats ACP dont les<br \/>\nmembres incluent<br \/>\ncertains des pays les plus pauvres au monde.<br \/>\n &quot;Le commerce et les investissements sont un domaine qui am\u00e8ne<br \/>\nl&#39;ACP et la<br \/>\nsoci\u00e9t\u00e9 civile europ\u00e9enne \u00e0 s&#39;interroger de plus en plus sur<br \/>\nl&#39;intention<br \/>\nr\u00e9elle de l&#39;UE&quot;, a d\u00e9clar\u00e9 cette semaine, devant la commission de<br \/>\nd\u00e9veloppement du Parlement europ\u00e9en, Simon Stocker, directeur<br \/>\nd&#39;Eurostep, un<br \/>\nr\u00e9seau d&#39;ONG europ\u00e9ennes.<br \/>\n Selon Stocker, les pr\u00e9visions du FMI pour les \u00e9conomies africaines<br \/>\nsont<br \/>\nsombres. Le FMI estime que les exportations en provenance de<br \/>\nl&#39;Afrique<br \/>\nchuteront de 2,7 pour cent cette ann\u00e9e, apr\u00e8s une ann\u00e9e de<br \/>\nstagnation en<br \/>\n1997. Le FMI pr\u00e9voit \u00e9galement au cours de la m\u00eame p\u00e9riode une<br \/>\nbaisse des<br \/>\ninvestissements \u00e9trangers directs de 10,3 milliards de dollars \u00e0<br \/>\n9,7<br \/>\nmilliards de dollars.<br \/>\n Les ONG europ\u00e9ennes signalent que le calendrier propos\u00e9 par l&#39;UE<br \/>\npourrait<br \/>\n&quot;s\u00e9rieusement endommager&quot; les \u00e9conomies des Etats ACP. Lorsque<br \/>\nles zones<br \/>\nde libre-\u00e9change seront constitu\u00e9es, les pays ACP perdront leur<br \/>\nactuel acc\u00e8s<br \/>\npr\u00e9f\u00e9rentiel au march\u00e9 europ\u00e9en et seront oblig\u00e9s d&#39;ouvrir leurs<br \/>\nmarch\u00e9s aux<br \/>\nproduits europ\u00e9ens.<br \/>\n &quot;La d\u00e9cision des pays ACP de faire l&#39;int\u00e9gration r\u00e9gionale peut<br \/>\nb\u00e9n\u00e9ficier<br \/>\ndu soutien europ\u00e9en, mais elle ne peut pas provenir de<br \/>\nl&#39;ext\u00e9rieur&quot;, a<br \/>\nindiqu\u00e9 dans une r\u00e9cente d\u00e9claration le centre europ\u00e9en de gestion<br \/>\ndes<br \/>\npolitiques de d\u00e9veloppement, une fondation ind\u00e9pendante bas\u00e9e \u00e0<br \/>\nMaastricht<br \/>\naux Pays-Bas.<br \/>\n La commission a l&#39;intention de constituer les premi\u00e8res zones de<br \/>\nlibre-\u00e9change d&#39;ici l&#39;an 2015, en commen\u00e7ant par ces groupes de<br \/>\npays qui ont<br \/>\nd\u00e9j\u00e0 initi\u00e9 un processus d&#39;int\u00e9gration r\u00e9gionale. Les pays<br \/>\ncarib\u00e9ens peuvent<br \/>\nformer une ZLE sur la base des actuels accords de CARICOM et de<br \/>\nCARIFORUM.<br \/>\nLes pays d&#39;Afrique australe peuvent renforcer leurs accords<br \/>\nd&#39;unions<br \/>\ndouani\u00e8res de la SACU et de la SADEC.<br \/>\n Il faudra plus de temps pour former des ZLE en Afrique de l&#39;Ouest<br \/>\n(en<br \/>\nrenfor\u00e7ant l&#39;union mon\u00e9taire UEMOA), en Afrique de l&#39;Est (entre<br \/>\nles pays<br \/>\nvoisins du Kenya, de la Tanzanie et de l&#39;Ouganda) et dans le<br \/>\nPacifique.<br \/>\n La commission sugg\u00e8re qu&#39;une p\u00e9riode transitoire de 10 ans ou plus<br \/>\nd\u00e9marre<br \/>\nen 2005. Pendant ce temps, elle pourrait mettre en application les<br \/>\naccords<br \/>\nr\u00e9gionaux de partenariat \u00e9conomique. Ces accords n\u00e9cessiteraient<br \/>\naussi<br \/>\nl&#39;approbation de l&#39;OMC ; encore que cette derni\u00e8re ne donnerait<br \/>\nson cord<br \/>\nque si les ZLE sont purement temporaires et si l&#39;acc\u00e8s aux march\u00e9s<br \/>\ndes<br \/>\nnations membres des ZLE est libre pour tous \u00e0 la fin des dix<br \/>\nann\u00e9es.<br \/>\n Les ministres des Affaires \u00e9trang\u00e8res de l&#39;UE ont dit samedi que<br \/>\nla<br \/>\nconvention de Lom\u00e9 et les conventions internationales des droits<br \/>\nde l&#39;homme,<br \/>\nsont r\u00e9guli\u00e8rement viol\u00e9es dans l&#39;UE. Ils ont alors demand\u00e9 \u00e0 l&#39;UE<br \/>\nd&#39;entreprendre une action pour mettre fin au harc\u00e8lement des<br \/>\nimmigr\u00e9s.<br \/>\n Les ministres ont condamn\u00e9 le &quot;traitement inhumain, cruel et<br \/>\nd\u00e9gradant&quot;<br \/>\ninflig\u00e9 \u00e0 Semira Adamu qui est morte mardi dernier apr\u00e8s que la<br \/>\npolice lui a<br \/>\nplac\u00e9 un coussin sur la face, pendant qu&#39;elle (la police) essayait<br \/>\nde<br \/>\nl&#39;expulser.<br \/>\n Ils ont affirm\u00e9 que la mort de cette r\u00e9fugi\u00e9e nig\u00e9riane en<br \/>\nBelgique est le<br \/>\nreflet des &quot;pratiques inhumaines&quot; auxquelles leurs citoyens sont<br \/>\nconfront\u00e9s \u00e0 travers l&#39;UE.<\/p>\n","protected":false},"excerpt":{"rendered":"<p>BRUXELLE, 2 oct. (IPS) &#8211; Les n\u00e9gociations formelles concernant l&#39;avenir de la Convention de Lom\u00e9, le grand pacte commercial et d&#39;aide entre l&#39;Union europ\u00e9enne et les 71 pays du groupe des nations de l&#39;Afrique, des Cara\u00efbes et du Pacifique (ACP),&hellip; <a href=\"https:\/\/ipsnews.net\/francais\/1998\/10\/02\/developpement-les-negociations-sur-lavenir-des-relations-acp-ue-demarrent\/\" class=\"more-link\">Continue Reading <span class=\"meta-nav\">&rarr;<\/span><\/a><\/p>\n","protected":false},"author":55,"featured_media":0,"comment_status":"open","ping_status":"open","sticky":false,"template":"","format":"standard","meta":{"footnotes":""},"categories":[11,9,1],"tags":[],"class_list":["post-439","post","type-post","status-publish","format-standard","hentry","category-developpement","category-global-affairs","category-headlines"],"_links":{"self":[{"href":"https:\/\/ipsnews.net\/francais\/wp-json\/wp\/v2\/posts\/439","targetHints":{"allow":["GET"]}}],"collection":[{"href":"https:\/\/ipsnews.net\/francais\/wp-json\/wp\/v2\/posts"}],"about":[{"href":"https:\/\/ipsnews.net\/francais\/wp-json\/wp\/v2\/types\/post"}],"author":[{"embeddable":true,"href":"https:\/\/ipsnews.net\/francais\/wp-json\/wp\/v2\/users\/55"}],"replies":[{"embeddable":true,"href":"https:\/\/ipsnews.net\/francais\/wp-json\/wp\/v2\/comments?post=439"}],"version-history":[{"count":0,"href":"https:\/\/ipsnews.net\/francais\/wp-json\/wp\/v2\/posts\/439\/revisions"}],"wp:attachment":[{"href":"https:\/\/ipsnews.net\/francais\/wp-json\/wp\/v2\/media?parent=439"}],"wp:term":[{"taxonomy":"category","embeddable":true,"href":"https:\/\/ipsnews.net\/francais\/wp-json\/wp\/v2\/categories?post=439"},{"taxonomy":"post_tag","embeddable":true,"href":"https:\/\/ipsnews.net\/francais\/wp-json\/wp\/v2\/tags?post=439"}],"curies":[{"name":"wp","href":"https:\/\/api.w.org\/{rel}","templated":true}]}}