{"id":390,"date":"1998-10-16T13:40:01","date_gmt":"1998-10-16T13:40:01","guid":{"rendered":"http:\/\/ipsnews.net\/francais\/1998\/10\/16\/droits-cameroun-une-grace-presidentielle-contre-une-clemence-internationale\/"},"modified":"1998-10-16T13:40:01","modified_gmt":"1998-10-16T13:40:01","slug":"droits-cameroun-une-grace-presidentielle-contre-une-clemence-internationale","status":"publish","type":"post","link":"https:\/\/ipsnews.net\/francais\/1998\/10\/16\/droits-cameroun-une-grace-presidentielle-contre-une-clemence-internationale\/","title":{"rendered":"DROITS-CAMEROUN: Une Gr\u00e2ce Pr\u00e9sidentielle Contre Une Cl\u00e9mence  Internationale"},"content":{"rendered":"<p>YAOUND, 16 oct. (IPS) &#8211; La gr\u00e2ce pr\u00e9sidentielle accord\u00e9e \u00e0 un<br \/>\njournaliste<br \/>\ncamerounais serait dict\u00e9e par le d\u00e9sir des autorit\u00e9s de ce pays<br \/>\nd&#39;obtenir \u00e0<br \/>\nleur tour une cl\u00e9mence internationale apr\u00e8s que le Cameroun a \u00e9t\u00e9<br \/>\nl&#39;objet de<br \/>\nnombreuses critiques internationales \u00e0 cause de l&#39;incarc\u00e9ration du<br \/>\njournaliste.<\/p>\n<p><!--more--><\/p>\n<p>Pius Njawe, directeur du journal &quot; Le Messager&quot;, a b\u00e9n\u00e9fici\u00e9<br \/>\nd&#39;une gr\u00e2ce<br \/>\npr\u00e9sidentielle le 12 octobre dernier, alors qu&#39;il devait passer<br \/>\nencore deux<br \/>\nmois \u00e0 la prison centrale de Douala, o\u00f9 il avait entam\u00e9 une peine<br \/>\nd&#39;un an<br \/>\npour &quot;propagation de fausses nouvelles&quot;.<br \/>\n Njawe, 41 ans, avait \u00e9t\u00e9 enlev\u00e9 \u00e0 son bureau par les forces de<br \/>\nl&#39;ordre le 24<br \/>\nd\u00e9cembre 1997. Il a \u00e9t\u00e9 jet\u00e9 en prison suite \u00e0 un article paru<br \/>\ndans le<br \/>\njournal &quot;Le Messager&quot; du 22 d\u00e9cembre 1997, dans lequel il<br \/>\ns&#39;interrogeait<br \/>\nsur la sant\u00e9 du Pr\u00e9sident de la R\u00e9publique.<br \/>\n Il a \u00e9cop\u00e9 d&#39;une peine de 2 ans d&#39;emprisonnement ferme et 500 000<br \/>\nFCFA<br \/>\nd&#39;amende. Sa peine avait \u00e9t\u00e9 r\u00e9duite \u00e0 un an, gr\u00e2ce \u00e0 l&#39;action de<br \/>\nses avocats.<br \/>\n Certains observateurs s&#39;interrogent sur cette d\u00e9cision soudaine<br \/>\nqui<br \/>\nintervient alors que le d\u00e9tenu avait d\u00e9j\u00e0 purg\u00e9 la plus grande<br \/>\npartie de sa<br \/>\npeine.<br \/>\n D\u00e8s sa sortie de prison, Njawe a pr\u00e9cis\u00e9 qu&#39;il n&#39;avait jamais<br \/>\nsollicit\u00e9 une<br \/>\ngr\u00e2ce pr\u00e9sidentielle.<br \/>\n &quot;J&#39;ai d\u00e9j\u00e0 purg\u00e9 l&#39;essentiel de ma peine (10 mois). Ce n&#39;est pas<br \/>\n\u00e0 deux<br \/>\nmois de la fin de mon calvaire pr\u00e9vue le 8 d\u00e9cembre que je peux me<br \/>\npermettre<br \/>\nde demander la gr\u00e2ce pr\u00e9sidentielle pour un crime que je n&#39;ai<br \/>\njamais<br \/>\ncommis&quot;, a tenu \u00e0 expliquer Pius Njawe dans un communiqu\u00e9 de<br \/>\npresse publi\u00e9<br \/>\nle 11 octobre dernier.<br \/>\n Dans le &quot;Bloc-notes Du Bagnard&quot;, une chronique tr\u00e8s c\u00e9l\u00e8bre<br \/>\nqu&#39;il animait<br \/>\ndepuis sa prison, Njawe pr\u00e9cise pourquoi il ne pouvait pas<br \/>\nrefuser la<br \/>\nproposition de Paul Biya, pr\u00e9sident du Cameroun.<br \/>\n &quot;Mes principes fondamentaux, ce sont les libert\u00e9s d\u00e9mocratiques,<br \/>\nc&#39;est ma<br \/>\nlibert\u00e9 individuelle. Un jour, quelqu&#39;un se pr\u00e9valant de ce qu&#39;il<br \/>\nest plus<br \/>\nfort que moi d\u00e9cide de me priver de cette libert\u00e9 qui m&#39;est si<br \/>\nch\u00e8re. Puis,<br \/>\nun jour, il estime que sa soif de vengeance est suffisamment<br \/>\nassouvie et<br \/>\nd\u00e9cide<br \/>\nde me laisser partir. Devrais-je continuer \u00e0 rester l\u00e0?&quot;,<br \/>\ns&#39;interroge-t-il.<br \/>\n &quot;On a voulu me &#39;piquer&#39; 12 pr\u00e9cieux mois de ma vie. H\u00e9las ! J&#39;en<br \/>\nai perdu<br \/>\n10, mais rattrap\u00e9 2, malgr\u00e9 tout. Alors, je les r\u00e9cup\u00e8re. Et viva<br \/>\nla<br \/>\nlibertad&#8230;&quot;, ajoute-t-il.<br \/>\n Dans l&#39;opinion, on a davantage \u00e9pilogu\u00e9 sur les enjeux<br \/>\ndiplomatiques et<br \/>\npolitiques de cette gr\u00e2ce pr\u00e9sidentielle.<br \/>\n &quot;La Nouvelle Expression&quot;, un tri-hebdomadaire priv\u00e9 paraissant \u00e0<br \/>\nDouala, a<br \/>\nindiqu\u00e9 dans son \u00e9dition du 12 octobre que Biya y \u00e9tait contraint<br \/>\nparce<br \/>\nqu&#39;il \u00e9tait &quot;en qu\u00eate d&#39;une gr\u00e2ce internationale&quot;.<br \/>\n La communaut\u00e9 internationale s&#39;est \u00e9norm\u00e9ment pr\u00e9occup\u00e9 de<br \/>\nl&#39;affaire Njawe,<br \/>\nen multipliant des lettres de protestation pour exiger la<br \/>\nlib\u00e9ration du<br \/>\njournaliste. La plupart des diplomates en poste \u00e0 Yaound\u00e9 ont<br \/>\nrendu visite \u00e0<br \/>\nNjawe dans sa prison de Douala, pour lui t\u00e9moigner leur soutien.<br \/>\n Amnesty International, une organin de d\u00e9fense des droits de<br \/>\nl&#39;homme<br \/>\nbas\u00e9e \u00e0 Londres, ainsi que Reporter Sans Fronti\u00e8re(RSF), une<br \/>\nassociation<br \/>\ninternationale de d\u00e9fense de la libert\u00e9 de la presse dans le<br \/>\nmonde ont<br \/>\nplusieurs fois interpell\u00e9 les autorit\u00e9s camerounaises sur cette<br \/>\naffaire.<br \/>\n La pression internationale et diplomatique \u00e9tait telle que les<br \/>\nministres<br \/>\ncamerounais en mission \u00e0 l&#39;\u00e9tranger \u00e9chappaient rarement aux<br \/>\nquestions<br \/>\ng\u00eanantes des journalistes sur le cas du journaliste incarc\u00e9r\u00e9.<br \/>\n Il y a quelques semaines, Augustin Kontchou Kouomegni, ministre<br \/>\nd&#39;Etat<br \/>\ncharg\u00e9 des relations ext\u00e9rieures a \u00e9t\u00e9 accueilli dans un h\u00f4tel \u00e0<br \/>\nBruxelles<br \/>\no\u00f9 il avait programm\u00e9 une conf\u00e9rence de presse, par une foule de<br \/>\nmanifestants portant des pancartes r\u00e9clamant la lib\u00e9ration de<br \/>\nNjawe.<br \/>\n L&#39;affaire Njawe aurait \u00e9galement eu un impact \u00e9conomique pour le<br \/>\nCameroun.<br \/>\n &quot;Combien d&#39;investisseurs s&#39;ajoutent au nombre d\u00e9j\u00e0 croissant de<br \/>\nceux qui<br \/>\nont tourn\u00e9 le dos \u00e0 notre pays \u00e0 cause de l&#39;affaire Njawe ?<br \/>\nCombien de<br \/>\nch\u00f4meurs de longue dur\u00e9e avons-nous enregistr\u00e9 dans nos familles<br \/>\n\u00e0 cause de<br \/>\ncette affaire dont le traitement juridique a de quoi faire fuir<br \/>\nles<br \/>\ninvestisseurs les plus passionn\u00e9s du Cameroun ?&quot;, s&#39;interroge<br \/>\nAlice Kom,<br \/>\nl&#39;un des avocats ayant d\u00e9fendu Pius Njawe.<br \/>\n La gr\u00e2ce pr\u00e9sidentielle accord\u00e9e \u00e0 Njawe intervient pendant qu&#39;une<br \/>\nd\u00e9l\u00e9gation du Cameroun conduite par le Ministre d&#39;Etat charg\u00e9 de<br \/>\nl&#39;Economie<br \/>\net des finances se trouvait \u00e0 Washington (USA) pour, entre autres,<br \/>\nn\u00e9gocier<br \/>\naupr\u00e8s de la Banque Mondiale le d\u00e9blocage des fonds devant<br \/>\npermettre la<br \/>\nconstruction du pipe-line Tchad\/Cameroun.<br \/>\n La Banque Mondiale retarde l&#39;octroi au Cameroun de plus de 80<br \/>\nmilliards de<br \/>\ndollars dans le cadre de ce projet dont le co\u00fbt total est \u00e9valu\u00e9<br \/>\n\u00e0 environ<br \/>\n1500 milliards de F. CFA.<br \/>\n Bien qu&#39;aucune source de la Banque mondiale n&#39;ait li\u00e9 ce retard \u00e0<br \/>\nl&#39;affaire<br \/>\nNjawe, certains analystes pensent que plusieurs donateurs auraient<br \/>\nconditionn\u00e9 leur aide \u00e0 la lib\u00e9ration du journaliste.<br \/>\n &quot; Les repr\u00e9sentants des pays donateurs ne pouvaient d\u00e9lier les<br \/>\ncordons de<br \/>\nla bourse pour un pays o\u00f9 on emprisonne un journaliste pour s&#39;\u00eatre<br \/>\nint\u00e9ress\u00e9<br \/>\n\u00e0 l&#39;absence injustifi\u00e9e du premier responsable de la R\u00e9publique au<br \/>\ncours<br \/>\nd&#39;une manifestation officielle publique&#8221;, commente la r\u00e9daction du<br \/>\n&quot;Messager&quot;.<br \/>\n La presse a \u00e9galement rapport\u00e9 l&#39;information selon laquelle Njawe<br \/>\n\u00e9tait<br \/>\ncomme un caillou dans les chaussures du chef de l&#39;Etat, puisqu&#39;il<br \/>\n\u00e9tait<br \/>\ncontraint de limiter ses voyages officiels \u00e0 l&#39;\u00e9tranger pour ne<br \/>\nplus \u00eatre<br \/>\nconfront\u00e9 \u00e0 cette affaire, comme ce fut le cas en France en mai<br \/>\ndernier.<br \/>\nCertains chefs d&#39;Etat \u00e9trangers auraient diff\u00e9r\u00e9 leur arriv\u00e9e au<br \/>\nCameroun<br \/>\npour les m\u00eames raisons.<br \/>\n &quot;J&#39;imagine mal monsieur Jacques Chirac, pr\u00e9sident de la France,<br \/>\nprogrammant<br \/>\nun voyage au Cameroun avec dans son avion une meute de<br \/>\njournalistes comme il<br \/>\nsait bien l&#39;organiser, qui viendront l&#39;embarrasser devant monsieur<br \/>\nBiya<br \/>\nparce qu&#39;ils veulent savoir quel sort ce monsieur r\u00e9serve \u00e0 leur<br \/>\nconfr\u00e8re en<br \/>\nprison&quot;, pense Njawe.<br \/>\n &quot;Je crois donc que c&#39;est la somme de tous les efforts qui ont \u00e9t\u00e9<br \/>\nd\u00e9ploy\u00e9s<br \/>\ndepuis 10 mois, qui a oblig\u00e9 monsieur Biya \u00e0 m&#39;accorder ce<br \/>\nsemblant de gr\u00e2ce<br \/>\nque je n&#39;ai pas demand\u00e9 en tout cas&quot;, tranche Pius Njawe.<br \/>\n L&#39;ancien prisonnier n&#39;a pas cach\u00e9 son sentiment de joie en<br \/>\nquittant la<br \/>\nprison de<br \/>\nDouala o\u00f9 une foule nombr\u00e9tait venue l&#39;attendre et l&#39;accueillir.<br \/>\nIl a<br \/>\n\u00e9galement exprim\u00e9 sa tristesse face \u00e0 la mis\u00e8re, la pauvret\u00e9 et<br \/>\nl&#39;abandon<br \/>\ndans lesquels il laisse les femmes et les hommes, souvent en<br \/>\nd\u00e9tention<br \/>\npr\u00e9ventive depuis des ann\u00e9es.<br \/>\n Njawe, a annonc\u00e9 qu&#39;il compte publier une s\u00e9rie de livres en<br \/>\nanglais et en<br \/>\nfran\u00e7ais afin de partager ce qu&#39;il a v\u00e9cu en prison avec le monde<br \/>\nentier.<br \/>\n Un autre journaliste demeure en d\u00e9tention au Cameroun. Il s&#39;agit<br \/>\nde<br \/>\nMichel Michaut Moussala, Directeur de Publication du bi-<br \/>\nhebdomadaire<br \/>\n&quot;Aurore Plus&quot;, paraissant \u00e0 Douala, condamn\u00e9 \u00e0 6 mois de prison<br \/>\npour<br \/>\ndiffamation dans une affaire l&#39;opposant \u00e0 un d\u00e9put\u00e9 du<br \/>\nRassemblement<br \/>\nD\u00e9mocratique du Peuple Camerounais (RDPC), le parti au pouvoir.<br \/>\n D&#39;autres journalistes, craignant pour leur vie, ont pr\u00e9f\u00e9r\u00e9 la<br \/>\nsolution de<br \/>\nl&#39;exil.<\/p>\n","protected":false},"excerpt":{"rendered":"<p>YAOUND, 16 oct. (IPS) &#8211; La gr\u00e2ce pr\u00e9sidentielle accord\u00e9e \u00e0 un journaliste camerounais serait dict\u00e9e par le d\u00e9sir des autorit\u00e9s de ce pays d&#39;obtenir \u00e0 leur tour une cl\u00e9mence internationale apr\u00e8s que le Cameroun a \u00e9t\u00e9 l&#39;objet de nombreuses critiques&hellip; <a href=\"https:\/\/ipsnews.net\/francais\/1998\/10\/16\/droits-cameroun-une-grace-presidentielle-contre-une-clemence-internationale\/\" class=\"more-link\">Continue Reading <span class=\"meta-nav\">&rarr;<\/span><\/a><\/p>\n","protected":false},"author":36,"featured_media":0,"comment_status":"open","ping_status":"open","sticky":false,"template":"","format":"standard","meta":{"footnotes":""},"categories":[5,10,1],"tags":[],"class_list":["post-390","post","type-post","status-publish","format-standard","hentry","category-afrique","category-droits-humains","category-headlines"],"_links":{"self":[{"href":"https:\/\/ipsnews.net\/francais\/wp-json\/wp\/v2\/posts\/390","targetHints":{"allow":["GET"]}}],"collection":[{"href":"https:\/\/ipsnews.net\/francais\/wp-json\/wp\/v2\/posts"}],"about":[{"href":"https:\/\/ipsnews.net\/francais\/wp-json\/wp\/v2\/types\/post"}],"author":[{"embeddable":true,"href":"https:\/\/ipsnews.net\/francais\/wp-json\/wp\/v2\/users\/36"}],"replies":[{"embeddable":true,"href":"https:\/\/ipsnews.net\/francais\/wp-json\/wp\/v2\/comments?post=390"}],"version-history":[{"count":0,"href":"https:\/\/ipsnews.net\/francais\/wp-json\/wp\/v2\/posts\/390\/revisions"}],"wp:attachment":[{"href":"https:\/\/ipsnews.net\/francais\/wp-json\/wp\/v2\/media?parent=390"}],"wp:term":[{"taxonomy":"category","embeddable":true,"href":"https:\/\/ipsnews.net\/francais\/wp-json\/wp\/v2\/categories?post=390"},{"taxonomy":"post_tag","embeddable":true,"href":"https:\/\/ipsnews.net\/francais\/wp-json\/wp\/v2\/tags?post=390"}],"curies":[{"name":"wp","href":"https:\/\/api.w.org\/{rel}","templated":true}]}}