{"id":3743,"date":"2007-12-18T13:40:01","date_gmt":"2007-12-18T13:40:01","guid":{"rendered":"http:\/\/ipsnews.net\/francais\/2007\/12\/18\/population-afrique-que-font-les-gouvernements-pour-arreter-la-fuite-des-cerveaux\/"},"modified":"2007-12-18T13:40:01","modified_gmt":"2007-12-18T13:40:01","slug":"population-afrique-que-font-les-gouvernements-pour-arreter-la-fuite-des-cerveaux","status":"publish","type":"post","link":"https:\/\/ipsnews.net\/francais\/2007\/12\/18\/population-afrique-que-font-les-gouvernements-pour-arreter-la-fuite-des-cerveaux\/","title":{"rendered":"POPULATION-AFRIQUE: Que font les gouvernements pour arr\u00eater la fuite des cerveaux?"},"content":{"rendered":"<p>ARUSHA, 18 d\u00e9c (IPS) &#8211; Des chercheurs reprochent aux pouvoirs publics africains d&#39;\u00eatre responsables de la fuite des cerveaux vers l&#39;Occident, consid\u00e9r\u00e9e aujourd&#39;hui comme l&#39;un des obstacles end\u00e9miques au d\u00e9veloppement du continent, malgr\u00e9 les d\u00e9n\u00e9gations des officiels.\n <\/p>\n<p><!--more--><\/p>\n<p>Des dizaines de chercheurs de tous horizons, r\u00e9unis \u00e0 Arusha, dans le nord-ouest de la Tanzanie, la semaine derni\u00e8re, \u00e0 l&#39;occasion de la cinqui\u00e8me conf\u00e9rence africaine de recherche sur la population et la sant\u00e9, n&#39;ont pas h\u00e9sit\u00e9 \u00e0 accuser les dirigeants africains ne rien faire pour maintenir leurs dipl\u00f4m\u00e9s dans leurs pays.<\/p>\n<p> &#8220;La migration du personnel africain hautement qualifi\u00e9 vers l&#39;Occident reste pr\u00e9occupante, car cette situation constitue une entrave majeure au d\u00e9veloppement du continent&#8221;, a d\u00e9clar\u00e9 Mary Kritz, une enseignante de sociologie \u00e0 l&#39;universit\u00e9 am\u00e9ricaine de Cornell.<\/p>\n<p> &#8220;Parmi des milliers d&#39;Africains qui sont partis faire des \u00e9tudes en Europe et en Am\u00e9rique du nord, la plupart ne sont jamais retourn\u00e9s dans leurs pays apr\u00e8s leur cursus acad\u00e9mique&#8221;, a soulign\u00e9 Kritz lors de la pr\u00e9sentation d&#39;un rapport sur l&#39;examen des liens existant entre la migration internationale d&#39;un \u00e9tudiant africain et les effets n\u00e9fastes de cette situation sur le d\u00e9veloppement du continent.<\/p>\n<p> &#8220;Si le d\u00e9veloppement durable du continent est sur l&#39;agenda des d\u00e9cideurs politiques africains, les pays ont besoin d&#39;avoir un personnel qualifi\u00e9 dans les domaines de la sant\u00e9, de l&#39;\u00e9ducation et dans d&#39;autres secteurs cl\u00e9s de d\u00e9veloppement comme la technologie&#8221;, a expliqu\u00e9 Kritz \u00e0 IPS.<\/p>\n<p> Dans son dernier rapport publi\u00e9 en 2006, la Commission \u00e9conomique des Nations Unies pour l&#39;Afrique et l&#39;Organisation internationale pour les migrations estiment que depuis 1990, au moins 20.000 personnes quittent chaque ann\u00e9e le continent africain et tendent \u00e0 \u00e9migrer en Europe de l&#39;ouest et en Am\u00e9rique du nord.  &#8220;C&#39;est une situation qui interpelle notamment les d\u00e9cideurs politiques, car les crises \u00e9conomiques et politiques qui s&#39;abattent sur le continent depuis quelques d\u00e9cennies dissuadent un grand nombre de rentrer au pays&#8221;, commente Kritz.<\/p>\n<p> Cette opinion est partag\u00e9e par le professeur John Oucho, chercheur au centre de recherche sur les relations ethniques \u00e0 l&#39;universit\u00e9 britannique de Warwick. &#8220;Les crises \u00e9conomiques et le taux de ch\u00f4mage \u00e9lev\u00e9, avec le manque de services sociaux adapt\u00e9s comme la sant\u00e9 et l&#39;\u00e9ducation, figurent parmi ces facteurs de dissuasion&#8221;, explique-t-il \u00e0 IPS.  &#8220;Mais les dirigeants africains doivent reconna\u00eetre qu&#39;il y a n\u00e9cessit\u00e9 d&#39;adopter une nouvelle approche pour faire face au taux de migration des travailleurs qualifi\u00e9s qui ne cesse d&#39;augmenter&#8221;, estime Oucho, d\u00e9plorant une &quot;l\u00e9thargie notoire&quot; des d\u00e9cideurs politiques africains qui ne s&#39;att\u00e8lent pas \u00e0 mobiliser la diaspora africaine \u00e0 investir sur le continent.  &#8220;Il y a surtout manque de patriotisme pour nos responsables politiques qui ont plut\u00f4t tendance \u00e0 s&#39;enrichir que de viser le d\u00e9veloppement et le bien-\u00eatre de leurs populations&#8221;, d\u00e9nonce Oucho qui est d&#39;origine kenyane. &#8220;Comment expliquer que des parlementaires de nos pays prennent les d\u00e9cisions de gonfler leurs salaires en se procurant en m\u00eame temps d&#39;autres avantages de richesse, sans tenir compte d&#39;abord de l&#39;int\u00e9r\u00eat de d\u00e9veloppement de leurs citoyens?&#8221;, demande Oucho.<\/p>\n<p> Par ailleurs, il estime que des organisations panafricaines et r\u00e9gionales peuvent participer \u00e0 renforcer des mesures pr\u00e9vues dans les politiques nationales et aider les pays du continent \u00e0 limiter la fuite d&#39;une main-d&#39;\u0153uvre qualifi\u00e9e vers l&#39;Occident.<\/p>\n<p> &#8220;Pour parer \u00e0 cette situation, les d\u00e9cideurs africains sont invit\u00e9s \u00e0 tenir leurs promesses et respecter leurs engagements pour le bien-\u00eatre de leur peuple&#8221;, affirme Oucho \u00e0 IPS. &#8220;Si le d\u00e9veloppement durable est une politique dans les textes, il faudrait que les d\u00e9cideurs politiques africains s&#39;att\u00e8lent \u00e0 mettre en place des programmes qui inverseront les effets d\u00e9vastateurs de la fuite des cerveaux&#8221;.<\/p>\n<p> &#8220;Nombre d&#39;Africains sont tr\u00e8s d\u00e9sireux de rentrer chez eux et de participer au d\u00e9veloppement de leur pays, mais leurs aspirations sont compromises par des pouvoirs publics n\u00e9gligents&#8221;, souligne-t-il.<\/p>\n<p> Mais cette all\u00e9gation est rejet\u00e9e par Gaudense Kayombo, vice-ministre tanzanienne du Plan, de l&#39;Economie et du Renforcement des Capacit\u00e9s. &#8220;Il ne faudra pas chercher des boucs \u00e9missaires aux politiques pour en faire des responsables&#8230; de la fuite des cerveaux&#8221;, d\u00e9clare-t-elle \u00e0 IPS. &#8220;C&#39;est un cas g\u00e9n\u00e9ral pour certains Africains qui quittent leurs pays, car ils esp\u00e8rent gagner une vie d\u00e9cente en occident&#8221;.<\/p>\n<p> &#8220;Il y a tout simplement absence d&#39;esprit de patriotisme pour ces intellectuels africains qui choisissent de travailler et de vivre \u00e0 l&#39;\u00e9tranger, dont la plupart quittent leurs pays alors qu&#39;ils ont m\u00eame un emploi&#8221;, affirme-t-elle.  Mais Kevin Thomas, chercheur sur le ph\u00e9nom\u00e8ne de migration internationale \u00e0 l&#39;universit\u00e9 am\u00e9ricaine de Pennsylvanie, pr\u00e9f\u00e8re ne pas se lancer dans un d\u00e9bat politique, indiquant que la fuite des cerveaux africains est parfois la cons\u00e9quence des crises politiques et d&#39;autres conflits qui s&#39;abattent sur le continent.<\/p>\n<p> &#8220;Dans la plupart des cas, le continent africain se vide de ses comp\u00e9tences suite \u00e0 l&#39;instabilit\u00e9 politique, mais ces immigr\u00e9s africains rentrent souvent au bercail lorsque la situation se normalise&#8221;, explique Thomas, auteur d&#39;une \u00e9tude intitul\u00e9e en anglais &#39;The Demography of Migrant Population in Africa&#39; (La d\u00e9mographie de la population des migrants en Afrique), qui a \u00e9t\u00e9 r\u00e9alis\u00e9e en 2004 en Afrique du Sud et en Ouganda, deux pays ayant connu des crises politiques au cours des d\u00e9cennies pass\u00e9es.  Selon Thomas, des pays industrialis\u00e9s ont de plus en plus besoin des immigr\u00e9s africains qualifi\u00e9s dont, affirme-t-il, la plupart rentrent au bercail une fois la stabilit\u00e9 revenue dans leurs pays. &#8220;La plupart des ces \u00e9migr\u00e9s africains sont toujours contraints d&#39;accepter des emplois mal r\u00e9mun\u00e9r\u00e9s et durs non accept\u00e9s par des ressortissants occidentaux&#8221;, souligne-t-il.  Pour sa part, Thierry Kayitare, un ressortissant rwandais d&#39;une trentaine d&#39;ann\u00e9es, d\u00e9clare \u00e0 IPS : &#8220;La mobilisation de la diaspora \u00e0 rentrer au bercail n&#39;est pas une solution durable. La seule alternative serait&#8230; de mobiliser ces immigr\u00e9s africains \u00e0 investir dans leurs pays, m\u00eame si certains pr\u00e9f\u00e8reraient rester en Occident&#8221;.  Kayitare, qui a v\u00e9cu pendant dix ans en Europe avant de rentrer en Afrique o\u00f9 il travaille actuellement comme informaticien dans un organisme international bas\u00e9 \u00e0 Arusha, a ajout\u00e9 : &#8220;Nous avons besoin que les d\u00e9cideurs politiques africains arr\u00eatent cette d\u00e9magogie et que le discours politique sur le bien-\u00eatre social rime avec la r\u00e9alit\u00e9 sur le terrain&#8221;.<\/p>\n","protected":false},"excerpt":{"rendered":"<p>ARUSHA, 18 d\u00e9c (IPS) &#8211; Des chercheurs reprochent aux pouvoirs publics africains d&#39;\u00eatre responsables de la fuite des cerveaux vers l&#39;Occident, consid\u00e9r\u00e9e aujourd&#39;hui comme l&#39;un des obstacles end\u00e9miques au d\u00e9veloppement du continent, malgr\u00e9 les d\u00e9n\u00e9gations des officiels.<\/p>\n","protected":false},"author":366,"featured_media":0,"comment_status":"open","ping_status":"open","sticky":false,"template":"","format":"standard","meta":{"footnotes":""},"categories":[31,5,11,27,1,7,3,20],"tags":[],"class_list":["post-3743","post","type-post","status-publish","format-standard","hentry","category-africa-centrale","category-afrique","category-developpement","category-east-africa","category-headlines","category-politique","category-population-refugies","category-travail"],"_links":{"self":[{"href":"https:\/\/ipsnews.net\/francais\/wp-json\/wp\/v2\/posts\/3743","targetHints":{"allow":["GET"]}}],"collection":[{"href":"https:\/\/ipsnews.net\/francais\/wp-json\/wp\/v2\/posts"}],"about":[{"href":"https:\/\/ipsnews.net\/francais\/wp-json\/wp\/v2\/types\/post"}],"author":[{"embeddable":true,"href":"https:\/\/ipsnews.net\/francais\/wp-json\/wp\/v2\/users\/366"}],"replies":[{"embeddable":true,"href":"https:\/\/ipsnews.net\/francais\/wp-json\/wp\/v2\/comments?post=3743"}],"version-history":[{"count":0,"href":"https:\/\/ipsnews.net\/francais\/wp-json\/wp\/v2\/posts\/3743\/revisions"}],"wp:attachment":[{"href":"https:\/\/ipsnews.net\/francais\/wp-json\/wp\/v2\/media?parent=3743"}],"wp:term":[{"taxonomy":"category","embeddable":true,"href":"https:\/\/ipsnews.net\/francais\/wp-json\/wp\/v2\/categories?post=3743"},{"taxonomy":"post_tag","embeddable":true,"href":"https:\/\/ipsnews.net\/francais\/wp-json\/wp\/v2\/tags?post=3743"}],"curies":[{"name":"wp","href":"https:\/\/api.w.org\/{rel}","templated":true}]}}