{"id":2437,"date":"2005-02-25T13:40:01","date_gmt":"2005-02-25T13:40:01","guid":{"rendered":"http:\/\/ipsnews.net\/francais\/2005\/02\/25\/droits-les-enfants-de-la-guerre-ont-besoin-de-plus-de-soutien\/"},"modified":"2005-02-25T13:40:01","modified_gmt":"2005-02-25T13:40:01","slug":"droits-les-enfants-de-la-guerre-ont-besoin-de-plus-de-soutien","status":"publish","type":"post","link":"https:\/\/ipsnews.net\/francais\/2005\/02\/25\/droits-les-enfants-de-la-guerre-ont-besoin-de-plus-de-soutien\/","title":{"rendered":"DROITS: Les enfants de la guerre ont besoin de plus de soutien"},"content":{"rendered":"<p>PARIS, 25 f\u00e9v (IPS) &#8211; Iman n&#39;avait que 14 ans lorsqu&#39;un seigneur de la guerre lib\u00e9rien l&#39;a prise comme sa &#39;femme&#39;. Pendant des mois, elle a \u00e9t\u00e9 contrainte de lui servir d&#39;esclave sexuel.\n<\/p>\n<p><!--more--><\/p>\n<p>\n Elle fait partie des quelques filles chanceuses qui ont \u00e9chapp\u00e9 \u00e0 ce sort.<\/p>\n<p>Aujourd&#39;hui, elle travaille sur une ferme non loin de sa maison dans un programme de r\u00e9int\u00e9gration lanc\u00e9 par le groupe fran\u00e7ais M\u00e9decins du monde.<\/p>\n<p> Iman, comme des centaines d&#39;autres enfants dans ce centre au Liberia, est en train de d\u00e9couvrir une vie normale et occup\u00e9e. &quot;Les enfants qui ont surv\u00e9cu \u00e0 la guerre civile sont maintenant charg\u00e9s d&#39;ex\u00e9cuter des t\u00e2ches comme s&#39;occuper des animaux ou des plantations, en dehors de l&#39;\u00e9ducation qu&#39;ils re\u00e7oivent&quot;, d\u00e9clare la psychiatre Fr\u00e9d\u00e9rique Drogoul qui a pass\u00e9 plusieurs mois au Liberia l&#39;ann\u00e9e derni\u00e8re.<\/p>\n<p> Mais le nombre d&#39;enfants b\u00e9n\u00e9ficiant d&#39;une r\u00e9int\u00e9gration n&#39;est pas suffisant, dit-elle. Des statistiques des Nations Unies montrent qu&#39;environ 300.000 enfants sont enr\u00f4l\u00e9s dans des conflits arm\u00e9s \u00e0 travers le monde.<\/p>\n<p>&quot;Mais les adolescents enr\u00f4l\u00e9s directement dans des arm\u00e9es r\u00e9guli\u00e8res ou irr\u00e9guli\u00e8res repr\u00e9sentent seulement une petite fraction du nombre total d&#39;enfants abus\u00e9s par la guerre&quot;, a indiqu\u00e9 Drogoul \u00e0 IPS. Ce chiffre s&#39;\u00e9l\u00e8ve \u00e0 des millions, a-t-elle ajout\u00e9.<\/p>\n<p> Drogoul, qui surveille actuellement le traitement des enfants tch\u00e9tch\u00e8nes traumatis\u00e9s par la guerre, dit que le traitement est difficile, mais peut \u00eatre couronn\u00e9 de succ\u00e8s. On dispense aux enfants tch\u00e9tch\u00e8nes, pr\u00e9sentement soign\u00e9s en R\u00e9publique d&#39;Ingoushie voisine, l&#39;instruction, des divertissements et un traitement psychiatrique.<\/p>\n<p> &quot;Tous les enfants en Ingoushie vont \u00e0 l&#39;\u00e9cole, sont emmen\u00e9s pour jouer et re\u00e7oivent des jouets&quot;, a d\u00e9clar\u00e9 Drogoul. &quot;Mais un enfant sur cinq pr\u00e9sente de graves sympt\u00f4mes inqui\u00e9tants comme l&#39;insomnie, l&#39;incontinence et le rejet du savoir. Cela sugg\u00e8re la n\u00e9cessit\u00e9 d&#39;un traitement psychiatrique profond&quot;.<\/p>\n<p> Les enfants sont trait\u00e9s par des psychiatres tch\u00e9tch\u00e8nes form\u00e9s et suivis par des experts europ\u00e9ens. &quot;Les enfants doivent \u00eatre trait\u00e9s par des ressortissants de leurs pays, par des gens qui parlent leur langue, connaissent leur culture et sont capables de cr\u00e9er un contact facile avec eux&quot;, a soulign\u00e9 Drogoul.<\/p>\n<p> Une des m\u00e9thodes utilis\u00e9es consiste \u00e0 encourager les enfants \u00e0 dessiner, a-t-elle indiqu\u00e9. Les dessins peuvent devenir un instrument de m\u00e9diation entre le psychiatre et le subconscient de l&#39;enfant. &quot;Apr\u00e8s quelques mois, nous sommes capables de conduire l&#39;enfant dans une r\u00e9flexion th\u00e9rapeutique sur les souffrances exprim\u00e9es \u00e0 travers les dessins&quot;.<\/p>\n<p> L&#39;objectif n&#39;est pas d&#39;inciter un enfant \u00e0 oublier le traumatisme, mais de l&#39;aider \u00e0 comprendre les circonstances qui l&#39;entourent, a-t-elle d\u00e9clar\u00e9.<\/p>\n<p> Un rapport du repr\u00e9sentant sp\u00e9cial de l&#39;ONU sur les enfants et les conflits arm\u00e9s, publi\u00e9 plus t\u00f4t ce mois, a identifi\u00e9 54 groupes militaires qui comptent des enfants et des adolescents comme des combattants.<\/p>\n<p> Plusieurs de ces groupes sont en Afrique &#8211; au Burundi, en C\u00f4te d&#39;Ivoire, en Somalie, au Soudan, en R\u00e9publique d\u00e9mocratique du Congo, et en Ouganda.<\/p>\n<p>Mais il y a \u00e9galement de grands nombres en Afghanistan, en Tch\u00e9tch\u00e9nie en Russie, en Birmanie, au N\u00e9pal, aux Philippines, au Sri Lanka et en Colombie en Am\u00e9rique latine.<\/p>\n<p> Les Nations Unies ont approuv\u00e9 un &quot;protocole facultatif sur l&#39;implication des enfants dans des conflits arm\u00e9s&quot;, en mai 2000. Il appelle \u00e0 l&#39;interdiction de l&#39;enr\u00f4lement des enfants \u00e2g\u00e9s de moins de 18 ans comme combattants.<\/p>\n<p> Le statut de Rome de la Cour p\u00e9nale internationale d\u00e9clare comme un crime de guerre &quot;l&#39;enr\u00f4lement ou le recrutement d&#39;enfants \u00e2g\u00e9s de moins de 15 ans ou leur utilisation pour participer activement aux hostilit\u00e9s aussi bien dans des conflits arm\u00e9s internationaux que nationaux&quot;.<\/p>\n<p> Mais de telles conventions &quot;ne valent pas le papier sur lequel elles sont \u00e9crites si aucune d&#39;elles n&#39;est appliqu\u00e9e&quot;, a affirm\u00e9 Drogoul.<\/p>\n<p> Plusieurs activistes et m\u00e9decins, qui s&#39;\u00e9taient r\u00e9unis \u00e0 une convention sur &#39;Les enfants et la guerre&#39; \u00e0 Paris au d\u00e9but de ce mois, ont d\u00e9clar\u00e9 que si le droit international \u00e9tait appliqu\u00e9, un grand nombre de seigneurs de la guerre utilisant les enfants devraient, \u00e0 l&#39;heure actuelle, passer en jugement.<\/p>\n<p> &quot;Si les lois internationales \u00e9taient appliqu\u00e9es, chaque leader des 54 groupes que les Nations Unies ont identifi\u00e9s r\u00e9cemment comme maltraitant des enfants soit comme une chair \u00e0 canon soit comme des esclaves sexuels, devrait finir devant la Cour internationale de justice&quot;, a indiqu\u00e9 Jacques Hintzy du Fonds des Nations unies pour l&#39;enfance (UNICEF).<\/p>\n<p> Une premi\u00e8re \u00e9tape devrait consister \u00e0 mettre un frein au commerce des armes l\u00e9g\u00e8res, a-t-il soulign\u00e9. &quot;Il y a une forte corr\u00e9lation entre la pr\u00e9sence des armes l\u00e9g\u00e8res dans un conflit et l&#39;enr\u00f4lement des enfants comme combattants&quot;, a expliqu\u00e9 Hintzy \u00e0 IPS.<\/p>\n<p> Drogoul a demand\u00e9 plus de ressources financi\u00e8res pour l&#39;UNICEF et les organisations non gouvernementales travaillant dans des zones de conflit militaire afin d&#39;aider les enfants \u00e0 sortir du traumatisme de la guerre.<\/p>\n<p>\n","protected":false},"excerpt":{"rendered":"<p>PARIS, 25 f\u00e9v (IPS) &#8211; Iman n&#39;avait que 14 ans lorsqu&#39;un seigneur de la guerre lib\u00e9rien l&#39;a prise comme sa &#39;femme&#39;. Pendant des mois, elle a \u00e9t\u00e9 contrainte de lui servir d&#39;esclave sexuel.<\/p>\n","protected":false},"author":302,"featured_media":0,"comment_status":"open","ping_status":"open","sticky":false,"template":"","format":"standard","meta":{"footnotes":""},"categories":[5,10,1,7],"tags":[],"class_list":["post-2437","post","type-post","status-publish","format-standard","hentry","category-afrique","category-droits-humains","category-headlines","category-politique"],"_links":{"self":[{"href":"https:\/\/ipsnews.net\/francais\/wp-json\/wp\/v2\/posts\/2437","targetHints":{"allow":["GET"]}}],"collection":[{"href":"https:\/\/ipsnews.net\/francais\/wp-json\/wp\/v2\/posts"}],"about":[{"href":"https:\/\/ipsnews.net\/francais\/wp-json\/wp\/v2\/types\/post"}],"author":[{"embeddable":true,"href":"https:\/\/ipsnews.net\/francais\/wp-json\/wp\/v2\/users\/302"}],"replies":[{"embeddable":true,"href":"https:\/\/ipsnews.net\/francais\/wp-json\/wp\/v2\/comments?post=2437"}],"version-history":[{"count":0,"href":"https:\/\/ipsnews.net\/francais\/wp-json\/wp\/v2\/posts\/2437\/revisions"}],"wp:attachment":[{"href":"https:\/\/ipsnews.net\/francais\/wp-json\/wp\/v2\/media?parent=2437"}],"wp:term":[{"taxonomy":"category","embeddable":true,"href":"https:\/\/ipsnews.net\/francais\/wp-json\/wp\/v2\/categories?post=2437"},{"taxonomy":"post_tag","embeddable":true,"href":"https:\/\/ipsnews.net\/francais\/wp-json\/wp\/v2\/tags?post=2437"}],"curies":[{"name":"wp","href":"https:\/\/api.w.org\/{rel}","templated":true}]}}