{"id":1311,"date":"2002-09-16T13:40:01","date_gmt":"2002-09-16T13:40:01","guid":{"rendered":"http:\/\/ipsnews.net\/francais\/2002\/09\/16\/environnement-senegal-la-municipalite-de-dakar-lance-la-guerre-contre-lesordures\/"},"modified":"2002-09-16T13:40:01","modified_gmt":"2002-09-16T13:40:01","slug":"environnement-senegal-la-municipalite-de-dakar-lance-la-guerre-contre-lesordures","status":"publish","type":"post","link":"https:\/\/ipsnews.net\/francais\/2002\/09\/16\/environnement-senegal-la-municipalite-de-dakar-lance-la-guerre-contre-lesordures\/","title":{"rendered":"ENVIRONNEMENT-SENEGAL: La municipalit\u00e9 de Dakar lance la guerre contre lesordures"},"content":{"rendered":"<p>DAKAR, 16 sept (IPS) &#8211; Les nouvelles autorit\u00e9s municipales de Dakar, install\u00e9es en mai dernier, affichent leur d\u00e9termination \u00e0 mener &quot;la guerre&quot; contre les 1.200 tonnes d&#39;ordures produites par jour dans la capitale s\u00e9n\u00e9galaise peupl\u00e9e de pr\u00e8s de deux millions d&#39;habitants.\n<\/p>\n<p><!--more--><\/p>\n<p>\n En fait, la vile de Dakar tente, depuis deux mois, de retrouver sa propret\u00e9 d&#39;antan, apr\u00e8s une longue p\u00e9riode au cours de laquelle d&#39;\u00e9normes quantit\u00e9s d&#39;ordures, amoncel\u00e9es ou \u00e9parpill\u00e9es partout dans la cit\u00e9, \u00e9taient devenues un fl\u00e9au qui avait fini par ternir l&#39;image de la capitale.<\/p>\n<p> La municipalit\u00e9 de Dakar est d&#39;autant plus d\u00e9termin\u00e9e que le pr\u00e9sident de la R\u00e9publique, Abdoulaye Wade, a menac\u00e9 de faire destituer toute \u00e9quipe municipale qui se r\u00e9v\u00e8lera incapable d&#39;assurer la propret\u00e9 de sa localit\u00e9.  &quot;Les responsables des municipalit\u00e9s doivent faire de la propret\u00e9 l&#39;une de leurs priorit\u00e9s. Je ne tol\u00e8rerai pas la salet\u00e9 dans nos villes. Tout maire qui ne peut pas assurer la propret\u00e9 de sa localit\u00e9 sera remplac\u00e9&quot;, avait d\u00e9clar\u00e9 Wade le 12 mai dernier, jour des \u00e9lections municipales et rurales.<\/p>\n<p> Pour r\u00e9ussir cette mission, l&#39;\u00e9quipe municipale de Dakar a suscit\u00e9 la cr\u00e9ation de Groupements d&#39;int\u00e9r\u00eats \u00e9conomiques (GIE) de jeunes sp\u00e9cialis\u00e9s dans la collecte des ordures pour venir en appoint \u00e0 l&#39;entreprise \u00e9trang\u00e8re charg\u00e9e d&#39;accomplir ce travail depuis le d\u00e9but de l&#39;ann\u00e9e.  &quot;Cette politique est destin\u00e9e \u00e0 pallier les insuffisances de la soci\u00e9t\u00e9 charg\u00e9e de la collecte des ordures. A elle seule, elle ne pourra pas y arriver. La ville est grande et elle ne peut pas \u00eatre partout&quot;, souligne Souleymane Ndiaye, un conseiller municipal.  Le financement r\u00e9serv\u00e9 \u00e0 la gestion des ordures par la municipalit\u00e9 de Dakar est de quelque 800 millions de francs CFA (environ 1,2 million de dollars US) par an.  Les GIE interviennent surtout dans les quartiers de la banlieue de Dakar, r\u00e9partis en zones. Equip\u00e9s de camions sp\u00e9cialis\u00e9s, ils passent deux ou trois fois par semaine, au grand bonheur des populations. &quot;Pendant longtemps, les ordures ont constitu\u00e9 un casse-t\u00eate pour nous. Pour s&#39;en d\u00e9barrasser, nous \u00e9tions souvent oblig\u00e9s de les enfouir dans la cour de notre maison.<\/p>\n<p>Maintenant, nous nous sentons soulag\u00e9s&quot;, explique Ma\u00efmouna Sarr, une m\u00e9nag\u00e8re habitant le quartier de Grand Yoff.  &quot;L&#39;image de la ville s&#39;est compl\u00e8tement d\u00e9grad\u00e9e depuis pr\u00e8s de deux d\u00e9cennies \u00e0 cause des ordures. Ceux qui connaissaient la ville dans les ann\u00e9es 70, ne la reconna\u00eetraient pas aujourd&#39;hui&quot;, regrette Mamadou Ndoye, un septuag\u00e9naire natif de Dakar.  &quot;La gestion actuelle des d\u00e9chets rel\u00e8ve du pilotage \u00e0 vue. Il n&#39;y a pas de planification dans la gestion des ordures aussi bien dans la capitale que dans les r\u00e9gions. Il n&#39;y a jamais eu un plan directeur de gestion de ces d\u00e9chets. Faute d&#39;une bonne planification, nous ne pourrons pas faire efficacement face au fl\u00e9au&quot;, regrette-on \u00e0 la Direction de l&#39;environnement et des \u00e9tablissements class\u00e9s du S\u00e9n\u00e9gal (DEEC).<\/p>\n<p> La DEEC reconna\u00eet que &quot;L&#39;avantage d&#39;un plan directeur, c&#39;est qu&#39;il nous permettra de suivre le processus de collecte et de gestion des ordures&quot;.<\/p>\n<p> La d\u00e9gradation de l&#39;environnement \u00e0 Dakar a commenc\u00e9 au milieu des ann\u00e9es 80, avec la dissolution de la Soci\u00e9t\u00e9 africaine de d\u00e9veloppement industriel et de propret\u00e9 (SOADIP) qui \u00e9tait charg\u00e9e du nettoiement, de la collecte et de la gestion des ordures m\u00e9nag\u00e8res de la ville.<\/p>\n<p> Les ordures collect\u00e9es \u00e0 Dakar et sa banlieue sont envoy\u00e9es \u00e0 Mbeubeuss, une d\u00e9charge situ\u00e9e \u00e0 25 kilom\u00e8tres au nord-est de la ville. Long de 4 km et ouvert en 1970, le site a depuis longtemps d\u00e9pass\u00e9 sa capacit\u00e9 d&#39;accueil.  Situ\u00e9e \u00e0 pr\u00e8s de 2 km de la mer, la d\u00e9charge se trouve sur une nappe phr\u00e9atique qui assure une partie de l&#39;alimentation en eau de la capitale.<\/p>\n<p>Pour \u00e9viter des risques de contamination \u00e0 cause de la pollution de la nappe, la Soci\u00e9t\u00e9 nationale des eaux du S\u00e9n\u00e9gal (SONES) a ferm\u00e9 les forages qui utilisaient l&#39;eau de cette source profonde seulement d&#39;une dizaine m\u00e8tres.  &quot;Mbeubeuss ne r\u00e9pond pas aux normes d&#39;une d\u00e9charge. C&#39;est une d\u00e9charge sauvage qui accueille toutes sortes de d\u00e9chets qui n&#39;ont subi aucun traitement pr\u00e9alable. D&#39;ailleurs, il n&#39;existe pas une seule d\u00e9charge contr\u00f4l\u00e9e dans tout le pays. Aucune d\u00e9charge ne r\u00e9pond aux normes&quot;, d\u00e9plore Michel Sarr, employ\u00e9 de la DEEC, qui a soutenu une th\u00e8se de doctorat sur la gestion des d\u00e9chets \u00e0 Dakar.<\/p>\n<p> Les cons\u00e9quences de la d\u00e9charge ne cessent de se faire sentir sur le plan sanitaire par les habitants des quartiers riverains. En plus des odeurs \u00e0 la fois pestilentielles et \u00e2cres, ils se plaignent souvent de maladies diarrh\u00e9iques, pulmonaires et autres picotements au niveau de la peau.  &quot;Il ne se passe pas un jour sans que nous n&#39;enregistrions un cas de ces maladies dans notre quartier. Vous ne pouvez pas savoir les risques sanitaires que nous courons avec cette d\u00e9charge. Depuis plusieurs ann\u00e9es, nous ne cessons de demander sa fermeture, mais l&#39;Etat ne semble pas se pr\u00e9occuper de notre sort&quot;, confie Moussa Sow, habitant d&#39;un petit village peul situ\u00e9 \u00e0 moins de 2 km du site.  &quot;Nous enregistrons beaucoup de maladies caus\u00e9es par un manque d&#39;hygi\u00e8ne et nous savons que la d\u00e9charge n&#39;est pas \u00e9trang\u00e8re \u00e0 cela. Les risques sont \u00e9normes pour la population&quot;, confirme un infirmier du centre de sant\u00e9 de la zone.  Les \u00e9cologistes ne cessent de d\u00e9crier cette d\u00e9charge qu&#39;ils consid\u00e8rent comme une &quot;bombe \u00e9cologique&quot;. &quot;Cette d\u00e9charge est une aberration. Elle ne r\u00e9pond pas aux normes d&#39;une d\u00e9charge et constitue une menace pour les populations et pour l&#39;environnement&quot;, explique Ibrahima Sy, un militant proche de la direction du Parti africain des \u00e9cologistes du S\u00e9n\u00e9gal (PAES).<\/p>\n<p> &quot;Nous avons r\u00e9clam\u00e9 sa fermeture depuis longtemps, mais le gouvernement ne fait rien pour la fermer. Ce qui est s\u00fbr, c&#39;est que si cette situation continue, nous devons nous attendre \u00e0 une catastrophe \u00e9cologique&quot;, pr\u00e9vient Sy.  Avec quelque 9,8 millions d&#39;habitants, le S\u00e9n\u00e9gal est un pays pauvre d&#39;Afrique de l&#39;ouest, o\u00f9 65 pour cent de la population vivent sous le seuil de pauvret\u00e9.<\/p>\n","protected":false},"excerpt":{"rendered":"<p>DAKAR, 16 sept (IPS) &#8211; Les nouvelles autorit\u00e9s municipales de Dakar, install\u00e9es en mai dernier, affichent leur d\u00e9termination \u00e0 mener &quot;la guerre&quot; contre les 1.200 tonnes d&#39;ordures produites par jour dans la capitale s\u00e9n\u00e9galaise peupl\u00e9e de pr\u00e8s de deux millions&hellip; <a href=\"https:\/\/ipsnews.net\/francais\/2002\/09\/16\/environnement-senegal-la-municipalite-de-dakar-lance-la-guerre-contre-lesordures\/\" class=\"more-link\">Continue Reading <span class=\"meta-nav\">&rarr;<\/span><\/a><\/p>\n","protected":false},"author":17,"featured_media":0,"comment_status":"open","ping_status":"open","sticky":false,"template":"","format":"standard","meta":{"footnotes":""},"categories":[5,12,1],"tags":[],"class_list":["post-1311","post","type-post","status-publish","format-standard","hentry","category-afrique","category-environnement","category-headlines"],"_links":{"self":[{"href":"https:\/\/ipsnews.net\/francais\/wp-json\/wp\/v2\/posts\/1311","targetHints":{"allow":["GET"]}}],"collection":[{"href":"https:\/\/ipsnews.net\/francais\/wp-json\/wp\/v2\/posts"}],"about":[{"href":"https:\/\/ipsnews.net\/francais\/wp-json\/wp\/v2\/types\/post"}],"author":[{"embeddable":true,"href":"https:\/\/ipsnews.net\/francais\/wp-json\/wp\/v2\/users\/17"}],"replies":[{"embeddable":true,"href":"https:\/\/ipsnews.net\/francais\/wp-json\/wp\/v2\/comments?post=1311"}],"version-history":[{"count":0,"href":"https:\/\/ipsnews.net\/francais\/wp-json\/wp\/v2\/posts\/1311\/revisions"}],"wp:attachment":[{"href":"https:\/\/ipsnews.net\/francais\/wp-json\/wp\/v2\/media?parent=1311"}],"wp:term":[{"taxonomy":"category","embeddable":true,"href":"https:\/\/ipsnews.net\/francais\/wp-json\/wp\/v2\/categories?post=1311"},{"taxonomy":"post_tag","embeddable":true,"href":"https:\/\/ipsnews.net\/francais\/wp-json\/wp\/v2\/tags?post=1311"}],"curies":[{"name":"wp","href":"https:\/\/api.w.org\/{rel}","templated":true}]}}