{"id":1233,"date":"2002-07-06T13:40:01","date_gmt":"2002-07-06T13:40:01","guid":{"rendered":"http:\/\/ipsnews.net\/francais\/2002\/07\/06\/politique-cote-divoire-alassane-ouattara-obtient-la-nationalite-maisreste-leligibilite\/"},"modified":"2002-07-06T13:40:01","modified_gmt":"2002-07-06T13:40:01","slug":"politique-cote-divoire-alassane-ouattara-obtient-la-nationalite-maisreste-leligibilite","status":"publish","type":"post","link":"https:\/\/ipsnews.net\/francais\/2002\/07\/06\/politique-cote-divoire-alassane-ouattara-obtient-la-nationalite-maisreste-leligibilite\/","title":{"rendered":"POLITIQUE-COTE D&#39;IVOIRE: Alassane Ouattara obtient la nationalit\u00e9, maisreste l&#39;\u00e9ligibilit\u00e9"},"content":{"rendered":"<p>ABIDJAN, 6 juil (IPS) &#8211; L&#39;ancien Premier ministre de C\u00f4te d&#39;Ivoire, Alassane Dramane Ouattara, pr\u00e9sident du Rassemblement des r\u00e9publicains (RDR &#8211; opposition), est officiellement reconnu comme Ivoirien depuis le 28 juin. Il a obtenu de la justice son certificat de nationalit\u00e9 ivoirienne.\n<\/p>\n<p><!--more--><\/p>\n<p>\n Le juge Ciss\u00e9 Matto Loma, deuxi\u00e8me vice-pr\u00e9sidente du tribunal de premi\u00e8re instance d&#39;Abidjan-Plateau, a d\u00e9livr\u00e9 \u00e0 Ouattara son certificat de nationalit\u00e9. Le combat de l&#39;ancien Premier ministre de feu pr\u00e9sident F\u00e9lix Houphouet Boigny se dirigera d\u00e9sormais vers la question de son \u00e9ligibilit\u00e9 \u00e0 la pr\u00e9sidence de la R\u00e9publique.<\/p>\n<p> La d\u00e9livrance de ce certificat de nationalit\u00e9 est intervenue &#8211; avec surprise &#8211; au moment o\u00f9 la campagne \u00e9lectorale pour les conseils g\u00e9n\u00e9raux bat son plein.  Ce certificat de nationalit\u00e9 arrive aussi \u00e0 un moment o\u00f9 personne ne s&#39;y attendait, notamment apr\u00e8s l&#39;\u00e9chec de Seydou Elymane Diarra, pr\u00e9sident du Forum national pour la r\u00e9conciliation, dans ses d\u00e9marches visant \u00e0 obtenir plus t\u00f4t ce document administratif pour le pr\u00e9sident du RDR, conform\u00e9ment aux r\u00e9solutions du forum organis\u00e9 \u00e0 Abidjan en d\u00e9cembre 2001.<\/p>\n<p> Soumahoro Ben N&#39;Faly, pr\u00e9sident de l&#39;Association des producteurs de caf\u00e9 de C\u00f4te d&#39;Ivoire d\u00e9clare : &quot;Je pense qu&#39;en tant que citoyen et membre de la soci\u00e9t\u00e9 civile, la d\u00e9livrance du certificat de nationalit\u00e9 \u00e0 M. Alassane Dramane Ouattara est intervenue au bon moment. Car cet acte met fin aux d\u00e9clarations passionn\u00e9es, aux positions tranch\u00e9es des uns et des autres&quot;.<\/p>\n<p> A l&#39;oppos\u00e9, Marina Grogb\u00e9, institutrice \u00e0 Abidjan, estime que &quot;la d\u00e9livrance d&#39;un certificat de nationalit\u00e9 \u00e0 M. Alassane Dramane Ouattara par la justice ivoirienne ouvre la voie aux troubles dans le pays parce qu&#39;une bonne partie de la population sait qu&#39;il n&#39;est pas ivoirien&quot;.<\/p>\n<p> Son coll\u00e8gue Ykuo Joseph de Williamsville (commune d&#39;Abidjan) se d\u00e9clare m\u00e9fiant : &quot;La Cour supr\u00eame avait d\u00e9j\u00e0 d\u00e9montr\u00e9 l&#39;origine douteuse de M.<\/p>\n<p>Alassane Ouattara. Maintenant, si on lui d\u00e9livre un certificat de nationalit\u00e9, il pourrait \u00eatre candidat \u00e0 l&#39;\u00e9lection pr\u00e9sidentielle, \u00e0 la d\u00e9putation, aux conseils g\u00e9n\u00e9raux, etc. Que doit consid\u00e9rer l&#39;opinion nationale?&quot;, interroge-t-il.<\/p>\n<p> Bamba Gu\u00e9, \u00e9conomiste, estime que dans les conditions actuelles, &quot;Il est pratiquement impossible de faire une analyse approfondie de l&#39;impact que peut avoir cette d\u00e9cision de justice. Surtout que le probl\u00e8me qu&#39;est cens\u00e9e r\u00e9gler cette d\u00e9cision dure depuis 1993. Cependant, par rapport au contexte actuel, par rapport \u00e0 l&#39;\u00e9volution du pays, par rapport surtout \u00e0 l&#39;intervention du ministre de l&#39;Int\u00e9rieur qui a rappel\u00e9 que M. Alassane Ouattara a obtenu trois certificats de nationalit\u00e9 depuis 1999, on peut penser qu&#39;il s&#39;agit en r\u00e9alit\u00e9 d&#39;un non-\u00e9v\u00e9nement&quot;.<\/p>\n<p> Pour le pr\u00e9sident des jeunes du RDR, Joseph Odj\u00e9 Tiakor\u00e9, &quot;La d\u00e9livrance du certificat de nationalit\u00e9 au pr\u00e9sident du RDR n&#39;est qu&#39;une bataille gagn\u00e9e; mais le plus important reste la r\u00e9vision de l&#39;article 35 et, au besoin, l&#39;abrogation de l&#39;actuelle constitution&quot;.  Tiakor\u00e9, qui donnait une conf\u00e9rence de presse le 30 juin \u00e0 Abidjan, a annonc\u00e9 que la marche de protestation, initialement programm\u00e9e le 9 juillet pour aller chercher le certificat de nationalit\u00e9 de Ouattara au tribunal d&#39;Abidjan, \u00e9tait maintenue avec pour objectif cette fois, &quot;la r\u00e9vision de l&#39;article 35 de la constitution&quot; qu&#39;il trouve &quot;inique&quot;.<\/p>\n<p> L&#39;article 35 de la constitution, vot\u00e9e \u00e0 plus de 86 pour cent par les Ivoiriens au r\u00e9f\u00e9rendum de juillet 2000, stipule qu&#39;un candidat \u00e0 la pr\u00e9sidence de la R\u00e9publique doit \u00eatre un Ivoirien qui &quot;ne s&#39;est jamais pr\u00e9valu d&#39;une autre nationalit\u00e9&quot;. Cette disposition disqualifie Ouattara qui avait occup\u00e9, dans le pass\u00e9, des postes internationaux au titre de la Haute Volta (actuel Burkina Faso). Mais Ouattara affirme que m\u00eame \u00e0 cette \u00e9poque, il n&#39;avait jamais renonc\u00e9 \u00e0 sa nationalit\u00e9 d&#39;origine.<\/p>\n<p> Le Front populaire ivoirien (FPI &#8211; parti du pr\u00e9sident Laurent Gbagbo au pouvoir) estime que le certificat de nationalit\u00e9 ne r\u00e8gle pas le probl\u00e8me d&#39;\u00e9ligibilit\u00e9. Selon Pierre Amondji Djedji, candidat du FPI aux conseils g\u00e9n\u00e9raux pour le district d&#39;Abidjan, &quot;Tous ceux qui sont choqu\u00e9s de voir Alassane Dramane Ouattara ivoirien doivent avoir \u00e0 l&#39;esprit qu&#39;\u00eatre ivoirien ne veut pas dire qu&#39;on est de facto \u00e9ligible au poste de pr\u00e9sident de la R\u00e9publique. A ce niveau, c&#39;est une autre affaire&quot;.<\/p>\n<p> Des jeunes du FPI ont organis\u00e9 des marches pendant deux jours \u00e0 Abidjan pour protester contre la d\u00e9livrance du certificat.<\/p>\n<p> Mabri Toikeusse, d\u00e9put\u00e9 et secr\u00e9taire g\u00e9n\u00e9ral adjoint de l&#39;Union pour la d\u00e9mocratie et la paix en C\u00f4te d&#39;Ivoire (UDPCI &#8211; parti du g\u00e9n\u00e9ral Robert Gu\u00e9i qui a renvers\u00e9 Henri Konan B\u00e9di\u00e9 en d\u00e9cembre 1999), &quot;salue cette d\u00e9cision de justice, elle est conforme \u00e0 l&#39;esprit du Forum pour la r\u00e9conciliation nationale&quot;.  Alphonse Dj\u00e9dj\u00e9 Mady, secr\u00e9taire g\u00e9n\u00e9ral du Parti d\u00e9mocratique de C\u00f4te d&#39;Ivoire (PDCI &#8211; ancien parti unique renvers\u00e9 en d\u00e9cembre 1999 par les militaires), a &quot;pris acte de cette d\u00e9cision en supposant que la justice s&#39;est entour\u00e9e de toutes les pr\u00e9cautions d&#39;usage avant de d\u00e9livrer le document&quot;.<\/p>\n<p> Patrice Ahour\u00e9 du Parti du progr\u00e8s social (PPS) soutient que le certificat de Ouattara est un non-\u00e9v\u00e9nement. &quot;Car l&#39;essentiel, c&#39;est d&#39;arriver \u00e0 l&#39;abrogation de la constitution au profit d&#39;une constitution plus d\u00e9mocratique qui ne cat\u00e9goriserait plus les Ivoiriens, ni les exclurait&quot;.<\/p>\n<p> Le secr\u00e9taire g\u00e9n\u00e9ral de l&#39;Union des sociaux d\u00e9mocrates (USD), Climalo Coulibaly, indique &quot;avoir le sentiment que c&#39;est le m\u00eame cas de figure que le premier certificat de nationalit\u00e9 sign\u00e9 par le juge Zorro-Bi-Ballo et qui avait \u00e9t\u00e9 annul\u00e9. Je me demande si la vice-pr\u00e9sidente (du tribunal) est qualifi\u00e9e et habilit\u00e9e \u00e0 signer un document d&#39;une telle nature. J&#39;attends de voir si le minist\u00e8re public ne r\u00e9agit pas pour me prononcer de fa\u00e7on \u00e0 d\u00e9finitive&quot;.<\/p>\n<p> Le ministre d&#39;Etat charg\u00e9 de l&#39;Int\u00e9rieur, Emile Boga Doudou, a d\u00e9clar\u00e9 \u00e0 la t\u00e9l\u00e9vision nationale que le gouvernement n&#39;\u00e9tait &quot;ni de pr\u00e8s, ni de loin impliqu\u00e9 dans cette affaire de justice. Le gouvernement n&#39;\u00e9tait pas au courant et n&#39;avait m\u00eame pas \u00e0 \u00eatre au courant, puisqu&#39;il s&#39;agit du pouvoir judiciaire que nous avons toujours consid\u00e9r\u00e9 ind\u00e9pendant&quot;.<\/p>\n<p>\n","protected":false},"excerpt":{"rendered":"<p>ABIDJAN, 6 juil (IPS) &#8211; L&#39;ancien Premier ministre de C\u00f4te d&#39;Ivoire, Alassane Dramane Ouattara, pr\u00e9sident du Rassemblement des r\u00e9publicains (RDR &#8211; opposition), est officiellement reconnu comme Ivoirien depuis le 28 juin. Il a obtenu de la justice son certificat de&hellip; <a href=\"https:\/\/ipsnews.net\/francais\/2002\/07\/06\/politique-cote-divoire-alassane-ouattara-obtient-la-nationalite-maisreste-leligibilite\/\" class=\"more-link\">Continue Reading <span class=\"meta-nav\">&rarr;<\/span><\/a><\/p>\n","protected":false},"author":207,"featured_media":0,"comment_status":"open","ping_status":"open","sticky":false,"template":"","format":"standard","meta":{"footnotes":""},"categories":[5,1,7],"tags":[],"class_list":["post-1233","post","type-post","status-publish","format-standard","hentry","category-afrique","category-headlines","category-politique"],"_links":{"self":[{"href":"https:\/\/ipsnews.net\/francais\/wp-json\/wp\/v2\/posts\/1233","targetHints":{"allow":["GET"]}}],"collection":[{"href":"https:\/\/ipsnews.net\/francais\/wp-json\/wp\/v2\/posts"}],"about":[{"href":"https:\/\/ipsnews.net\/francais\/wp-json\/wp\/v2\/types\/post"}],"author":[{"embeddable":true,"href":"https:\/\/ipsnews.net\/francais\/wp-json\/wp\/v2\/users\/207"}],"replies":[{"embeddable":true,"href":"https:\/\/ipsnews.net\/francais\/wp-json\/wp\/v2\/comments?post=1233"}],"version-history":[{"count":0,"href":"https:\/\/ipsnews.net\/francais\/wp-json\/wp\/v2\/posts\/1233\/revisions"}],"wp:attachment":[{"href":"https:\/\/ipsnews.net\/francais\/wp-json\/wp\/v2\/media?parent=1233"}],"wp:term":[{"taxonomy":"category","embeddable":true,"href":"https:\/\/ipsnews.net\/francais\/wp-json\/wp\/v2\/categories?post=1233"},{"taxonomy":"post_tag","embeddable":true,"href":"https:\/\/ipsnews.net\/francais\/wp-json\/wp\/v2\/tags?post=1233"}],"curies":[{"name":"wp","href":"https:\/\/api.w.org\/{rel}","templated":true}]}}