{"id":1224,"date":"2002-07-01T13:40:01","date_gmt":"2002-07-01T13:40:01","guid":{"rendered":"http:\/\/ipsnews.net\/francais\/2002\/07\/01\/developpement-afrique-le-forum-des-peuples-a-siby-rappelle-au-g-8-lavoix-des-pauvres\/"},"modified":"2002-07-01T13:40:01","modified_gmt":"2002-07-01T13:40:01","slug":"developpement-afrique-le-forum-des-peuples-a-siby-rappelle-au-g-8-lavoix-des-pauvres","status":"publish","type":"post","link":"https:\/\/ipsnews.net\/francais\/2002\/07\/01\/developpement-afrique-le-forum-des-peuples-a-siby-rappelle-au-g-8-lavoix-des-pauvres\/","title":{"rendered":"DEVELOPPEMENT-AFRIQUE: Le forum des peuples \u00e0 Siby rappelle au G-8 la&#39;&#39;voix des pauvres&#39;&#39;"},"content":{"rendered":"<p>BAMAKO, 1 juil (IPS) &#8211; Le forum des peuples, r\u00e9uni \u00e0 Siby, au Mali parall\u00e8lement au Sommet du G-8, \u00e0 Kananaskis (Canada), a \u00e9t\u00e9 sanctionn\u00e9 par une d\u00e9claration dans laquelle les participants recommandent notamment un &quot;Plan Marshal&quot; pour l&#39;Afrique en vue de permettre un d\u00e9collage \u00e9conomique du continent.\n<\/p>\n<p><!--more--><\/p>\n<p>\n Les participants ont \u00e9galement demand\u00e9 la cr\u00e9ation de zones \u00e9conomiques int\u00e9gr\u00e9es et la protection des secteurs strat\u00e9giques et industriels en Afrique.<\/p>\n<p> En se d\u00e9roulant au moment m\u00eame o\u00f9 se tenait le sommet des dirigeants des huit pays les plus puissants du monde (G-8), les 26 et 27 juin, le forum de Siby est apparu comme un contre-sommet parall\u00e8le organis\u00e9 dans cette localit\u00e9 malienne, situ\u00e9e \u00e0 52 kilom\u00e8tres \u00e0 l&#39;est de Bamako, pour faire &quot;entendre la voix des pauvres&quot;.<\/p>\n<p> Pr\u00e8s de 200 activistes du Mali, du Niger, du S\u00e9n\u00e9gal, du Burkina Faso, de la Guin\u00e9e, de la C\u00f4te d&#39;ivoire ainsi que des membres des groupements anti-mondialisation se sont donn\u00e9 rendez-vous \u00e0 Siby du 25 au 28 juin pour d\u00e9battre des th\u00e8mes relatifs notamment \u00e0 la mondialisation, \u00e0 la dette, \u00e0 la s\u00e9curit\u00e9 alimentaire, au commerce in\u00e9quitable, mais aussi au Nouveau partenariat pour le d\u00e9veloppement de l&#39;Afrique (NEPAD).<\/p>\n<p> Baptis\u00e9e &quot;Forum Kananaskis, village des peuples&quot;, la rencontre de Siby se voulait &quot;un espace d&#39;\u00e9changes, de proposition et d&#39;\u00e9laboration d&#39;alternatives efficaces \u00e0 la politique n\u00e9o-lib\u00e9rale sous-tendue par la mondialisation&quot;.<\/p>\n<p> &quot;Notre forum r\u00e9unit les pauvres du Sud qui proposent des alternatives aux responsables du G-8 qui, isol\u00e9s de la r\u00e9alit\u00e9 des peuples du monde, d\u00e9cident sans \u00e9tat d&#39;\u00e2me du destin des millions de personnes en ne privil\u00e9giant que les int\u00e9r\u00eats des multinationales, des institutions financi\u00e8res&quot;, a d\u00e9clar\u00e9 Aminata Barry Tour\u00e9, pr\u00e9sidente de la coalition nationale Jubil\u00e9 2000\/Mali \u00e0 l&#39;ouverture du forum.<\/p>\n<p> &quot;Nous ne voulons pas laisser la parole seulement aux riches au moment o\u00f9 ils parleront de notre sort&quot;, souligne \u00e0 son tour la pr\u00e9sidente du Forum ivoirien de lutte contre la dette et la pauvret\u00e9, Solange Kon\u00e9.<\/p>\n<p> Le Nouveau partenariat pour le d\u00e9veloppement de l&#39;Afrique (NEPAD), dont il a \u00e9t\u00e9 question au sommet du G-8, a fait l&#39;objet de vives critiques et pol\u00e9miques au contre-sommet des pauvres \u00e0 Siby.<\/p>\n<p> Pour les organisateurs de la rencontre de Siby, le NEPAD n&#39;a fait l&#39;objet d&#39;aucune analyse de la part des populations africaines. &quot;On ne peut pas coiffer une personne en son absence&quot;, estime Yaya Mall\u00e9, secr\u00e9taire g\u00e9n\u00e9ral adjoint de la Conf\u00e9d\u00e9ration des travailleurs du Mali (CSTM), dans une vision africaine et imag\u00e9e.  Mall\u00e9 a \u00e9num\u00e9r\u00e9 une s\u00e9rie de contradictions contenues dans le NEPAD : &quot;Il pr\u00f4ne la lutte contre la pauvret\u00e9 et l&#39;exclusion alors qu&#39;il est con\u00e7u sur la base d&#39;une politique n\u00e9o-lib\u00e9rale qui ne prend pas en compte le social.<\/p>\n<p>Ensuite, le NEPAD entend aussi diminuer les d\u00e9penses d&#39;\u00e9ducation et de sant\u00e9 alors qu&#39;un d\u00e9collage \u00e9conomique suppose au moins 50 pour cent de niveau de scolarisation&quot;, ajoute Mall\u00e9.<\/p>\n<p> C&#39;est forts de tous ces constats que les participants au forum de Siby ont exig\u00e9 la constitution d&#39;un &quot;front de refus contre l&#39;agencement du NEPAD&quot;.  &quot;La d\u00e9marche actuelle, qui consiste \u00e0 attirer les capitaux priv\u00e9s pour relancer la croissance, est suicidaire&quot;, soutient un jeune universitaire malien, Cheick Ciss\u00e9, qui pr\u00e9pare un doctorat \u00e0 l&#39;Universit\u00e9 Cheikh Anta Diop de Dakar, au S\u00e9n\u00e9gal.  A Siby, la probl\u00e9matique de la dette a aussi \u00e9t\u00e9 pass\u00e9e au crible de la critique. Dans une communication intitul\u00e9e &quot;L&#39;Afrique prise entre le marteau de la mondialisation et l&#39;enclume de la dette&quot;, Samba Tembelli, membre du mouvement Jubil\u00e9 2000, a dress\u00e9 un triste tableau du continent.<\/p>\n<p> &quot;L&#39;Afrique subsaharienne est la partie du continent la plus touch\u00e9e&quot;, dit-il, indiquant que &quot;Le surendettement est pass\u00e9 de 60 milliards de dollars US en 1980 \u00e0 plus de 206 milliards en 2000&quot;. Pendant ce temps, ajoute-t-il, le service de sa dette a plus que doubl\u00e9, passant de 6,7 milliards de dollars US en 1980 \u00e0 14,6 milliards de dollars US en 2000.<\/p>\n<p> Consid\u00e9rant que &quot;la dette est odieuse et qu&#39;elle a d\u00e9j\u00e0 \u00e9t\u00e9 rembours\u00e9e&quot; le forum demande son &quot;annulation pure et simple&quot;.<\/p>\n<p> La sp\u00e9cificit\u00e9 au sommet de Siby, c&#39;est l&#39;\u00e9change entre les universitaires et leurs &quot;parents ruraux&quot;. &quot;La concurrence d\u00e9loyale \u00e9tablie par l&#39;Organisation mondiale du commerce (OMC) est \u00e0 la base de la destruction du tissu agricole africain&quot;, explique un activiste malien \u00e0 un paysan analphab\u00e8te de Siby.  Ce paysan est loin de savoir que son pays pauvre, le Mali, est tenu d&#39;abaisser ses tarifs douaniers et de r\u00e9duire les subventions \u00e0 son secteur agricole, tandis qu&#39;une nation riche, comme les Etats-Unis, a recours \u00e0 des taxes pour limiter l&#39;entr\u00e9e des produits du Sud sur son territoire et pour subventionner fortement ses fermiers.<\/p>\n<p> Devinant cette &quot;flagrante injustice&quot;, l&#39;agriculteur de Siby a imm\u00e9diatement jug\u00e9 &quot;in\u00e9quitables et vici\u00e9es les r\u00e8gles du jeu&quot;, ajoutant sans g\u00eane que les &quot;pays riches ne font que nous voler&quot;.<\/p>\n<p>\n","protected":false},"excerpt":{"rendered":"<p>BAMAKO, 1 juil (IPS) &#8211; Le forum des peuples, r\u00e9uni \u00e0 Siby, au Mali parall\u00e8lement au Sommet du G-8, \u00e0 Kananaskis (Canada), a \u00e9t\u00e9 sanctionn\u00e9 par une d\u00e9claration dans laquelle les participants recommandent notamment un &quot;Plan Marshal&quot; pour l&#39;Afrique en&hellip; <a href=\"https:\/\/ipsnews.net\/francais\/2002\/07\/01\/developpement-afrique-le-forum-des-peuples-a-siby-rappelle-au-g-8-lavoix-des-pauvres\/\" class=\"more-link\">Continue Reading <span class=\"meta-nav\">&rarr;<\/span><\/a><\/p>\n","protected":false},"author":195,"featured_media":0,"comment_status":"open","ping_status":"open","sticky":false,"template":"","format":"standard","meta":{"footnotes":""},"categories":[5,11,1],"tags":[],"class_list":["post-1224","post","type-post","status-publish","format-standard","hentry","category-afrique","category-developpement","category-headlines"],"_links":{"self":[{"href":"https:\/\/ipsnews.net\/francais\/wp-json\/wp\/v2\/posts\/1224","targetHints":{"allow":["GET"]}}],"collection":[{"href":"https:\/\/ipsnews.net\/francais\/wp-json\/wp\/v2\/posts"}],"about":[{"href":"https:\/\/ipsnews.net\/francais\/wp-json\/wp\/v2\/types\/post"}],"author":[{"embeddable":true,"href":"https:\/\/ipsnews.net\/francais\/wp-json\/wp\/v2\/users\/195"}],"replies":[{"embeddable":true,"href":"https:\/\/ipsnews.net\/francais\/wp-json\/wp\/v2\/comments?post=1224"}],"version-history":[{"count":0,"href":"https:\/\/ipsnews.net\/francais\/wp-json\/wp\/v2\/posts\/1224\/revisions"}],"wp:attachment":[{"href":"https:\/\/ipsnews.net\/francais\/wp-json\/wp\/v2\/media?parent=1224"}],"wp:term":[{"taxonomy":"category","embeddable":true,"href":"https:\/\/ipsnews.net\/francais\/wp-json\/wp\/v2\/categories?post=1224"},{"taxonomy":"post_tag","embeddable":true,"href":"https:\/\/ipsnews.net\/francais\/wp-json\/wp\/v2\/tags?post=1224"}],"curies":[{"name":"wp","href":"https:\/\/api.w.org\/{rel}","templated":true}]}}