{"id":1006,"date":"2000-11-20T13:40:01","date_gmt":"2000-11-20T13:40:01","guid":{"rendered":"http:\/\/ipsnews.net\/francais\/2000\/11\/20\/droits-senegal-le-travail-precoce-des-enfants-prend-des-proportions-inquietantes\/"},"modified":"2000-11-20T13:40:01","modified_gmt":"2000-11-20T13:40:01","slug":"droits-senegal-le-travail-precoce-des-enfants-prend-des-proportions-inquietantes","status":"publish","type":"post","link":"https:\/\/ipsnews.net\/francais\/2000\/11\/20\/droits-senegal-le-travail-precoce-des-enfants-prend-des-proportions-inquietantes\/","title":{"rendered":"DROITS-SENEGAL: Le travail pr\u00e9coce des enfants prend des  proportions inqui\u00e9tantes."},"content":{"rendered":"<p>DAKAR, 20 nov. (IPS) &#8211; La lutte contre le travail des enfants<br \/>\nmen\u00e9e depuis<br \/>\nplusieurs ann\u00e9es au S\u00e9n\u00e9gal, ne semble donner aucun r\u00e9sultat<br \/>\nprobant, au vu<br \/>\nde la mont\u00e9e exponentielle de toutes les formes d&#39;exploitations<br \/>\nd&#39;enfants<br \/>\ndans ce pays d&#39;Afrique de l&#39;Ouest.<\/p>\n<p><!--more--><\/p>\n<p>D\u00e9sormais, on ne peut plus faire un seul pas dans les rues de<br \/>\nDakar, la<br \/>\ncapitale, sans que l&#39;on soit interpell\u00e9 par un petit cireur, un<br \/>\njeune<br \/>\nvendeur ambulant ou de tr\u00e8s jeunes mendiants, qu\u00e9mandant \u00e0<br \/>\nlongueur de journ\u00e9e.<br \/>\n Le ph\u00e9nom\u00e8ne est tellement devenu habituel qu&#39;on n&#39;y pr\u00eate plus<br \/>\nattention.<br \/>\nMais les S\u00e9n\u00e9galais ont eu le temps de remarquer que le nombre de<br \/>\nces<br \/>\nenfants a consid\u00e9rablement augment\u00e9 ces derni\u00e8res ann\u00e9es.<br \/>\n Kin\u00e9 Sall coordonnatrice du Programme National pour l&#39;Elimination<br \/>\nde<br \/>\nl&#39;Exploitation des Enfants au Travail (IPEC), du Bureau<br \/>\nInternational du<br \/>\nTravail (BIT), admet que la situation a n\u00e9gativement \u00e9volu\u00e9 ces<br \/>\nderni\u00e8res<br \/>\nann\u00e9es.<br \/>\n &quot;Actuellement, on voit de plus en plus d&#39;enfants travailleurs<br \/>\ndans les<br \/>\nateliers de production&#8230;On voit aussi de plus en plus de petites<br \/>\nfilles qui<br \/>\nviennent chercher du travail. On voit encore de plus en plus de<br \/>\nvendeurs \u00e0<br \/>\nla sauvette, de porteurs, de laveurs de voitures etc.&quot;, affirme<br \/>\nKin\u00e9.<br \/>\n Les enqu\u00eates men\u00e9es par le BIT indiquent que la majeure partie de<br \/>\nces<br \/>\nenfants provient des petits villages. &quot;Le milieu rural, \u00e0 cause<br \/>\ndu faible<br \/>\nacc\u00e8s \u00e0 l&#39;\u00e9cole, de la pression d\u00e9mographique et de la crise<br \/>\nsocio-\u00e9conomique, alimente beaucoup les villes et la capitale du<br \/>\nS\u00e9n\u00e9gal en<br \/>\nenfants travailleurs&quot;, indique Sall.<br \/>\n Pr\u00e8s de 62 pour cent de ces enfants vivent en milieu rural o\u00f9 ils<br \/>\ns&#39;adonnent<br \/>\naux travaux champ\u00eatres et prennent part \u00e0 toute la cha\u00eene de<br \/>\nproduction des<br \/>\nproduits agricoles.<br \/>\n &quot;Cependant, en milieu urbain, c&#39;est le secteur informel qui<br \/>\nabsorbe le plus<br \/>\ngrand nombre d&#39;enfants travailleurs&quot;, souligne Sall.<br \/>\n D\u00e8s l&#39;\u00e2ge de 6-7 ans, par exemple, les enfants sont employ\u00e9s dans<br \/>\ndes<br \/>\ngarages de r\u00e9paration m\u00e9canique, des ateliers de soudure, de<br \/>\nmenuiserie et<br \/>\nde petits chantiers de construction.<br \/>\n Selon Sall, ces enfants ne b\u00e9n\u00e9ficient pas de conditions de<br \/>\ntravail saines.<br \/>\nIls sont non seulement soumis \u00e0 des t\u00e2ches p\u00e9nibles et<br \/>\nharassantes, mais ils<br \/>\n\u00e9voluent \u00e9galement dans un environnement malsain o\u00f9 les normes<br \/>\n\u00e9l\u00e9mentaires<br \/>\nd&#39;hygi\u00e8ne et de s\u00e9curit\u00e9 sont g\u00e9n\u00e9ralement ignor\u00e9es.<br \/>\n &quot;La plupart d&#39;entre eux exercent des m\u00e9tiers assez dangereux,<br \/>\ncompte tenu de<br \/>\nleur tr\u00e8s jeune \u00e2ge et de leur vuln\u00e9rabilit\u00e9. Dans certains<br \/>\nateliers<br \/>\nartisanaux, les enfants manipulent des produits chimiques toxiques<br \/>\net<br \/>\ndangereux&quot;, r\u00e9v\u00e8le-t-elle.<br \/>\n Les enfants ne b\u00e9n\u00e9ficient d&#39;aucune forme de protection sociale.<br \/>\n &quot;Je me suis coup\u00e9 le doigt dans l&#39;atelier de m\u00e9canique, situ\u00e9<br \/>\ndans la banlieue<br \/>\nde Dakar, o\u00f9 je travaille. Et mon patron ne m&#39;a m\u00eame pas emmen\u00e9 \u00e0<br \/>\nl&#39;h\u00f4pital.<br \/>\nC&#39;est mon oncle qui s&#39;est occup\u00e9 de tout&quot;, affirme Mamadou<br \/>\nNdiaye, un<br \/>\napprenti m\u00e9canicien.<br \/>\n Le BIT et les Organisations non-gouvernementales (ONG) sont de<br \/>\nplus en plus<br \/>\npr\u00e9occup\u00e9s par la pr\u00e9cocit\u00e9 du travail des enfants et certaines de<br \/>\nses<br \/>\nformes intol\u00e9rables.<br \/>\n Sall pense que le cas des enfants fouilleurs de poubelles qui<br \/>\ntrouvent<br \/>\nrefuge dans les d\u00e9potoirs d&#39;ordures, est tr\u00e8s inqi\u00e9tant.<br \/>\n D&#39;apr\u00e8s une enqu\u00eate de l&#39;IPEC, ces enfants fr\u00e9quentent les grandes<br \/>\nd\u00e9charges<br \/>\net les poubelles \u00e0 la recherche de nourriture ou d&#39;objets qu&#39;ils<br \/>\nrevendent<br \/>\ndans les ateliers de recyclage.<br \/>\n L&#39;IPEC envisage, \u00e0 titre d&#39;exp\u00e9rimentation, de retirer 30 jeunes<br \/>\ngar\u00e7ons de<br \/>\nla grande d\u00e9charge de Mbeubeus, \u00e0 Dakar, et se propose de prendre<br \/>\nleur<br \/>\n\u00e9ducation en charge<br \/>\n Malgr\u00e9 l&#39;insuffisance de donn\u00e9es sur le sujet, il existe aussi des<br \/>\nenfants<br \/>\nengag\u00e9s dans les activit\u00e9s illicites de drogue, de contrebande, de<br \/>\nprostitution et m\u00eame de pornographie.<br \/>\n A d\u00e9faut de pouvoir supprimer simplement le travail des enfants,<br \/>\nle S\u00e9n\u00e9gal<br \/>\nqui a ratifi\u00e9 la Convention des Nations Unies relative aux Droits<br \/>\nde<br \/>\nl&#39;Enfant, a adopt\u00e9 un Plan National pour l&#39;Enfance destin\u00e9 \u00e0<br \/>\npr\u00e9venir la<br \/>\nmise au travail des enfants, en particulier des plus jeunes.<br \/>\n Le plan adopt\u00e9 en 1991 a pour principal objectif d&#39;accro\u00eetre les<br \/>\ncapacit\u00e9s<br \/>\ndes organismes gouvernementaux et non-gouvernementaux \u00e0 concevoir<br \/>\net \u00e0<br \/>\nex\u00e9cuter de mani\u00e8re coordonn\u00e9e des politiques, programmes et<br \/>\nprojets<br \/>\ndestin\u00e9es \u00e0 am\u00e9liorer les conditions de vie des enfants.<br \/>\n Le plan pr\u00e9conise l&#39;abolition du travail des enfants dans les<br \/>\nactivit\u00e9s les<br \/>\nplus dangereuses et dans les situations d&#39;exploitation les plus<br \/>\ngraves en<br \/>\nproposant aux enfants et \u00e0 leurs familles des alternatives<br \/>\nviables.<br \/>\n Les enfants de moins de 12 et les filles devraient recevoir une<br \/>\nattention<br \/>\nparticuli\u00e8re selon le plan dont le niveau d&#39;ex\u00e9cution n&#39;a donn\u00e9<br \/>\naucune<br \/>\nam\u00e9lioration visible des conditions de travail des enfants.<br \/>\n Les multiples appels des organisations non-gouvernementales en<br \/>\nfaveur de<br \/>\nl&#39;abolition du travail des enfants n&#39;ont pas \u00e9t\u00e9 entendus par les<br \/>\npouvoirs<br \/>\npublics.<br \/>\n L&#39;Etat avance que la situation actuelle de son d\u00e9veloppement<br \/>\nsocio-\u00e9conomique ne lui permet pas encore d&#39;abolir dans l&#39;imm\u00e9diat<br \/>\ntoutes<br \/>\nles formes de travail des enfants. Les autorit\u00e9s locales affirment<br \/>\nqu&#39;avant<br \/>\nd&#39;abolir le travail des enfants, il faut mettre au point des<br \/>\nalternatives<br \/>\npour eux et pour leurs familles. Une chose que le S\u00e9n\u00e9gal ne peut<br \/>\nassurer<br \/>\nmaintenant, selon elles.<br \/>\n Le travail des enfants occupe une part importante dans l&#39;\u00e9conomie<br \/>\ninformelle<br \/>\ndu pays. L&#39;\u00e9conomie populaire qui a recours au travail des<br \/>\nenfants,<br \/>\nconstitue \u00e0 peu pr\u00e8s 80 pour cent de l&#39;\u00e9conomie du pays. C&#39;est ce<br \/>\nqui<br \/>\nexplique en partie la difficult\u00e9 pour l&#39;Etat de l&#39;abolir pour<br \/>\nl&#39;instant.<br \/>\n La pauvret\u00e9 est consid\u00e9r\u00e9e comme le premier pourvoyeur d&#39;enfants<br \/>\ntravailleurs au S\u00e9n\u00e9gal. De l&#39;avis de certains sp\u00e9cialistes, venir<br \/>\n\u00e0 bout de<br \/>\nla question du travail pr\u00e9coce des enfants, revient \u00e0 s&#39;attaquer<br \/>\ndirectement<br \/>\naux racines du mal.<br \/>\n &quot; Il faut lutter s\u00e9rieusement contre la pauvret\u00e9, au sens large<br \/>\ndu terme,<br \/>\nen milieu rural et ce, en y menant des actions de d\u00e9veloppement,<br \/>\ndes projets<br \/>\net des<br \/>\nprogrammes de lutte contre la pauvret\u00e9&quot;, d\u00e9clar\u00e9 Hamidou Colly,<br \/>\nsp\u00e9cialiste du travail des enfants de l&#39;ONG Enda Tiers Monde.<\/p>\n","protected":false},"excerpt":{"rendered":"<p>DAKAR, 20 nov. (IPS) &#8211; La lutte contre le travail des enfants men\u00e9e depuis plusieurs ann\u00e9es au S\u00e9n\u00e9gal, ne semble donner aucun r\u00e9sultat probant, au vu de la mont\u00e9e exponentielle de toutes les formes d&#39;exploitations d&#39;enfants dans ce pays d&#39;Afrique&hellip; <a href=\"https:\/\/ipsnews.net\/francais\/2000\/11\/20\/droits-senegal-le-travail-precoce-des-enfants-prend-des-proportions-inquietantes\/\" class=\"more-link\">Continue Reading <span class=\"meta-nav\">&rarr;<\/span><\/a><\/p>\n","protected":false},"author":160,"featured_media":0,"comment_status":"open","ping_status":"open","sticky":false,"template":"","format":"standard","meta":{"footnotes":""},"categories":[1],"tags":[],"class_list":["post-1006","post","type-post","status-publish","format-standard","hentry","category-headlines"],"_links":{"self":[{"href":"https:\/\/ipsnews.net\/francais\/wp-json\/wp\/v2\/posts\/1006","targetHints":{"allow":["GET"]}}],"collection":[{"href":"https:\/\/ipsnews.net\/francais\/wp-json\/wp\/v2\/posts"}],"about":[{"href":"https:\/\/ipsnews.net\/francais\/wp-json\/wp\/v2\/types\/post"}],"author":[{"embeddable":true,"href":"https:\/\/ipsnews.net\/francais\/wp-json\/wp\/v2\/users\/160"}],"replies":[{"embeddable":true,"href":"https:\/\/ipsnews.net\/francais\/wp-json\/wp\/v2\/comments?post=1006"}],"version-history":[{"count":0,"href":"https:\/\/ipsnews.net\/francais\/wp-json\/wp\/v2\/posts\/1006\/revisions"}],"wp:attachment":[{"href":"https:\/\/ipsnews.net\/francais\/wp-json\/wp\/v2\/media?parent=1006"}],"wp:term":[{"taxonomy":"category","embeddable":true,"href":"https:\/\/ipsnews.net\/francais\/wp-json\/wp\/v2\/categories?post=1006"},{"taxonomy":"post_tag","embeddable":true,"href":"https:\/\/ipsnews.net\/francais\/wp-json\/wp\/v2\/tags?post=1006"}],"curies":[{"name":"wp","href":"https:\/\/api.w.org\/{rel}","templated":true}]}}