{"id":213192,"date":"2024-10-18T21:25:00","date_gmt":"2024-10-18T21:25:00","guid":{"rendered":"https:\/\/icrowdnewswire.com\/?p=3082881"},"modified":"2024-10-18T21:25:00","modified_gmt":"2024-10-18T21:25:00","slug":"partido-de-polo-a-beneficio-de-personas-con-discapacidad","status":"publish","type":"post","link":"https:\/\/ipsnews.net\/business\/2024\/10\/18\/partido-de-polo-a-beneficio-de-personas-con-discapacidad\/","title":{"rendered":"Partido de polo a beneficio de personas con discapacidad"},"content":{"rendered":"<p style=\"text-align: justify;\"><em>El club de Polo One ser\u00e1 sede de la Copa San Camilo para apoyar al hogar hom\u00f3nimo ubicado en la localidad de Vagues, San Antonio de Areco, que cuida a 70 personas con diversas discapacidades.<\/em><em>\u00a0<\/em><\/p>\n<p style=\"text-align: justify;\">El pr\u00f3ximo 26 de octubre de 10 a 14 horas se llevar\u00e1 a cabo la Copa San Camilo, un partido de polo a beneficio del Hogar San Camilo, en el Club Polo One, ubicado en General Rodr\u00edguez. Organizado por Finca La Rosina y la familia Botero, este evento solidario ser\u00e1 con entrada libre y gratuita.<\/p>\n<p style=\"text-align: justify;\">En este marco, tambi\u00e9n se disputar\u00e1 la Copa San Camilo Junior, con la participaci\u00f3n de dos equipos de la categor\u00eda juvenil.<\/p>\n<p style=\"text-align: justify;\"><em>\u201cEstamos muy orgullosos de hacer esta competencia para ayudar al Hogar San Camilo. Es emocionante ver el compromiso que mostr\u00f3 toda la comunidad del polo para que esta jornada sea posible\u201d<\/em>, dijo H\u00e9ctor Botero, uno de los organizadores.<\/p>\n<p style=\"text-align: justify;\">El Hogar San Camilo fue fundado en 1978 en Vagues, San Antonio de Areco, y brinda atenci\u00f3n integral a 70 personas con discapacidad. Ofrecen alojamiento, alimentaci\u00f3n, asistencia m\u00e9dica y apoyo emocional, proporcionando un entorno seguro y amoroso. Como explica Annabel McNaught-Davis, capitana de uno de los equipos participantes: &#8220;lo que han creado en el hogar es un espacio m\u00e1gico, donde cada paciente tiene la oportunidad de vivir de la mejor manera posible&#8221;. Con un equipo de profesionales dedicados, el hogar trabaja para garantizar el bienestar de sus residentes, quienes reciben cuidado como si fueran parte de una gran familia.<\/p>\n<p style=\"text-align: justify;\">Todo lo recaudado durante la jornada ser\u00e1 destinado al Hogar San Camilo, que depende en gran medida de donaciones para continuar su obra. Como afirma el padre Francisco Berola, sacerdote de la Orden de los Ministros de los enfermos (Religiosos Camilos) y uno de los responsables del hogar, \u201ctoda ayuda marca una diferencia inmensa&#8221;. La dedicaci\u00f3n y amor con los que se cuida a los residentes del San Camilo es fundamental para asegurar que reciban, no solo atenci\u00f3n profesional, sino tambi\u00e9n el cari\u00f1o y respeto que merecen.<\/p>\n<p style=\"text-align: justify;\">Para m\u00e1s informaci\u00f3n y donar online a trav\u00e9s del siguiente link: <a href=\"https:\/\/www.hogarsancamilo.ar\/donaciones\" target=\"_blank\" rel=\"noopener\">https:\/\/www.hogarsancamilo.ar\/donaciones<\/a><\/p>\n<p><strong>Contacto de prensa:<\/strong><\/p>\n<p>Daniel Bajarl\u00eda | +54 9 11 6696 9180 | danielbajarlia@infomedia.consulting<\/p>\n<p class=\"tags\">\n<div><strong>See Campaign: <\/strong><a href=\"https:\/\/infomedia.consulting\/\" target=\"_blank\" rel=\"noopener\">https:\/\/infomedia.consulting\/<\/a><br \/><b>Tags:<\/b><br \/><a href=\"https:\/\/icrowdnewswire.com\/category\/omuc\/bnn\/\" rel=\"category tag\">BNN<\/a>, <a href=\"https:\/\/icrowdnewswire.com\/category\/omuc\/ce\/\" rel=\"category tag\">CE<\/a>, <a href=\"https:\/\/icrowdnewswire.com\/category\/omuc\/extended-distribution\/\" rel=\"category tag\">Extended Distribution<\/a>, <a href=\"https:\/\/icrowdnewswire.com\/category\/omuc\/go-media\/\" rel=\"category tag\">Go Media<\/a>, <a href=\"https:\/\/icrowdnewswire.com\/category\/omuc\/go-media2\/\" rel=\"category tag\">Go Media2<\/a>, <a href=\"https:\/\/icrowdnewswire.com\/category\/omuc\/icn-internal-distribution\/\" rel=\"category tag\">iCN Internal Distribution<\/a>, <a href=\"https:\/\/icrowdnewswire.com\/category\/omuc\/ips\/\" rel=\"category tag\">IPS<\/a>, <a href=\"https:\/\/icrowdnewswire.com\/category\/omuc\/pr-wirein\/\" rel=\"category tag\">PR-Wirein<\/a>, <a href=\"https:\/\/icrowdnewswire.com\/category\/omuc\/releaselive-pressrelease-distribution\/\" rel=\"category tag\">ReleaseLive Press Release Distribution<\/a>, <a href=\"https:\/\/icrowdnewswire.com\/category\/omuc\/reported-times\/\" rel=\"category tag\">Reportedtimes<\/a>, <a href=\"https:\/\/icrowdnewswire.com\/category\/omuc\/wire\/\" rel=\"category tag\">Wire<\/a>, <a href=\"https:\/\/icrowdnewswire.com\/category\/language\/english\/\" rel=\"category tag\">English<\/a><\/p>\n<\/div>\n","protected":false},"excerpt":{"rendered":"<p>El club de Polo One ser\u00e1 sede de la Copa San Camilo para apoyar al hogar hom\u00f3nimo ubicado en la localidad de Vagues, San Antonio de Areco, que cuida a 70 personas con diversas discapacidades.\u00a0 El pr\u00f3ximo 26 de octubre de 10 a 14 horas se llevar\u00e1 a cabo la Copa San Camilo, un partido [\u2026] <a href=\"https:\/\/ipsnews.net\/business\/2024\/10\/18\/partido-de-polo-a-beneficio-de-personas-con-discapacidad\/\" class=\"more-link\">Continue Reading <span class=\"meta-nav\">&rarr;<\/span><\/a><\/p>\n","protected":false},"author":336,"featured_media":0,"comment_status":"closed","ping_status":"closed","sticky":false,"template":"","format":"standard","meta":{"footnotes":""},"categories":[20],"tags":[],"class_list":["post-213192","post","type-post","status-publish","format-standard","hentry","category-press-release"],"yoast_head":"<!-- This site is optimized with the Yoast SEO plugin v24.9 - https:\/\/yoast.com\/wordpress\/plugins\/seo\/ -->\n<title>Partido de polo a beneficio de personas con discapacidad - Business<\/title>\n<meta name=\"robots\" content=\"index, follow, max-snippet:-1, max-image-preview:large, max-video-preview:-1\" \/>\n<link rel=\"canonical\" href=\"https:\/\/ipsnews.net\/business\/2024\/10\/18\/partido-de-polo-a-beneficio-de-personas-con-discapacidad\/\" \/>\n<meta property=\"og:locale\" content=\"en_US\" \/>\n<meta property=\"og:type\" content=\"article\" \/>\n<meta property=\"og:title\" content=\"Partido de polo a beneficio de personas con discapacidad - Business\" \/>\n<meta property=\"og:description\" content=\"El club de Polo One ser\u00e1 sede de la Copa San Camilo para apoyar al hogar hom\u00f3nimo ubicado en la localidad de Vagues, San Antonio de Areco, que cuida a 70 personas con diversas discapacidades.\u00a0 El pr\u00f3ximo 26 de octubre de 10 a 14 horas se llevar\u00e1 a cabo la Copa San Camilo, un partido [\u2026] Continue Reading &rarr;\" \/>\n<meta property=\"og:url\" content=\"https:\/\/ipsnews.net\/business\/2024\/10\/18\/partido-de-polo-a-beneficio-de-personas-con-discapacidad\/\" \/>\n<meta property=\"og:site_name\" content=\"Business\" \/>\n<meta property=\"article:published_time\" content=\"2024-10-18T21:25:00+00:00\" \/>\n<meta name=\"author\" content=\"Press Release\" \/>\n<meta name=\"twitter:card\" content=\"summary_large_image\" \/>\n<meta name=\"twitter:label1\" content=\"Written by\" \/>\n\t<meta name=\"twitter:data1\" content=\"Press Release\" \/>\n\t<meta name=\"twitter:label2\" content=\"Est. reading time\" \/>\n\t<meta name=\"twitter:data2\" content=\"2 minutes\" \/>\n<script type=\"application\/ld+json\" class=\"yoast-schema-graph\">{\"@context\":\"https:\/\/schema.org\",\"@graph\":[{\"@type\":\"WebPage\",\"@id\":\"https:\/\/ipsnews.net\/business\/2024\/10\/18\/partido-de-polo-a-beneficio-de-personas-con-discapacidad\/\",\"url\":\"https:\/\/ipsnews.net\/business\/2024\/10\/18\/partido-de-polo-a-beneficio-de-personas-con-discapacidad\/\",\"name\":\"Partido de polo a beneficio de personas con discapacidad - Business\",\"isPartOf\":{\"@id\":\"https:\/\/ipsnews.net\/business\/#website\"},\"datePublished\":\"2024-10-18T21:25:00+00:00\",\"author\":{\"@id\":\"https:\/\/ipsnews.net\/business\/#\/schema\/person\/15eade5082edecf1d7c14128930659ad\"},\"breadcrumb\":{\"@id\":\"https:\/\/ipsnews.net\/business\/2024\/10\/18\/partido-de-polo-a-beneficio-de-personas-con-discapacidad\/#breadcrumb\"},\"inLanguage\":\"en-US\",\"potentialAction\":[{\"@type\":\"ReadAction\",\"target\":[\"https:\/\/ipsnews.net\/business\/2024\/10\/18\/partido-de-polo-a-beneficio-de-personas-con-discapacidad\/\"]}]},{\"@type\":\"BreadcrumbList\",\"@id\":\"https:\/\/ipsnews.net\/business\/2024\/10\/18\/partido-de-polo-a-beneficio-de-personas-con-discapacidad\/#breadcrumb\",\"itemListElement\":[{\"@type\":\"ListItem\",\"position\":1,\"name\":\"Home\",\"item\":\"https:\/\/ipsnews.net\/business\/\"},{\"@type\":\"ListItem\",\"position\":2,\"name\":\"Partido de polo a beneficio de personas con discapacidad\"}]},{\"@type\":\"WebSite\",\"@id\":\"https:\/\/ipsnews.net\/business\/#website\",\"url\":\"https:\/\/ipsnews.net\/business\/\",\"name\":\"Business\",\"description\":\"\",\"potentialAction\":[{\"@type\":\"SearchAction\",\"target\":{\"@type\":\"EntryPoint\",\"urlTemplate\":\"https:\/\/ipsnews.net\/business\/?s={search_term_string}\"},\"query-input\":{\"@type\":\"PropertyValueSpecification\",\"valueRequired\":true,\"valueName\":\"search_term_string\"}}],\"inLanguage\":\"en-US\"},{\"@type\":\"Person\",\"@id\":\"https:\/\/ipsnews.net\/business\/#\/schema\/person\/15eade5082edecf1d7c14128930659ad\",\"name\":\"Press Release\",\"image\":{\"@type\":\"ImageObject\",\"inLanguage\":\"en-US\",\"@id\":\"https:\/\/ipsnews.net\/business\/#\/schema\/person\/image\/\",\"url\":\"https:\/\/secure.gravatar.com\/avatar\/c8d6c41e324443af939d6478a106c740bbfd29542d5e13d547b5e335449e225e?s=96&d=mm&r=g\",\"contentUrl\":\"https:\/\/secure.gravatar.com\/avatar\/c8d6c41e324443af939d6478a106c740bbfd29542d5e13d547b5e335449e225e?s=96&d=mm&r=g\",\"caption\":\"Press Release\"},\"sameAs\":[\"https:\/\/heymuse.com\/ips\"],\"url\":\"https:\/\/ipsnews.net\/business\/author\/press-release\/\"}]}<\/script>\n<!-- \/ Yoast SEO plugin. -->","yoast_head_json":{"title":"Partido de polo a beneficio de personas con discapacidad - Business","robots":{"index":"index","follow":"follow","max-snippet":"max-snippet:-1","max-image-preview":"max-image-preview:large","max-video-preview":"max-video-preview:-1"},"canonical":"https:\/\/ipsnews.net\/business\/2024\/10\/18\/partido-de-polo-a-beneficio-de-personas-con-discapacidad\/","og_locale":"en_US","og_type":"article","og_title":"Partido de polo a beneficio de personas con discapacidad - Business","og_description":"El club de Polo One ser\u00e1 sede de la Copa San Camilo para apoyar al hogar hom\u00f3nimo ubicado en la localidad de Vagues, San Antonio de Areco, que cuida a 70 personas con diversas discapacidades.\u00a0 El pr\u00f3ximo 26 de octubre de 10 a 14 horas se llevar\u00e1 a cabo la Copa San Camilo, un partido [\u2026] Continue Reading &rarr;","og_url":"https:\/\/ipsnews.net\/business\/2024\/10\/18\/partido-de-polo-a-beneficio-de-personas-con-discapacidad\/","og_site_name":"Business","article_published_time":"2024-10-18T21:25:00+00:00","author":"Press Release","twitter_card":"summary_large_image","twitter_misc":{"Written by":"Press Release","Est. reading time":"2 minutes"},"schema":{"@context":"https:\/\/schema.org","@graph":[{"@type":"WebPage","@id":"https:\/\/ipsnews.net\/business\/2024\/10\/18\/partido-de-polo-a-beneficio-de-personas-con-discapacidad\/","url":"https:\/\/ipsnews.net\/business\/2024\/10\/18\/partido-de-polo-a-beneficio-de-personas-con-discapacidad\/","name":"Partido de polo a beneficio de personas con discapacidad - Business","isPartOf":{"@id":"https:\/\/ipsnews.net\/business\/#website"},"datePublished":"2024-10-18T21:25:00+00:00","author":{"@id":"https:\/\/ipsnews.net\/business\/#\/schema\/person\/15eade5082edecf1d7c14128930659ad"},"breadcrumb":{"@id":"https:\/\/ipsnews.net\/business\/2024\/10\/18\/partido-de-polo-a-beneficio-de-personas-con-discapacidad\/#breadcrumb"},"inLanguage":"en-US","potentialAction":[{"@type":"ReadAction","target":["https:\/\/ipsnews.net\/business\/2024\/10\/18\/partido-de-polo-a-beneficio-de-personas-con-discapacidad\/"]}]},{"@type":"BreadcrumbList","@id":"https:\/\/ipsnews.net\/business\/2024\/10\/18\/partido-de-polo-a-beneficio-de-personas-con-discapacidad\/#breadcrumb","itemListElement":[{"@type":"ListItem","position":1,"name":"Home","item":"https:\/\/ipsnews.net\/business\/"},{"@type":"ListItem","position":2,"name":"Partido de polo a beneficio de personas con discapacidad"}]},{"@type":"WebSite","@id":"https:\/\/ipsnews.net\/business\/#website","url":"https:\/\/ipsnews.net\/business\/","name":"Business","description":"","potentialAction":[{"@type":"SearchAction","target":{"@type":"EntryPoint","urlTemplate":"https:\/\/ipsnews.net\/business\/?s={search_term_string}"},"query-input":{"@type":"PropertyValueSpecification","valueRequired":true,"valueName":"search_term_string"}}],"inLanguage":"en-US"},{"@type":"Person","@id":"https:\/\/ipsnews.net\/business\/#\/schema\/person\/15eade5082edecf1d7c14128930659ad","name":"Press Release","image":{"@type":"ImageObject","inLanguage":"en-US","@id":"https:\/\/ipsnews.net\/business\/#\/schema\/person\/image\/","url":"https:\/\/secure.gravatar.com\/avatar\/c8d6c41e324443af939d6478a106c740bbfd29542d5e13d547b5e335449e225e?s=96&d=mm&r=g","contentUrl":"https:\/\/secure.gravatar.com\/avatar\/c8d6c41e324443af939d6478a106c740bbfd29542d5e13d547b5e335449e225e?s=96&d=mm&r=g","caption":"Press Release"},"sameAs":["https:\/\/heymuse.com\/ips"],"url":"https:\/\/ipsnews.net\/business\/author\/press-release\/"}]}},"amp_enabled":true,"_links":{"self":[{"href":"https:\/\/ipsnews.net\/business\/wp-json\/wp\/v2\/posts\/213192","targetHints":{"allow":["GET"]}}],"collection":[{"href":"https:\/\/ipsnews.net\/business\/wp-json\/wp\/v2\/posts"}],"about":[{"href":"https:\/\/ipsnews.net\/business\/wp-json\/wp\/v2\/types\/post"}],"author":[{"embeddable":true,"href":"https:\/\/ipsnews.net\/business\/wp-json\/wp\/v2\/users\/336"}],"replies":[{"embeddable":true,"href":"https:\/\/ipsnews.net\/business\/wp-json\/wp\/v2\/comments?post=213192"}],"version-history":[{"count":1,"href":"https:\/\/ipsnews.net\/business\/wp-json\/wp\/v2\/posts\/213192\/revisions"}],"predecessor-version":[{"id":213193,"href":"https:\/\/ipsnews.net\/business\/wp-json\/wp\/v2\/posts\/213192\/revisions\/213193"}],"wp:attachment":[{"href":"https:\/\/ipsnews.net\/business\/wp-json\/wp\/v2\/media?parent=213192"}],"wp:term":[{"taxonomy":"category","embeddable":true,"href":"https:\/\/ipsnews.net\/business\/wp-json\/wp\/v2\/categories?post=213192"},{"taxonomy":"post_tag","embeddable":true,"href":"https:\/\/ipsnews.net\/business\/wp-json\/wp\/v2\/tags?post=213192"}],"curies":[{"name":"wp","href":"https:\/\/api.w.org\/{rel}","templated":true}]}}