{"id":67,"date":"2002-02-18T13:40:01","date_gmt":"2002-02-18T13:40:01","guid":{"rendered":"http:\/\/ipsnews.net\/svenska\/2002\/02\/18\/oenighet-om-finansiering-av-global-miljofond\/"},"modified":"2002-02-18T13:40:01","modified_gmt":"2002-02-18T13:40:01","slug":"oenighet-om-finansiering-av-global-miljofond","status":"publish","type":"post","link":"http:\/\/ipsnews.net\/svenska\/2002\/02\/18\/oenighet-om-finansiering-av-global-miljofond\/","title":{"rendered":"Oenighet om finansiering av global milj\u00f6fond"},"content":{"rendered":"<p>Cartagena, 020218 (IPS) &#8211; Under helgen m\u00f6ttes milj\u00f6ministrar fr\u00e5n hela v\u00e4rlden i Colombia. Man misslyckades med att gemensamt komma fram till hur man ska finansiera den globala milj\u00f6fonden GEF, som \u00e4r t\u00e4nkt att finansiera kampen mot globala milj\u00f6problem.<\/p>\n<p><!--more--><\/p>\n<p> GEF startades av FN:s milj\u00f6program Unep, och EU h\u00e5ller fast vid sitt krav p\u00e5 att alla l\u00e4nder som \u00e4r medlemmar i Unep ska bidra till fonden, medan utvecklingsl\u00e4nderna menar att det att det \u00e4r en osolidarisk inst\u00e4llning.<\/p>\n<p> Under perioden mellan 1999 och 2000 hade denglobala milj\u00f6fonden en budget p\u00e5 130 miljoner dollar. 60 procent av pengarna kom fr\u00e5n EU.<\/p>\n<p> Representanter fr\u00e5n G77-gruppen, d\u00e4r utvecklingsl\u00e4nderna finns, menar att man inte kan beg\u00e4ra bidrag fr\u00e5n l\u00e4nderna i syd.<\/p>\n<p> Colombias milj\u00f6minister och talesman Elisa Osorio \u00e4r en av dem som \u00e4r av den uppfattningen.<\/p>\n<p> &#8211; EU:s inst\u00e4llning \u00e4r inte solidarisk, med tanke p\u00e5 den stora milj\u00f6skuld nord har gentemot syd &#8211; \u00e4nda sedan koloniseringen av Afrika och Amerika.<\/p>\n<p> Milj\u00f6ministrarnas tredje Globala forum avslutades p\u00e5 fredagen med ett enh\u00e4lligt beslut om att st\u00f6dja dagordningen om h\u00e5llbar utveckling inf\u00f6r FN:s kommande toppm\u00f6te om milj\u00f6 och utveckling. Det m\u00f6tet, som \u00e4r k\u00e4nt som Rio +10, kommer att h\u00e5llas i Sydafrika i slutet av augusti.<\/p>\n<p> Men debatten kom att pr\u00e4glas av den djupa spricka som finns mellan nord och syd n\u00e4r det g\u00e4ller finansieringen av den Unep.<\/p>\n<p> Diskussionen avslutades utan att n\u00e5gon form av resolution antogs, och EU uttryckte en \u00f6nskan om inget beslut heller ska tas f\u00f6rr\u00e4n efter toppm\u00f6tet i Sydafrika.<\/p>\n<p> N\u00e4rmare 600 delegater fr\u00e5n 120 l\u00e4nder deltog vid m\u00f6tet i Cartagena. Parallellt med ministerm\u00f6tet m\u00f6ttes \u00e4ven representanter fr\u00e5n 60 ickestatliga organisationer.<\/p>\n<p>\n","protected":false},"excerpt":{"rendered":"<p>Cartagena, 020218 (IPS) &#8211; Under helgen m\u00f6ttes milj\u00f6ministrar fr\u00e5n hela v\u00e4rlden i Colombia. Man misslyckades med att gemensamt komma fram till hur man ska finansiera den globala milj\u00f6fonden GEF, som \u00e4r t\u00e4nkt att finansiera kampen mot globala milj\u00f6problem.<\/p>\n","protected":false},"author":42,"featured_media":0,"comment_status":"open","ping_status":"open","sticky":false,"template":"","format":"standard","meta":{"footnotes":""},"categories":[1,12],"tags":[],"class_list":["post-67","post","type-post","status-publish","format-standard","hentry","category-headlines","category-miljo"],"_links":{"self":[{"href":"http:\/\/ipsnews.net\/svenska\/wp-json\/wp\/v2\/posts\/67","targetHints":{"allow":["GET"]}}],"collection":[{"href":"http:\/\/ipsnews.net\/svenska\/wp-json\/wp\/v2\/posts"}],"about":[{"href":"http:\/\/ipsnews.net\/svenska\/wp-json\/wp\/v2\/types\/post"}],"author":[{"embeddable":true,"href":"http:\/\/ipsnews.net\/svenska\/wp-json\/wp\/v2\/users\/42"}],"replies":[{"embeddable":true,"href":"http:\/\/ipsnews.net\/svenska\/wp-json\/wp\/v2\/comments?post=67"}],"version-history":[{"count":0,"href":"http:\/\/ipsnews.net\/svenska\/wp-json\/wp\/v2\/posts\/67\/revisions"}],"wp:attachment":[{"href":"http:\/\/ipsnews.net\/svenska\/wp-json\/wp\/v2\/media?parent=67"}],"wp:term":[{"taxonomy":"category","embeddable":true,"href":"http:\/\/ipsnews.net\/svenska\/wp-json\/wp\/v2\/categories?post=67"},{"taxonomy":"post_tag","embeddable":true,"href":"http:\/\/ipsnews.net\/svenska\/wp-json\/wp\/v2\/tags?post=67"}],"curies":[{"name":"wp","href":"https:\/\/api.w.org\/{rel}","templated":true}]}}