{"id":5761,"date":"2002-10-10T13:40:01","date_gmt":"2002-10-10T13:40:01","guid":{"rendered":"http:\/\/ipsnews.net\/svenska\/2002\/10\/10\/colombia-rusning-efter-marquez-memoarer-2\/"},"modified":"2002-10-10T13:40:01","modified_gmt":"2002-10-10T13:40:01","slug":"colombia-rusning-efter-marquez-memoarer-2","status":"publish","type":"post","link":"http:\/\/ipsnews.net\/svenska\/2002\/10\/10\/colombia-rusning-efter-marquez-memoarer-2\/","title":{"rendered":"Colombia: Rusning efter M\u00e1rquez memoarer"},"content":{"rendered":"<p>Colombia, 021010 (IPS) &#8211; Bok\u00e4lskare och bokhandlare i Colombia har drabbats  av feber. Anledningen \u00e4r f\u00f6rsta delen av  nobelpristagaren Gabriel Garc\u00eda M\u00e1rquezs memoarer.  Symptomen \u00e4r natt\u00f6ppna bokl\u00e5dor och l\u00e5nga k\u00f6er. <\/p>\n<p><!--more--><\/p>\n<p>&#8220;Vivir para contarla&#8221; (Att leva f\u00f6r att ber\u00e4tta) heter boken som i veckan sl\u00e4pptes i flera spansktalande l\u00e4nder. I den \u00e5terger f\u00f6rfattaren sin barndom och sitt liv fram tills han som 28-\u00e5ring b\u00f6rjade arbeta som reporter p\u00e5 Bogota-tidningen El Espectador. Forts\u00e4ttning f\u00f6ljer men det \u00e4r \u00e4nnu ok\u00e4nt hur m\u00e5nga delar Marquez planerar att skriva.<\/p>\n<p> &#8211; Boken \u00e4r en fantastisk historia d\u00e4r Gabo (Garc\u00eda M\u00e1rquez) \u00e4r stj\u00e4rnvittnet, s\u00e4ger Mauricio Vargas, redakt\u00f6r f\u00f6r tidskriften Cambio, som M\u00e1rquez sj\u00e4lv \u00e4r engagerad i b\u00e5de inneh\u00e5llsm\u00e4ssigt och ekonomiskt.<\/p>\n<p> Gabriel Garc\u00eda M\u00e1rquez f\u00f6ddes 1928 i den colombianska staden Aracataca, som son till en telegrafarbetare. Han fick nobelpriset i litteratur 1982 och hans mest k\u00e4nda verk \u00e4r romanen Hundra \u00e5r av ensamhet.<\/p>\n<p> \u00c5tminstone de kulturella kretsarna i Colombia har drabbats av ett slags &#8221; Gabo-mania&#8221; i samband med att memoarerna kommer ut. Man kan exempelvis ringa till Cambio och v\u00e4lja en text som man kan h\u00f6ra f\u00f6rfattaren l\u00e4sa upp p\u00e5 telefonsvaren.<\/p>\n<p> Kulturjournalisten Germ\u00e1n Santamar\u00eda l\u00e4ste bokens 579 sidor p\u00e5 tre dagar och n\u00e4tter. &#8220;N\u00e4r jag i gryningen n\u00e5dde slutet visste jag lika mycket om horor som om klasisk musik&#8221;, skriver han i veckotidningen Semana, vars omslag p\u00e5 senaste numret \u00e4gnades \u00e5t boken.<\/p>\n<p> Santamar\u00eda skriver att boken inte bara handlar om Gabriel Garc\u00eda M\u00e1rquezs f\u00f6rsta 28 \u00e5r i livet utan ocks\u00e5 om mer \u00e4n hundra \u00e5r av colombiansk historia.<\/p>\n<p> (021010)<\/p>\n<p> .<\/p>\n<p>\n","protected":false},"excerpt":{"rendered":"<p>Colombia, 021010 (IPS) &#8211; Bok\u00e4lskare och bokhandlare i Colombia har drabbats av feber. Anledningen \u00e4r f\u00f6rsta delen av nobelpristagaren Gabriel Garc\u00eda M\u00e1rquezs memoarer. Symptomen \u00e4r natt\u00f6ppna bokl\u00e5dor och l\u00e5nga k\u00f6er.<\/p>\n","protected":false},"author":42,"featured_media":0,"comment_status":"open","ping_status":"open","sticky":false,"template":"","format":"standard","meta":{"footnotes":""},"categories":[1],"tags":[],"class_list":["post-5761","post","type-post","status-publish","format-standard","hentry","category-headlines"],"_links":{"self":[{"href":"http:\/\/ipsnews.net\/svenska\/wp-json\/wp\/v2\/posts\/5761","targetHints":{"allow":["GET"]}}],"collection":[{"href":"http:\/\/ipsnews.net\/svenska\/wp-json\/wp\/v2\/posts"}],"about":[{"href":"http:\/\/ipsnews.net\/svenska\/wp-json\/wp\/v2\/types\/post"}],"author":[{"embeddable":true,"href":"http:\/\/ipsnews.net\/svenska\/wp-json\/wp\/v2\/users\/42"}],"replies":[{"embeddable":true,"href":"http:\/\/ipsnews.net\/svenska\/wp-json\/wp\/v2\/comments?post=5761"}],"version-history":[{"count":0,"href":"http:\/\/ipsnews.net\/svenska\/wp-json\/wp\/v2\/posts\/5761\/revisions"}],"wp:attachment":[{"href":"http:\/\/ipsnews.net\/svenska\/wp-json\/wp\/v2\/media?parent=5761"}],"wp:term":[{"taxonomy":"category","embeddable":true,"href":"http:\/\/ipsnews.net\/svenska\/wp-json\/wp\/v2\/categories?post=5761"},{"taxonomy":"post_tag","embeddable":true,"href":"http:\/\/ipsnews.net\/svenska\/wp-json\/wp\/v2\/tags?post=5761"}],"curies":[{"name":"wp","href":"https:\/\/api.w.org\/{rel}","templated":true}]}}