{"id":5420,"date":"2008-01-11T13:40:01","date_gmt":"2008-01-11T13:40:01","guid":{"rendered":"http:\/\/ipsnews.net\/svenska\/2008\/01\/11\/portugal-inkomstskillnaderna-fortsatter-att-oka\/"},"modified":"2008-01-11T13:40:01","modified_gmt":"2008-01-11T13:40:01","slug":"portugal-inkomstskillnaderna-fortsatter-att-oka","status":"publish","type":"post","link":"http:\/\/ipsnews.net\/svenska\/2008\/01\/11\/portugal-inkomstskillnaderna-fortsatter-att-oka\/","title":{"rendered":"Portugal: Inkomstskillnaderna forts\u00e4tter att \u00f6ka"},"content":{"rendered":"<p>Lissabon, 080111 (IPS) &#8211; Portugal \u00e4r det land inom EU som har de st\u00f6rsta sociala klyftorna &#8211; och inkomstskillnaderna mellan de rika och l\u00e5ginkomsttagarna forts\u00e4tter att vidgas.<\/p>\n<p><!--more--><\/p>\n<p>Enligt en rapport fr\u00e5n industril\u00e4ndernas samarbetsorganisation OECD tj\u00e4nade topparna i landets hel- eller halvstatliga bolag 27 g\u00e5nger s\u00e5 mycket som de l\u00e4gst betalda \u00e5r 2004.  Sedan det socialistiska partiet PS \u00f6vertog regeringsmakten i mars 2005 har dessa skillnader \u00f6kat ytterligare, enligt ekonomiska analytiker.  En portugisisk toppdirekt\u00f6r tj\u00e4nar betydligt b\u00e4ttre \u00e4n sina kollegor i Tyskland, Frankrike eller Italien. Landets arbetare var fram till \u00e5r 2004 \u2013 d\u00e5 EU utvidgades med tio nya medlemstater \u2013 samtidigt de s\u00e4mst betalda inom unionen.  I Tyskland, v\u00e4rldens tredje st\u00f6rsta ekonomi, har den p\u00e5st\u00e5dda or\u00e4ttvisan i att landets toppdirekt\u00f6rer i genomsnitt tj\u00e4nar mer \u00e4n tio g\u00e5nger s\u00e5 mycket som de anst\u00e4llda f\u00f6rorsakat debatter.  Men i Portugal, v\u00e4rldens 33:e st\u00f6rsta ekonomi, tycks f\u00e5 reagera \u00f6ver att landets centralbankschef V\u00edtor Const\u00e2ncio tj\u00e4nar tv\u00e5 och en halv g\u00e5nger s\u00e5 mycket som sin motsvarighet i USA, v\u00e4rldens st\u00f6rsta ekonomi.<\/p>\n<p> Luisa Bessa, analytiker vid Lissabon-tidningen Jornal de Neg\u00f3cios, s\u00e4ger att chefsl\u00f6nerna i landet har fortsatt att stiga betydligt snabbare \u00e4n arbetarnas &#8211; trots att det ekonomiska l\u00e4get i landet \u00e4r k\u00e4rvt.  Fernando Madrinha, vid Expresso, landets mest popul\u00e4ra veckotidning, menar att m\u00e5nga av chefer inom b\u00e5de den statliga och privata sektorn har alldeles f\u00f6r h\u00f6ga l\u00f6ner.<\/p>\n<p> &#8211; Vi har de tv\u00e5 olika l\u00e4nder som vi alltid har haft &#8211; ett rikt som visar upp sin allt pr\u00e5ligare rikedom, och ett fattigt vars b\u00f6rda blir allt tyngre, s\u00e4ger han.<\/p>\n","protected":false},"excerpt":{"rendered":"<p>Lissabon, 080111 (IPS) &#8211; Portugal \u00e4r det land inom EU som har de st\u00f6rsta sociala klyftorna &#8211; och inkomstskillnaderna mellan de rika och l\u00e5ginkomsttagarna forts\u00e4tter att vidgas.<\/p>\n","protected":false},"author":144,"featured_media":0,"comment_status":"open","ping_status":"open","sticky":false,"template":"","format":"standard","meta":{"footnotes":""},"categories":[1],"tags":[],"class_list":["post-5420","post","type-post","status-publish","format-standard","hentry","category-headlines"],"_links":{"self":[{"href":"http:\/\/ipsnews.net\/svenska\/wp-json\/wp\/v2\/posts\/5420","targetHints":{"allow":["GET"]}}],"collection":[{"href":"http:\/\/ipsnews.net\/svenska\/wp-json\/wp\/v2\/posts"}],"about":[{"href":"http:\/\/ipsnews.net\/svenska\/wp-json\/wp\/v2\/types\/post"}],"author":[{"embeddable":true,"href":"http:\/\/ipsnews.net\/svenska\/wp-json\/wp\/v2\/users\/144"}],"replies":[{"embeddable":true,"href":"http:\/\/ipsnews.net\/svenska\/wp-json\/wp\/v2\/comments?post=5420"}],"version-history":[{"count":0,"href":"http:\/\/ipsnews.net\/svenska\/wp-json\/wp\/v2\/posts\/5420\/revisions"}],"wp:attachment":[{"href":"http:\/\/ipsnews.net\/svenska\/wp-json\/wp\/v2\/media?parent=5420"}],"wp:term":[{"taxonomy":"category","embeddable":true,"href":"http:\/\/ipsnews.net\/svenska\/wp-json\/wp\/v2\/categories?post=5420"},{"taxonomy":"post_tag","embeddable":true,"href":"http:\/\/ipsnews.net\/svenska\/wp-json\/wp\/v2\/tags?post=5420"}],"curies":[{"name":"wp","href":"https:\/\/api.w.org\/{rel}","templated":true}]}}