{"id":5297,"date":"2007-11-06T13:40:01","date_gmt":"2007-11-06T13:40:01","guid":{"rendered":"http:\/\/ipsnews.net\/svenska\/2007\/11\/06\/svart-for-ungdomar-att-fa-makthavare-att-lyssna\/"},"modified":"2007-11-06T13:40:01","modified_gmt":"2007-11-06T13:40:01","slug":"svart-for-ungdomar-att-fa-makthavare-att-lyssna","status":"publish","type":"post","link":"http:\/\/ipsnews.net\/svenska\/2007\/11\/06\/svart-for-ungdomar-att-fa-makthavare-att-lyssna\/","title":{"rendered":"Sv\u00e5rt f\u00f6r ungdomar att f\u00e5 makthavare att lyssna"},"content":{"rendered":"<p>New York, 071106 (IPS) &#8211; Ungdomar utg\u00f6r en v\u00e4xande grupp bland v\u00e4rldens fattiga, och deras m\u00f6jligheter att p\u00e5verka globala utvecklingsfr\u00e5gor \u00e4r fortfarande begr\u00e4nsade.  <\/p>\n<p><!--more--><\/p>\n<p>Ber\u00e4kningar visar att n\u00e4stan en av fem ungdomar &#8211; personer mellan 15 och 24 \u00e5r &#8211; tvingas klara sig p\u00e5 mindre \u00e4n en dollar om dagen, och n\u00e4stan h\u00e4lften av ungdomarna lever p\u00e5 mindre \u00e4n tv\u00e5 dollar.<\/p>\n<p> De unga utg\u00f6r en fj\u00e4rdedel av v\u00e4rldens arbetsf\u00f6ra befolkning, samtidigt som h\u00e4lften av v\u00e4rldens arbetsl\u00f6sa \u00e4r ungdomar. M\u00f6nstret \u00e4r s\u00e4rskilt tydligt i utvecklingsl\u00e4nderna, d\u00e4r \u00f6ver h\u00e4lften av befolkningen utg\u00f6rs av personer under 25 \u00e5r.<\/p>\n<p> Enligt den senaste rapporten om ungdomar och FN:s millenniem\u00e5l nekades \u00e5r 2005 fortfarande 113 miljoner barn tillg\u00e5ng till grundskola, och mer \u00e4n 150 miljoner m\u00e4nniskor hade aldrig slutf\u00f6rt grundskolan. S\u00e4rskilt drabbade \u00e4r flickor.<\/p>\n<p> Ytterligare 250 miljoner barn mellan fem och 14 \u00e5r i utvecklingsl\u00e4nderna kan inte g\u00e5 i skolan f\u00f6r att de tvingas arbeta.<\/p>\n<p> Samma rapport appl\u00e5derade ungdomars engagemang i arbetet f\u00f6r FN:s millenniem\u00e5l, som f\u00f6rutom att drastiskt minska fattigdomen bland annat inkluderar f\u00f6rb\u00e4ttrad h\u00e4lsa f\u00f6r barn och m\u00f6drar, milj\u00f6m\u00e4ssig h\u00e5llbarhet och j\u00e4mlikhet mellan k\u00f6nen. I hela v\u00e4rlden arbetar ungdomar p\u00e5 gr\u00e4srotsniv\u00e5 f\u00f6r att medverka till att millenniem\u00e5len ska kunna uppn\u00e5s, visade rapporten.  Men p\u00e5 nationell och internationell niv\u00e5 har unga m\u00e4nniskor ofta sv\u00e5rt att g\u00f6ra sina r\u00f6ster h\u00f6rda i utvecklingsfr\u00e5gor som p\u00e5verkar dem. Om det vittnade de ungdomsdelegater som fanns p\u00e5 plats vid m\u00f6tet inom FN:s generalf\u00f6rsamling i september.  25 ungdomsambassad\u00f6rer fr\u00e5n 18 l\u00e4nder deltog. Majoriteten av dem kom som vanligt fr\u00e5n industrialiserade l\u00e4nder, framf\u00f6r allt fr\u00e5n EU. Men i \u00e5r fanns ocks\u00e5 representanter fr\u00e5n Azerbajdzjan, Mexiko, Thailand och Filippinerna p\u00e5 plats.<\/p>\n<p> Leticia Gasca, 21, var en av tv\u00e5 ungdomsdelegater som representerade Mexiko. Hon har under flera \u00e5r varit engagerad i arbetet f\u00f6r ursprungsbefolkningars r\u00e4ttigheter, och har bildat en ickestatlig organisation som k\u00e4mpar f\u00f6r utvecklingsfr\u00e5gor p\u00e5 Mexikos landsbygd.  &#8211; Jag vill utbyta \u00e5sikter och f\u00f6rslag med andra unga ungdomsrepresentanter.<\/p>\n<p> Anke Green vid FN:s ungdomsprogram s\u00e4ger till IPS att m\u00e5nga utvecklingsl\u00e4nder brukar h\u00e4vda att de inte har r\u00e5d att skicka ungdomsrepresentanter till FN:s h\u00f6gkvarter i New York.  &#8211; Men i en del fall handlar det ocks\u00e5 om en misstro gentemot unga. M\u00e5nga l\u00e4nder erk\u00e4nner fortfarande inte ungdomar som en positiv utvecklingskraft, s\u00e4ger Green till IPS.<\/p>\n","protected":false},"excerpt":{"rendered":"<p>New York, 071106 (IPS) &#8211; Ungdomar utg\u00f6r en v\u00e4xande grupp bland v\u00e4rldens fattiga, och deras m\u00f6jligheter att p\u00e5verka globala utvecklingsfr\u00e5gor \u00e4r fortfarande begr\u00e4nsade.<\/p>\n","protected":false},"author":676,"featured_media":0,"comment_status":"open","ping_status":"open","sticky":false,"template":"","format":"standard","meta":{"footnotes":""},"categories":[1,10,2],"tags":[],"class_list":["post-5297","post","type-post","status-publish","format-standard","hentry","category-headlines","category-manskliga-rattigheter","category-utbildning"],"_links":{"self":[{"href":"http:\/\/ipsnews.net\/svenska\/wp-json\/wp\/v2\/posts\/5297","targetHints":{"allow":["GET"]}}],"collection":[{"href":"http:\/\/ipsnews.net\/svenska\/wp-json\/wp\/v2\/posts"}],"about":[{"href":"http:\/\/ipsnews.net\/svenska\/wp-json\/wp\/v2\/types\/post"}],"author":[{"embeddable":true,"href":"http:\/\/ipsnews.net\/svenska\/wp-json\/wp\/v2\/users\/676"}],"replies":[{"embeddable":true,"href":"http:\/\/ipsnews.net\/svenska\/wp-json\/wp\/v2\/comments?post=5297"}],"version-history":[{"count":0,"href":"http:\/\/ipsnews.net\/svenska\/wp-json\/wp\/v2\/posts\/5297\/revisions"}],"wp:attachment":[{"href":"http:\/\/ipsnews.net\/svenska\/wp-json\/wp\/v2\/media?parent=5297"}],"wp:term":[{"taxonomy":"category","embeddable":true,"href":"http:\/\/ipsnews.net\/svenska\/wp-json\/wp\/v2\/categories?post=5297"},{"taxonomy":"post_tag","embeddable":true,"href":"http:\/\/ipsnews.net\/svenska\/wp-json\/wp\/v2\/tags?post=5297"}],"curies":[{"name":"wp","href":"https:\/\/api.w.org\/{rel}","templated":true}]}}