{"id":5194,"date":"2007-09-21T13:40:01","date_gmt":"2007-09-21T13:40:01","guid":{"rendered":"http:\/\/ipsnews.net\/svenska\/2007\/09\/21\/afghanistan-talibanerna-redo-att-forhandla-fragan-ar-om-vad\/"},"modified":"2007-09-21T13:40:01","modified_gmt":"2007-09-21T13:40:01","slug":"afghanistan-talibanerna-redo-att-forhandla-fragan-ar-om-vad","status":"publish","type":"post","link":"http:\/\/ipsnews.net\/svenska\/2007\/09\/21\/afghanistan-talibanerna-redo-att-forhandla-fragan-ar-om-vad\/","title":{"rendered":"Afghanistan: Talibanerna redo att f\u00f6rhandla &#8211; fr\u00e5gan \u00e4r om vad"},"content":{"rendered":"<p>Kabul, 070921 (IPS) &#8211; Talibanernas talesman Qari Yusof Ahmadi bekr\u00e4ftade nyligen att man \u00e4r redo att inleda direkta samtal med den afghanska regeringen. Fr\u00e5gan \u00e4r vad parterna ska f\u00f6rhandla om.<\/p>\n<p><!--more--><\/p>\n<p>Beskedet fr\u00e5n talibanerna kom efter att president Hamid Karzai f\u00f6rnyat sin tidigare uppmaning till samtal. Tidigare har Ahmadi h\u00e4vdat att det inte kunde bli aktuellt med n\u00e5gra samtal innan de utl\u00e4ndska trupperna l\u00e4mnat landet. Men det \u00e4r allts\u00e5 ett krav som nu har \u00f6vergetts.  Talibanernas klartecken \u00e4r visserligen v\u00e4lkommet, men det \u00e4r samtidigt viktigt att st\u00e4lla sig fr\u00e5gan om vad diskussionerna ska handla om, och vilka resultat de kan t\u00e4nkas ge.  M\u00e5nga afghaner undrar om samtalen ska handla om situationen i landet i stort, eller bara begr\u00e4nsas till att behandla f\u00f6rh\u00e5llandena i Afghanistans s\u00f6dra delar. En annan fr\u00e5ga \u00e4r om m\u00e5ls\u00e4ttningen \u00e4r att n\u00e5 fram till en varaktig fred, eller om det bara handlar om att parterna vill k\u00f6pa sig mer tid.<\/p>\n<p> Befolkningen har f\u00f6rhoppningar om att samtalen ska ge riktiga resultat, men man vet ocks\u00e5 att situationen \u00e4r mycket komplicerad, och att det kommer att kr\u00e4vas mycket t\u00e5lamod fr\u00e5n b\u00e5da sidor.  En annan viktig fr\u00e5ga g\u00e4ller hur det internationella samfundet kommer att st\u00e4lla sig. Det g\u00e4ller i synnerhet USA, som invaderade detta land med en mycket specifik m\u00e5ls\u00e4ttning &#8211; att h\u00e4mnas p\u00e5 dem som genomf\u00f6rde terrorattentaten den elfte september, och ocks\u00e5 p\u00e5 dem som gav skydd till f\u00f6r\u00f6varna &#8211; talibanerna.  Trots inbjudningarna till samtal s\u00e5 strider b\u00e5da sidor aktivt mot varandra. Ingen av de stridande parterna har heller st\u00e4llt n\u00e5gra krav p\u00e5 att en vapenvila ska f\u00f6reg\u00e5 samtalen, vilket \u00e4r m\u00e4rkligt.<\/p>\n<p>  N\u00e4r talibanerna st\u00f6rtades och al-Qaidas anh\u00e4ngare drevs bort i slutet av 2001 s\u00e5 v\u00e4lkomnades detta av de flesta afghaner. Men de senare milit\u00e4ra offensiverna mot rebellerna, och det lidande och de d\u00f6dsfall som striderna f\u00f6rorsakat bland den civila befolkningen, har med tiden alltmer retat upp lokalbefolkningen.  Att civilbefolkningen drabbats h\u00e5rt av att ha hamnat i korselden har \u00e4ven undergr\u00e4vt den afghanska regeringens trov\u00e4rdighet, liksom dess allierade i &#8220;kriget mot terrorismen&#8221;.  Om regeringen genomf\u00f6r samtalen med talibanerna, och dessutom n\u00e5r fram till n\u00e5gra \u00f6verenskommelser, s\u00e5 skulle det onekligen f\u00f6r\u00e4ndra det politiska l\u00e4get i landet.  Men det skulle ocks\u00e5 kunna leda till en \u00e4nnu s\u00e4mre relation mellan regeringen och anh\u00e4ngarna till Norra alliansen, den gruppering som med USA:s hj\u00e4lp bidrog till att st\u00f6rta talibanerna fr\u00e5n makten.<\/p>\n<p> Fr\u00e5gan om huruvida det \u00e4r r\u00e4tt att f\u00f6rhandla med talibanerna \u00e4r just nu mycket hett debatterad i de afghanska medierna och i politiska kretsar. Vissa medlemmar av landets parlament menar att om man ska kunna f\u00f6rb\u00e4ttra s\u00e4kerheten i landet s\u00e5 kr\u00e4vs det att talibanerna f\u00e5r komma till tals.  En annan fr\u00e5ga g\u00e4ller vilka av talibanerna som kan t\u00e4nkas delta i samtalen. Fr\u00e5gan \u00e4r om en majoritet av deras ledare kommer att s\u00e4tta sig vid samtalsbordet, eller om bara ett f\u00e5tal personer som \u00e4r missn\u00f6jda med gruppens kopplingar till al-Qaida \u00e4r beredda att delta.<\/p>\n<p>  De s\u00e5 kallade moderata talibanerna, som bland andra representeras av deras tidigare utrikesminister Maulawi Wakil Ahmad Mutawakil och den tidigare Pakistan-ambassad\u00f6ren Mullah Abdul Salam Zaif, har uppmanat regeringen och det internationella samfundet att b\u00f6rja f\u00f6rhandla med talibanerna.  Detta eftersom striderna annars bara kommer att forts\u00e4tta samtidigt som de mer extrema talibanledarna v\u00e4xer sig starkare, varp\u00e5 n\u00e5gra f\u00f6rhandlingar kanske inte l\u00e4ngre \u00e4r m\u00f6jliga.  Det \u00e4r troligt att de mer h\u00e5rdf\u00f6ra talibanledarna, som har starka band till al-Qaida, \u00e4r motst\u00e5ndare till att f\u00f6ra samtal med regeringen och dess internationella allierade. Fr\u00e5gan \u00e4r hur stark den gruppen \u00e4r, och i vilken m\u00e5n de styr talibanernas krigspolitik.  Innan man vet mer om dessa maktf\u00f6rh\u00e5llanden \u00e4r det sv\u00e5rt att veta vilken strategi som b\u00f6r anv\u00e4ndas. Skulle det visa sig att de lokala bef\u00e4lhavarna till stora delar agerar oberoende och utan direkt koppling till al-Qaida s\u00e5 \u00e4r m\u00f6jligheterna att uppn\u00e5 framg\u00e5ngar i samtalen sannolikt betydligt st\u00f6rre.<\/p>\n","protected":false},"excerpt":{"rendered":"<p>Kabul, 070921 (IPS) &#8211; Talibanernas talesman Qari Yusof Ahmadi bekr\u00e4ftade nyligen att man \u00e4r redo att inleda direkta samtal med den afghanska regeringen. Fr\u00e5gan \u00e4r vad parterna ska f\u00f6rhandla om.<\/p>\n","protected":false},"author":655,"featured_media":0,"comment_status":"open","ping_status":"open","sticky":false,"template":"","format":"standard","meta":{"footnotes":""},"categories":[18,1],"tags":[],"class_list":["post-5194","post","type-post","status-publish","format-standard","hentry","category-asien-och-stillahavsomradet","category-headlines"],"_links":{"self":[{"href":"http:\/\/ipsnews.net\/svenska\/wp-json\/wp\/v2\/posts\/5194","targetHints":{"allow":["GET"]}}],"collection":[{"href":"http:\/\/ipsnews.net\/svenska\/wp-json\/wp\/v2\/posts"}],"about":[{"href":"http:\/\/ipsnews.net\/svenska\/wp-json\/wp\/v2\/types\/post"}],"author":[{"embeddable":true,"href":"http:\/\/ipsnews.net\/svenska\/wp-json\/wp\/v2\/users\/655"}],"replies":[{"embeddable":true,"href":"http:\/\/ipsnews.net\/svenska\/wp-json\/wp\/v2\/comments?post=5194"}],"version-history":[{"count":0,"href":"http:\/\/ipsnews.net\/svenska\/wp-json\/wp\/v2\/posts\/5194\/revisions"}],"wp:attachment":[{"href":"http:\/\/ipsnews.net\/svenska\/wp-json\/wp\/v2\/media?parent=5194"}],"wp:term":[{"taxonomy":"category","embeddable":true,"href":"http:\/\/ipsnews.net\/svenska\/wp-json\/wp\/v2\/categories?post=5194"},{"taxonomy":"post_tag","embeddable":true,"href":"http:\/\/ipsnews.net\/svenska\/wp-json\/wp\/v2\/tags?post=5194"}],"curies":[{"name":"wp","href":"https:\/\/api.w.org\/{rel}","templated":true}]}}