{"id":5189,"date":"2007-09-19T13:40:01","date_gmt":"2007-09-19T13:40:01","guid":{"rendered":"http:\/\/ipsnews.net\/svenska\/2007\/09\/19\/framgangsrikt-ozonavtal-fyller-20-ar\/"},"modified":"2007-09-19T13:40:01","modified_gmt":"2007-09-19T13:40:01","slug":"framgangsrikt-ozonavtal-fyller-20-ar","status":"publish","type":"post","link":"http:\/\/ipsnews.net\/svenska\/2007\/09\/19\/framgangsrikt-ozonavtal-fyller-20-ar\/","title":{"rendered":"Framg\u00e5ngsrikt ozonavtal fyller 20 \u00e5r"},"content":{"rendered":"<p>Montreal, 070919 (IPS) &#8211; Delegater fr\u00e5n 191 l\u00e4nder tr\u00e4ffas denna vecka i Montreal, Kanada, f\u00f6r att fira v\u00e4rldens mest framg\u00e5ngsrika milj\u00f6avtal: Montrealprotokollet om \u00e4mnen som bryter ned ozonskiktet. M\u00e5nga experter menar att detta avtal kan g\u00f6ra mer f\u00f6r att minska utsl\u00e4ppen av v\u00e4xthusgaser \u00e4n det mer v\u00e4lk\u00e4nda Kyotoavtalet.<\/p>\n<p><!--more--><\/p>\n<p>Montrealavtalet fyller 20 \u00e5r i \u00e5r, och delegaterna som tr\u00e4ffas vid veckans m\u00f6te refererar till sig sj\u00e4lva som &#8220;ozonfamiljen&#8221;. De samlades i mitten av 1980-talet f\u00f6r att tackla de nya uppt\u00e4ckterna &#8211; att det fanns h\u00e5l och f\u00f6rtunningar i ozonlagret, det skikt i atmosf\u00e4ren som skyddar allt levande p\u00e5 jorden fr\u00e5n ultraviolett str\u00e5lning, s\u00e5 kallad UV-str\u00e5lning, fr\u00e5n solen.<\/p>\n<p> Den \u00f6kade utsattheten f\u00f6r UV-str\u00e5lning har under senare \u00e5r sammankopplats med ett stigande antal hudcancerfall, \u00f6gonsjukdomar och andra h\u00e4lsoproblem hos b\u00e5de m\u00e4nniskor och bland andra arter.<\/p>\n<p> Det var forskarna Sherwood Rowland fr\u00e5n USA och Mario Molina fr\u00e5n Mexiko som i mitten p\u00e5 1970-talet kom fram till att bland annat kylar, luftkonditionerare och brandsl\u00e4ckare inneh\u00f6ll \u00e4mnen som tunnade ut ozonlagret. F\u00f6r dessa uppt\u00e4ckter vann de Nobelpriset, tillsammans med holl\u00e4ndaren Paul Crutzen.<\/p>\n<p> Rowland och Molina talade p\u00e5 s\u00f6ndagen till delegaterna, som v\u00e4xt fr\u00e5n 24 stycken \u00e5r 1987 till 191 i \u00e5r &#8211; lika m\u00e5nga som antalet l\u00e4nder som undertecknat avtalet.<\/p>\n<p> Med 95 procent av de protokollf\u00f6rda ozonf\u00f6rtunnande substanserna, s\u00e5 kallade ODS:er, eliminerade finns ett starkt st\u00f6d f\u00f6r att \u00f6ka utfasningstakten f\u00f6r de nyare ODS:erna, som dessutom \u00e4r farliga v\u00e4xthusgaser.  Utmaningar kvarst\u00e5r dock. USA forts\u00e4tter att anv\u00e4nda stora m\u00e4ngder metylbromid, som \u00e4r en ozonf\u00f6rtunnande substans. Och det ekonomiska uppsvinget i Kina och Indien har f\u00e5tt anv\u00e4ndandet av luftkonditionerare, som beh\u00f6ver kemikalier som \u00e4r farliga f\u00f6r milj\u00f6n, att \u00f6ka snabbt.  En av de faktorer som gjort Montrealavtalet s\u00e5 framg\u00e5ngsrikt \u00e4r den fond som skapades \u00e5r 1990, Multilaterala fonden f\u00f6r implementeringen av Montrealavtalet. 49 industrialiserade l\u00e4nder har bidragit med motsvarande drygt 2,2 miljarder dollar till fonden, och 146 l\u00e4nder har f\u00e5tt ekonomiskt st\u00f6d f\u00f6r att fasa ut anv\u00e4ndandet av ozonfortunnande substanser.<\/p>\n<p> &#8211; Den multilaterala fonden har varit avg\u00f6rande f\u00f6r framg\u00e5ngarna, s\u00e4ger ambassad\u00f6r Juan Antonio Mateos fr\u00e5n Mexiko till IPS.<\/p>\n<p> &#8211; Men trots detta har vi inte lyckats skapa en s\u00e5dan f\u00f6r Kyotoavtalet, till\u00e4gger han.<\/p>\n<p> Dessutom har multilaterala avtal enligt Mateos p\u00e5 senare tid f\u00e5tt st\u00e5 tillbaka till f\u00f6rm\u00e5n f\u00f6r bilaterala eller unilaterala s\u00e5dana.<\/p>\n<p> &#8211; Vi m\u00e5ste g\u00e5 tillbaka till multilateralism om vi ska f\u00e5 till ett starkt klimatavtal, s\u00e4ger han.<\/p>\n<p> I diskussionerna i samband med inledningen av veckans m\u00f6te tycktes delegaterna vara ense om att ozonlagret inte kommer att ha \u00e5terh\u00e4mtat sig fr\u00e5n skadeverkningarna, som allts\u00e5 har h\u00e4mmats &#8211; om \u00e4n inte helt upph\u00f6rt &#8211; sedan Montrealavtalet skapades, f\u00f6rr\u00e4n fram\u00e5t \u00e5r 2060-2070.<\/p>\n<p> De som st\u00e5r bakom Montreal\u00f6verenskommelsen hoppas att avtalet kan tj\u00e4na som modell f\u00f6r ett framtida mer \u00f6vergripande milj\u00f6avtal.<\/p>\n","protected":false},"excerpt":{"rendered":"<p>Montreal, 070919 (IPS) &#8211; Delegater fr\u00e5n 191 l\u00e4nder tr\u00e4ffas denna vecka i Montreal, Kanada, f\u00f6r att fira v\u00e4rldens mest framg\u00e5ngsrika milj\u00f6avtal: Montrealprotokollet om \u00e4mnen som bryter ned ozonskiktet. M\u00e5nga experter menar att detta avtal kan g\u00f6ra mer f\u00f6r att minska&hellip; <a href=\"http:\/\/ipsnews.net\/svenska\/2007\/09\/19\/framgangsrikt-ozonavtal-fyller-20-ar\/\" class=\"more-link\">Continue Reading <span class=\"meta-nav\">&rarr;<\/span><\/a><\/p>\n","protected":false},"author":166,"featured_media":0,"comment_status":"open","ping_status":"open","sticky":false,"template":"","format":"standard","meta":{"footnotes":""},"categories":[1],"tags":[],"class_list":["post-5189","post","type-post","status-publish","format-standard","hentry","category-headlines"],"_links":{"self":[{"href":"http:\/\/ipsnews.net\/svenska\/wp-json\/wp\/v2\/posts\/5189","targetHints":{"allow":["GET"]}}],"collection":[{"href":"http:\/\/ipsnews.net\/svenska\/wp-json\/wp\/v2\/posts"}],"about":[{"href":"http:\/\/ipsnews.net\/svenska\/wp-json\/wp\/v2\/types\/post"}],"author":[{"embeddable":true,"href":"http:\/\/ipsnews.net\/svenska\/wp-json\/wp\/v2\/users\/166"}],"replies":[{"embeddable":true,"href":"http:\/\/ipsnews.net\/svenska\/wp-json\/wp\/v2\/comments?post=5189"}],"version-history":[{"count":0,"href":"http:\/\/ipsnews.net\/svenska\/wp-json\/wp\/v2\/posts\/5189\/revisions"}],"wp:attachment":[{"href":"http:\/\/ipsnews.net\/svenska\/wp-json\/wp\/v2\/media?parent=5189"}],"wp:term":[{"taxonomy":"category","embeddable":true,"href":"http:\/\/ipsnews.net\/svenska\/wp-json\/wp\/v2\/categories?post=5189"},{"taxonomy":"post_tag","embeddable":true,"href":"http:\/\/ipsnews.net\/svenska\/wp-json\/wp\/v2\/tags?post=5189"}],"curies":[{"name":"wp","href":"https:\/\/api.w.org\/{rel}","templated":true}]}}