{"id":5039,"date":"2007-06-07T13:40:01","date_gmt":"2007-06-07T13:40:01","guid":{"rendered":"http:\/\/ipsnews.net\/svenska\/2007\/06\/07\/serbien-kineser-far-betongforort-att-leva-upp\/"},"modified":"2007-06-07T13:40:01","modified_gmt":"2007-06-07T13:40:01","slug":"serbien-kineser-far-betongforort-att-leva-upp","status":"publish","type":"post","link":"http:\/\/ipsnews.net\/svenska\/2007\/06\/07\/serbien-kineser-far-betongforort-att-leva-upp\/","title":{"rendered":"Serbien: Kineser f\u00e5r betongf\u00f6rort att leva upp"},"content":{"rendered":"<p>Belgrad, 070607 (IPS) &#8211; Vissa ser Serbien som en intolerant och nationalistisk nation efter dess roll i krigen i det forna Jugoslavien, men f\u00f6r m\u00e5nga som har kommit till landet fr\u00e5n andra delar av v\u00e4rlden \u00e4r det ett g\u00e4stfritt land.<\/p>\n<p><!--more--><\/p>\n<p>I Serbien finns m\u00e5nga tusen kineser som b\u00f6rjade komma f\u00f6r tio \u00e5r sedan, och landet ger \u00e5tminstone tillf\u00e4lligt skydd \u00e5t m\u00e4nniskor som har flytt fr\u00e5n krig i andra l\u00e4nder, s\u00e5som Irak eller Afghanistan.  &#8211; Belgrad har varit mitt andra hem i mer \u00e4n \u00e5tta \u00e5r nu, s\u00e4ger Liu Feng Dun, som \u00e4ger den popul\u00e4ra restaurangen New Hong Kong.  &#8211; Jag \u00e5ker till Kina minst en g\u00e5ng om \u00e5ret, men det \u00e4r h\u00e4r jag har byggt upp mitt riktiga liv, s\u00e4ger Liu Feng Dun, och till\u00e4gger att han har gett sin yngsta son, som f\u00f6ddes f\u00f6r tre \u00e5r sedan, ett typiskt serbiskt namn, Marko. Hans \u00e4ldre son Hu g\u00e5r i en serbisk skola.<\/p>\n<p> &#8211; Vi har dussintals kinesiska elever h\u00e4r, s\u00e4ger Jelena, en l\u00e4rarinna vid Marko Oreskovic-skolan i f\u00f6rorten Block 70. Hon pekar p\u00e5 tv\u00e5 kinesiska flickor i sju\u00e5rs\u00e5ldern p\u00e5 skolg\u00e5rden.<\/p>\n<p> Flera tusen kineser lever, arbetar i och g\u00e5r i skolan i Block 70, som ligger i Nya Belgrad. Nya Belgrad \u00e4r en del av huvudstaden, och byggdes vid floden Sava under kommunisttiden, d\u00e5 en skyline med h\u00f6ghus ans\u00e5gs vara ett vackert tecken p\u00e5 framsteg.  I Block 70 fanns ett stort k\u00f6pcentrum som byggdes f\u00f6r n\u00e4stan 20 \u00e5r sedan, innan krigen som slet s\u00f6nder det f\u00f6re detta Jugoslavien. Men k\u00f6pcentrumet blommade aldrig riktigt upp, eftersom de internationella sanktionerna mot landet, som inf\u00f6rdes p\u00e5 grund av dess roll i krigen under 90-talet, drabbade Serbiens ekonomi h\u00e5rt.  Men de tusentals kineser som b\u00f6rjade anl\u00e4nda f\u00f6r ett \u00e5rtionde sedan omvandlade det gr\u00e5daskiga Block 70 till ett f\u00e4rgrikt omr\u00e5de. Billiga kinesiska varor gjorde att serberna kunde ha r\u00e5d med hyggliga kl\u00e4der och hush\u00e5llsprylar, och de nya asiatiska grannarna fann att de kunde g\u00f6ra bra aff\u00e4rer.  Numera har de flesta av inv\u00e5narna i Block 70 kinesiskt ursprung, och de kinesiska restaurangerna d\u00e4r har blivit popul\u00e4ra \u00e4ven bland m\u00e5nga inf\u00f6dda Belgradbor.  I en annan del av Nya Belgrad bor en grupp kurdiska familjer fr\u00e5n Irak i barracker som hyrs av FN:s flyktingorgan UNHCR. De v\u00e4ntar p\u00e5 vidare befordran till ett tredje land efter att ha varit i Serbien i tre \u00e5r. Tills nyligen bodde d\u00e4r \u00e4ven afghaner som hade flytt fr\u00e5n kriget i sitt hemland.<\/p>\n<p> Tre barn fr\u00e5n en av de kurdiska familjerna &#8211; elva\u00e5rige Muhammad, nio\u00e5rige Hussein och \u00e5tta\u00e5riga Zeinap &#8211; g\u00e5r i Laza Kostic-skolan i n\u00e4rheten, och d\u00e4r tillh\u00f6r de de b\u00e4sta eleverna. De talar perfekt serbiska och leker med serbiska barn.<\/p>\n<p> &#8211; Jag tycker om tre saker h\u00e4r i Serbien. Det f\u00f6rsta \u00e4r regnet, eftersom det s\u00e4llan regnar d\u00e4r jag kommer ifr\u00e5n. Det andra \u00e4r att jag kan g\u00e5 p\u00e5 gatorna mitt i natten utan att vara r\u00e4dd. Det tredje \u00e4r att n\u00e4r en polis pratar med mig, s\u00e5 b\u00f6rjar han med att s\u00e4ga &#8220;Urs\u00e4kta, men&#8230;&#8221; D\u00e4r jag kommer ifr\u00e5n anv\u00e4nder poliserna inte ordet &#8220;urs\u00e4kta&#8221;, s\u00e4ger barnens far.<\/p>\n<p> Serbien har ingen asyllag, och alla flyktingar och asyls\u00f6kande slussas vidare till tredje land, med hj\u00e4lp av UNHCR.<\/p>\n<p> &#8211; Vi har minst 50 nya fall om \u00e5ret. Det tar flera \u00e5r att g\u00e5 igenom och hitta nya l\u00e4nder \u00e5t dem, s\u00e4ger Vesna Petkovic, taleskvinna f\u00f6r UNHCR i Belgrad.  &#8211; Vanligtvis har de inga problem i sin tillf\u00e4lliga omgivning, i Serbien. En del arbetar i byggindustrin eller i liknande sektorer och de v\u00e4lkomnas av lokalbefolkningen. Vanliga m\u00e4nniskor h\u00e4r f\u00f6rst\u00e5r andra m\u00e4nniskors umb\u00e4randen, och de \u00e4r har medk\u00e4nsla med dem, s\u00e4ger Petkovic.<\/p>\n","protected":false},"excerpt":{"rendered":"<p>Belgrad, 070607 (IPS) &#8211; Vissa ser Serbien som en intolerant och nationalistisk nation efter dess roll i krigen i det forna Jugoslavien, men f\u00f6r m\u00e5nga som har kommit till landet fr\u00e5n andra delar av v\u00e4rlden \u00e4r det ett g\u00e4stfritt land.<\/p>\n","protected":false},"author":15,"featured_media":0,"comment_status":"open","ping_status":"open","sticky":false,"template":"","format":"standard","meta":{"footnotes":""},"categories":[1],"tags":[],"class_list":["post-5039","post","type-post","status-publish","format-standard","hentry","category-headlines"],"_links":{"self":[{"href":"http:\/\/ipsnews.net\/svenska\/wp-json\/wp\/v2\/posts\/5039","targetHints":{"allow":["GET"]}}],"collection":[{"href":"http:\/\/ipsnews.net\/svenska\/wp-json\/wp\/v2\/posts"}],"about":[{"href":"http:\/\/ipsnews.net\/svenska\/wp-json\/wp\/v2\/types\/post"}],"author":[{"embeddable":true,"href":"http:\/\/ipsnews.net\/svenska\/wp-json\/wp\/v2\/users\/15"}],"replies":[{"embeddable":true,"href":"http:\/\/ipsnews.net\/svenska\/wp-json\/wp\/v2\/comments?post=5039"}],"version-history":[{"count":0,"href":"http:\/\/ipsnews.net\/svenska\/wp-json\/wp\/v2\/posts\/5039\/revisions"}],"wp:attachment":[{"href":"http:\/\/ipsnews.net\/svenska\/wp-json\/wp\/v2\/media?parent=5039"}],"wp:term":[{"taxonomy":"category","embeddable":true,"href":"http:\/\/ipsnews.net\/svenska\/wp-json\/wp\/v2\/categories?post=5039"},{"taxonomy":"post_tag","embeddable":true,"href":"http:\/\/ipsnews.net\/svenska\/wp-json\/wp\/v2\/tags?post=5039"}],"curies":[{"name":"wp","href":"https:\/\/api.w.org\/{rel}","templated":true}]}}