{"id":5003,"date":"2007-05-22T13:40:01","date_gmt":"2007-05-22T13:40:01","guid":{"rendered":"http:\/\/ipsnews.net\/svenska\/2007\/05\/22\/ansvarsskyldighet-for-en-rattvis-varld\/"},"modified":"2007-05-22T13:40:01","modified_gmt":"2007-05-22T13:40:01","slug":"ansvarsskyldighet-for-en-rattvis-varld","status":"publish","type":"post","link":"http:\/\/ipsnews.net\/svenska\/2007\/05\/22\/ansvarsskyldighet-for-en-rattvis-varld\/","title":{"rendered":"Ansvarsskyldighet &#8211; f\u00f6r en r\u00e4ttvis v\u00e4rld"},"content":{"rendered":"<p>Nairobi, 070522 (IPS) &#8211; I veckan m\u00f6ts ickestatliga organisationer och aktivister som k\u00e4mpar f\u00f6r aidssjukas r\u00e4ttigheter, f\u00f6r r\u00e4ttvisare handelsregler, belyser milj\u00f6hot och en rad andra viktiga fr\u00e5gor, i Glasgow, Skottland. Deras ambition \u00e4r att st\u00e4rka kampen och \u00f6ka samh\u00e4llsakt\u00f6rers ansvarsskyldighet f\u00f6r sina handlingar.<\/p>\n<p><!--more--><\/p>\n<p>V\u00e4rldsalliansen f\u00f6r medborgardeltagande, eller Civicus, \u00e4r en Johannesburg-baserad paraplyorganisation f\u00f6r ickestatliga organisationer. Den 23-27 maj har den sammankallat till m\u00f6te i Glasgow under parollen &#8220;Agera tillsammans f\u00f6r en r\u00e4ttvis v\u00e4rld&#8221;.<\/p>\n<p> Civicus st\u00f6djer medborgardeltagande p\u00e5 alla samh\u00e4llsniv\u00e5er, i synnerhet p\u00e5 platser d\u00e4r civilsamh\u00e4llet har sv\u00e5rt att g\u00f6ra sig h\u00f6rt och ut\u00f6va inflytande.<\/p>\n<p> S\u00e4rskild uppm\u00e4rksamhet kommer i \u00e5r att ges till fr\u00e5gan om ansvarsskyldighet i kampen f\u00f6r global r\u00e4ttvisa. M\u00f6tesprogrammet inkluderar diskussioner om hur civila samh\u00e4llsorganisationer, media, f\u00f6retag och globala institutioner kan h\u00e5llas ansvariga f\u00f6r sina handlingar.  Ett annat diskussions\u00e4mne blir mediernas roll i kampen f\u00f6r en mer r\u00e4ttvis v\u00e4rld. M\u00e5nga av medborgarorganisationerna menar att initiativ som \u00e4r av stor vikt f\u00f6r civilsamh\u00e4llet osynligg\u00f6rs av medierna.  &#8211; Pressen h\u00e4r i Kenya drivs av sensationslystnad och l\u00f6snummerf\u00f6rs\u00e4ljning. Det \u00e4r en stor svaghet, f\u00f6r viktiga utvecklingsfr\u00e5gor som skulle beh\u00f6va belysas hamnar i bakgrunden, s\u00e4ger Mwambi Mwasaru, chef f\u00f6r Kenyas m\u00e4nniskor\u00e4ttskommission, och till\u00e4gger att det \u00e4r s\u00e4rskilt sv\u00e5rt att f\u00e5 information om fr\u00e5gor som r\u00f6r landsbygden.<\/p>\n<p> Absalom Mutere, som \u00e4r styrelseordf\u00f6rande i Kenyas medier\u00e5d, h\u00e5ller till viss del med om kritiken och s\u00e4ger att man kan ifr\u00e5gas\u00e4tta mediernas oberoende n\u00e4r de i f\u00f6rsta hand bevakar h\u00e4ndelser som politikerna i landet iscensatt.  &#8211; Om jag skulle betygs\u00e4tta v\u00e5ra medier p\u00e5 en skala fr\u00e5n ett till tio p\u00e5 det h\u00e4r omr\u00e5det skulle jag ge dem en fyra, s\u00e4ger han.<\/p>\n<p> Wilson Ugangu, journalist och f\u00f6rel\u00e4sare i kommunikationsvetenskap vid journalistutbildningen vid Nairobis universitet, menar att bristen p\u00e5 bevakning av fr\u00e5gor som \u00e4r viktiga f\u00f6r civilsamh\u00e4llet kan ha att g\u00f6ra med bristande resurser.<\/p>\n<p> &#8211; De fr\u00e5gor som medborgargrupperna driver kan vara av omedelbart intresse f\u00f6r samh\u00e4llet, men det \u00e4r ovanligt att journalister f\u00e5r betalt av sina arbetsgivare f\u00f6r att genomf\u00f6ra ordentliga granskningar s\u00e5 att de kan \u00e5stadkomma v\u00e4l underbyggda reportage, s\u00e4ger Ugandu.<\/p>\n<p> Men Martin Adhola, en annan journalist som arbetar i den kenyanska huvudstaden, anser att de ickestatliga organisationerna sj\u00e4lva b\u00f6r ta p\u00e5 sig en del av ansvaret f\u00f6r mediernas p\u00e5st\u00e5dda tillkortakommanden.<\/p>\n<p> &#8211; Gruppernas kampanjer kommer och g\u00e5r. De reagerar bara n\u00e4r det har h\u00e4nt n\u00e5got, sedan blir de tysta igen. Civilsamh\u00e4llet m\u00e5ste vara aktivt hela tiden, s\u00e4ger han.<\/p>\n","protected":false},"excerpt":{"rendered":"<p>Nairobi, 070522 (IPS) &#8211; I veckan m\u00f6ts ickestatliga organisationer och aktivister som k\u00e4mpar f\u00f6r aidssjukas r\u00e4ttigheter, f\u00f6r r\u00e4ttvisare handelsregler, belyser milj\u00f6hot och en rad andra viktiga fr\u00e5gor, i Glasgow, Skottland. Deras ambition \u00e4r att st\u00e4rka kampen och \u00f6ka samh\u00e4llsakt\u00f6rers ansvarsskyldighet&hellip; <a href=\"http:\/\/ipsnews.net\/svenska\/2007\/05\/22\/ansvarsskyldighet-for-en-rattvis-varld\/\" class=\"more-link\">Continue Reading <span class=\"meta-nav\">&rarr;<\/span><\/a><\/p>\n","protected":false},"author":257,"featured_media":0,"comment_status":"open","ping_status":"open","sticky":false,"template":"","format":"standard","meta":{"footnotes":""},"categories":[1],"tags":[],"class_list":["post-5003","post","type-post","status-publish","format-standard","hentry","category-headlines"],"_links":{"self":[{"href":"http:\/\/ipsnews.net\/svenska\/wp-json\/wp\/v2\/posts\/5003","targetHints":{"allow":["GET"]}}],"collection":[{"href":"http:\/\/ipsnews.net\/svenska\/wp-json\/wp\/v2\/posts"}],"about":[{"href":"http:\/\/ipsnews.net\/svenska\/wp-json\/wp\/v2\/types\/post"}],"author":[{"embeddable":true,"href":"http:\/\/ipsnews.net\/svenska\/wp-json\/wp\/v2\/users\/257"}],"replies":[{"embeddable":true,"href":"http:\/\/ipsnews.net\/svenska\/wp-json\/wp\/v2\/comments?post=5003"}],"version-history":[{"count":0,"href":"http:\/\/ipsnews.net\/svenska\/wp-json\/wp\/v2\/posts\/5003\/revisions"}],"wp:attachment":[{"href":"http:\/\/ipsnews.net\/svenska\/wp-json\/wp\/v2\/media?parent=5003"}],"wp:term":[{"taxonomy":"category","embeddable":true,"href":"http:\/\/ipsnews.net\/svenska\/wp-json\/wp\/v2\/categories?post=5003"},{"taxonomy":"post_tag","embeddable":true,"href":"http:\/\/ipsnews.net\/svenska\/wp-json\/wp\/v2\/tags?post=5003"}],"curies":[{"name":"wp","href":"https:\/\/api.w.org\/{rel}","templated":true}]}}