{"id":4770,"date":"2007-02-02T13:40:01","date_gmt":"2007-02-02T13:40:01","guid":{"rendered":"http:\/\/ipsnews.net\/svenska\/2007\/02\/02\/irakiska-flyktingar-moter-stangd-grans-i-jordanien\/"},"modified":"2007-02-02T13:40:01","modified_gmt":"2007-02-02T13:40:01","slug":"irakiska-flyktingar-moter-stangd-grans-i-jordanien","status":"publish","type":"post","link":"http:\/\/ipsnews.net\/svenska\/2007\/02\/02\/irakiska-flyktingar-moter-stangd-grans-i-jordanien\/","title":{"rendered":"Irakiska flyktingar m\u00f6ter st\u00e4ngd gr\u00e4ns i Jordanien"},"content":{"rendered":"<p>Amman, 070202 (IPS) &#8211; Hundratusentals irakiska flyktingar som flytt undan v\u00e5ldet i hemlandet har s\u00f6kt skydd i Jordanien. Men nu b\u00f6rjar gr\u00e4nsen till grannlandet att st\u00e4ngas.<\/p>\n<p><!--more--><\/p>\n<p>Jordanien och Syrien \u00e4r tv\u00e5 av mycket f\u00e5 l\u00e4nder d\u00e4r flyende irakier kan hoppas p\u00e5 att f\u00e5 skydd. I l\u00e4nderna i v\u00e4st har irakiska flyktingar mycket sv\u00e5rt att ta sig in. Och nu tycks det bli allt sv\u00e5rare att komma in i Jordanien.  Ahmad Khalaf fr\u00e5n den irakiska staden Saqlawiya genomgick en \u00f6gonoperation i Jordanien. N\u00e4r l\u00e4karen nu meddelade att operationen m\u00e5ste g\u00f6ras om r\u00e5kade Khalaf ut f\u00f6r samma sak som p\u00e5 senare tid drabbat tiotusentals andra irakier som f\u00f6rs\u00f6kt ta sig in i grannlandet.<\/p>\n<p> &#8211; Jag anl\u00e4nde till gr\u00e4nsen mellan Jordanien och Irak med min journal och ett brev fr\u00e5n sjukhuset i Jordanien d\u00e4r jag ombads infinna mig i Amman ett utsatt datum. Men den jordanska gr\u00e4nspersonalen v\u00e4grade sl\u00e4ppa in mig, utan att f\u00f6rklara varf\u00f6r, ber\u00e4ttar Khalaf.<\/p>\n<p> Enligt FN:s flyktingorgan UNHCR flyr 100 000 irakier fr\u00e5n landet varje m\u00e5nad. UNHCR bed\u00f6mer att uppskattningsvis 700 000 irakier har flytt till Jordanien och att ytterligare 600 000 befinner sig i Syrien. M\u00e5nga experter menar dock att m\u00f6rkertalet \u00e4r stort och att siffrorna i verkligheten \u00e4r \u00e4nnu h\u00f6gre.  UNHCR bed\u00f6mer dessutom att fler \u00e4n 1,5 miljoner irakier befinner sig p\u00e5 flykt inom landet.<\/p>\n<p> Flera irakier har sagt till IPS att de jordanska myndigheterna st\u00e4ngde sin gr\u00e4ns efter att Saddam Hussein avr\u00e4ttades, och att detta skulle ha skett p\u00e5 inr\u00e5dan av den irakiska regeringen.  Klart \u00e4r att gr\u00e4nsmyndigheterna i Jordanien har blivit allt striktare de senaste m\u00e5naderna.<\/p>\n<p> &#8211; Efter att premi\u00e4rminister al-Maliki bes\u00f6kte Jordanien f\u00f6rra \u00e5ret blev de jordanska myndigheterna str\u00e4ngare och h\u00e4lften av dem som har velat korsa gr\u00e4nsen har inte till\u00e5tits g\u00f6ra det, s\u00e4ger en livsmedelshandlare, som normalt brukat k\u00f6pa sina varor i Jordanien.<\/p>\n<p> &#8211; Sedan Jawad Bolani (Iraks inrikesminister) bes\u00f6kte Jordanien i slutet av f\u00f6rra \u00e5ret har de f\u00f6rv\u00e4grat 95 procent av irakierna att korsa gr\u00e4nsen.<\/p>\n<p> Tidigare st\u00e4ngde Jordanien gr\u00e4nsen f\u00f6r irakiska m\u00e4n i \u00e5ldrarna 17 till 35 \u00e5r. Landet har \u00e4ven st\u00e4ngt gr\u00e4nserna f\u00f6r de palestinska flyktingar som tidigare levde i Irak i skydd av Saddam Hussein, men som efter invasionen 2003 tvingats l\u00e4mna sina hem.<\/p>\n<p> Den massiva flyktingstr\u00f6mmen till Jordanien innan gr\u00e4nskontrollerna blev h\u00e5rdare har belastat landet h\u00e5rt. I synnerhet skolv\u00e4sendet och sjukv\u00e5rden har f\u00e5tt problem att hantera de hundratusentals nya inv\u00e5narna.  &#8211; V\u00e5rt lilla land har inte r\u00e5d att ta emot fler irakier, s\u00e4ger Ahmad Trawne fr\u00e5n Amman till IPS.  &#8211; Vi k\u00e4nner sympati f\u00f6r v\u00e5ra irakiska br\u00f6der, men de har nu blivit en b\u00f6rda f\u00f6r v\u00e5rt fattiga land.<\/p>\n<p> Jordanska medborgare har b\u00f6rjat beklaga sig \u00f6ver att rika irakier har medverkat till en \u00f6kande inflation i landet. Fastighetsbranschen har f\u00e5tt ett uppsving, men priserna har stigit till niv\u00e5er som g\u00f6r det sv\u00e5rt f\u00f6r de flesta jordanier att k\u00f6pa eller ens hyra fastigheter i centrala Amman. \u00c4ven matpriserna har stigit.<\/p>\n<p> De irakier som f\u00e5r v\u00e4nda vid gr\u00e4nsen tvingas bege sig tillbaka in i landet eftersom det inte finns n\u00e5gra hotell l\u00e4ngs gr\u00e4nsen. Det har dessutom blivit allt sv\u00e5rare att hitta husrum f\u00f6r alla dem som befinner sig p\u00e5 flykt inom landet.<\/p>\n<p> UNHCR slog nyligen larm om att flyktingstr\u00f6mmarna inne i Irak \u00e4r s\u00e5 omfattande att organet inte klarar att hantera situationen, och att en humanit\u00e4r kris hotar.<\/p>\n<p>\n","protected":false},"excerpt":{"rendered":"<p>Amman, 070202 (IPS) &#8211; Hundratusentals irakiska flyktingar som flytt undan v\u00e5ldet i hemlandet har s\u00f6kt skydd i Jordanien. Men nu b\u00f6rjar gr\u00e4nsen till grannlandet att st\u00e4ngas.<\/p>\n","protected":false},"author":552,"featured_media":0,"comment_status":"open","ping_status":"open","sticky":false,"template":"","format":"standard","meta":{"footnotes":""},"categories":[1,17,7],"tags":[],"class_list":["post-4770","post","type-post","status-publish","format-standard","hentry","category-headlines","category-mellanostern","category-politik"],"_links":{"self":[{"href":"http:\/\/ipsnews.net\/svenska\/wp-json\/wp\/v2\/posts\/4770","targetHints":{"allow":["GET"]}}],"collection":[{"href":"http:\/\/ipsnews.net\/svenska\/wp-json\/wp\/v2\/posts"}],"about":[{"href":"http:\/\/ipsnews.net\/svenska\/wp-json\/wp\/v2\/types\/post"}],"author":[{"embeddable":true,"href":"http:\/\/ipsnews.net\/svenska\/wp-json\/wp\/v2\/users\/552"}],"replies":[{"embeddable":true,"href":"http:\/\/ipsnews.net\/svenska\/wp-json\/wp\/v2\/comments?post=4770"}],"version-history":[{"count":0,"href":"http:\/\/ipsnews.net\/svenska\/wp-json\/wp\/v2\/posts\/4770\/revisions"}],"wp:attachment":[{"href":"http:\/\/ipsnews.net\/svenska\/wp-json\/wp\/v2\/media?parent=4770"}],"wp:term":[{"taxonomy":"category","embeddable":true,"href":"http:\/\/ipsnews.net\/svenska\/wp-json\/wp\/v2\/categories?post=4770"},{"taxonomy":"post_tag","embeddable":true,"href":"http:\/\/ipsnews.net\/svenska\/wp-json\/wp\/v2\/tags?post=4770"}],"curies":[{"name":"wp","href":"https:\/\/api.w.org\/{rel}","templated":true}]}}