{"id":4635,"date":"2006-11-21T13:40:01","date_gmt":"2006-11-21T13:40:01","guid":{"rendered":"http:\/\/ipsnews.net\/svenska\/2006\/11\/21\/slovenien-romer-infor-nya-hot\/"},"modified":"2006-11-21T13:40:01","modified_gmt":"2006-11-21T13:40:01","slug":"slovenien-romer-infor-nya-hot","status":"publish","type":"post","link":"http:\/\/ipsnews.net\/svenska\/2006\/11\/21\/slovenien-romer-infor-nya-hot\/","title":{"rendered":"Slovenien: Romer inf\u00f6r nya hot"},"content":{"rendered":"<p>Belgrad, 061121 (IPS) &#8211; Slovenien \u00e4r det enda ex-jugoslaviska land som \u00e4r fullv\u00e4rdig medlem i EU. Men Sloveniens facit n\u00e4r det g\u00e4ller m\u00e4nskliga r\u00e4ttigheter \u00e4r fortfarande h\u00f6gst tveksamt. <\/p>\n<p><!--more--><\/p>\n<p>N\u00e4r 35 romer blev bortk\u00f6rda fr\u00e5n sin hemby tidigare i m\u00e5naden var det ett tecken p\u00e5 hur utsatt den romska minoriteten i Slovenien \u00e4r.<\/p>\n<p> &#8211; Det h\u00e4r \u00e4r slutet f\u00f6r r\u00e4ttssamh\u00e4llet i Slovenien. Det som h\u00e4nde \u00e4r en katastrof. Man gav efter f\u00f6r mobbens p\u00e5tryckningar, sa den slovenska EU-ombudsmannen Matjaz Havzek till slovenska tidningar.<\/p>\n<p> Det var i byn Ambrus, n\u00e4ra den slovenska huvudstaden Ljubljana, som bybor hotade att d\u00f6da en grupp romer som bodde och \u00e4gde mark i byn. Efter br\u00e5k med romerna kr\u00e4vde byborna att romerna skulle ge sig av fr\u00e5n omr\u00e5det. Polisen ingrep d\u00e5 och flyttade 35 romer, mot deras vilja, till \u00f6vergivna milit\u00e4rbaracker mer \u00e4n fem mil ifr\u00e5n byn.  Byborna appl\u00e5derade n\u00e4r polisens specialenheter f\u00f6rde bort romerna, som l\u00e4mnades i baracker som saknar v\u00e4rme och rinnande vatten.<\/p>\n<p> En av byborna, som medverkade i lokala tv-s\u00e4ndningar, sa att &#8220;det g\u00e5r inte att leva ett normalt liv med ociviliserade m\u00e4nniskor som har tio barn&#8221;.<\/p>\n<p> Den regeringsv\u00e4nliga dagstidningen Delo skrev i en kommentar efter h\u00e4ndelsen att det var &#8220;en konflikt mellan tv\u00e5 kulturer&#8221;.<\/p>\n<p> &#8220;Det borde inte ha h\u00e4nt, men d\u00e4r fanns \u00e5 ena sidan romerna, som lever i sin egen v\u00e4rld, en v\u00e4rld helt annorlunda \u00e4n v\u00e5r, och \u00e5 andra sidan m\u00e4nniskor med vanliga liv, som betalar skatt och lever sida vid sida med romerna&#8221;, skrev Delo.<\/p>\n<p> Premi\u00e4rminister Janez Jansa kr\u00e4vde att Havzek skulle be om urs\u00e4kt till folket i Slovenien f\u00f6r &#8220;sin skadliga handling, att anklaga Slovenien inf\u00f6r de europeiska institutionerna.&#8221; Och landets president Janez Drnovsek sa i ett uttalande att romerna skulle &#8220;socialiseras&#8221; p\u00e5 ett riktigt s\u00e4tt.<\/p>\n<p> &#8211; Det h\u00e4r fallet \u00e4r ett prejudikat som kan inspirera andra. Budskapet som s\u00e4nds ut \u00e4r att folk kan f\u00e5 sin vilja fram om de bara v\u00e4snas tillr\u00e4ckligt mycket, s\u00e4ger den slovenska parlamentsledamoten Zoran Grm.<\/p>\n<p> Slovenska medier rapporterar nu om att krav p\u00e5 att romer ska f\u00f6rvisas kommer fr\u00e5n andra omr\u00e5den i landet, som har tv\u00e5 miljoner inv\u00e5nare. Det finns cirka 10 000 romer som lever p\u00e5 90 platser i landet.<\/p>\n<p> Den juridiska experten Silvo Debelak vid Maribors universitet sa till den slovenska tv-stationen Pop TV att h\u00e4ndelserna i Ambrus var ett uppenbart exempel p\u00e5 \u00f6vergrepp mot de m\u00e4nskliga r\u00e4ttigheterna.<\/p>\n<p> &#8211; Det var ett fall av rasistisk intolerans i ett land som redan ligger illa till vad g\u00e4ller m\u00e4nskliga r\u00e4ttigheter i vissa omr\u00e5den, sa Debelak.<\/p>\n<p> Debelak syftade p\u00e5 de &#8220;utsuddade&#8221; &#8211; tusentals icke-slovener vars uppeh\u00e5llstillst\u00e5nd, arbetstillst\u00e5nd och andra dokument f\u00f6rst\u00f6rdes av myndigheterna n\u00e4r Slovenien br\u00f6t sig ur Jugoslavien 1991. De flesta av dem tvingades l\u00e4mna landet efter att ha st\u00e4mplats som &#8220;illegala invandrare&#8221;.  Tusentals av dem stannade dock kvar, och de har levt i fruktan f\u00f6r att deporteras under m\u00e5nga \u00e5r. Landets konstitutionsdomstol beslutade nyligen att alla &#8220;utsuddade&#8221;, vars antal officiellt s\u00e4gs vara strax \u00f6ver 18 000, ska ges dokument som visar att de h\u00f6r hemma i Slovenien. Men \u00e4n s\u00e5 l\u00e4nge har man inte gjort mycket f\u00f6r att fullf\u00f6lja det beslutet.<\/p>\n","protected":false},"excerpt":{"rendered":"<p>Belgrad, 061121 (IPS) &#8211; Slovenien \u00e4r det enda ex-jugoslaviska land som \u00e4r fullv\u00e4rdig medlem i EU. Men Sloveniens facit n\u00e4r det g\u00e4ller m\u00e4nskliga r\u00e4ttigheter \u00e4r fortfarande h\u00f6gst tveksamt.<\/p>\n","protected":false},"author":15,"featured_media":0,"comment_status":"open","ping_status":"open","sticky":false,"template":"","format":"standard","meta":{"footnotes":""},"categories":[18,6,1],"tags":[],"class_list":["post-4635","post","type-post","status-publish","format-standard","hentry","category-asien-och-stillahavsomradet","category-ekonomi","category-headlines"],"_links":{"self":[{"href":"http:\/\/ipsnews.net\/svenska\/wp-json\/wp\/v2\/posts\/4635","targetHints":{"allow":["GET"]}}],"collection":[{"href":"http:\/\/ipsnews.net\/svenska\/wp-json\/wp\/v2\/posts"}],"about":[{"href":"http:\/\/ipsnews.net\/svenska\/wp-json\/wp\/v2\/types\/post"}],"author":[{"embeddable":true,"href":"http:\/\/ipsnews.net\/svenska\/wp-json\/wp\/v2\/users\/15"}],"replies":[{"embeddable":true,"href":"http:\/\/ipsnews.net\/svenska\/wp-json\/wp\/v2\/comments?post=4635"}],"version-history":[{"count":0,"href":"http:\/\/ipsnews.net\/svenska\/wp-json\/wp\/v2\/posts\/4635\/revisions"}],"wp:attachment":[{"href":"http:\/\/ipsnews.net\/svenska\/wp-json\/wp\/v2\/media?parent=4635"}],"wp:term":[{"taxonomy":"category","embeddable":true,"href":"http:\/\/ipsnews.net\/svenska\/wp-json\/wp\/v2\/categories?post=4635"},{"taxonomy":"post_tag","embeddable":true,"href":"http:\/\/ipsnews.net\/svenska\/wp-json\/wp\/v2\/tags?post=4635"}],"curies":[{"name":"wp","href":"https:\/\/api.w.org\/{rel}","templated":true}]}}