{"id":4617,"date":"2006-11-09T13:40:01","date_gmt":"2006-11-09T13:40:01","guid":{"rendered":"http:\/\/ipsnews.net\/svenska\/2006\/11\/09\/usa-wisconsin-sade-ja-till-dodsstraff\/"},"modified":"2006-11-09T13:40:01","modified_gmt":"2006-11-09T13:40:01","slug":"usa-wisconsin-sade-ja-till-dodsstraff","status":"publish","type":"post","link":"http:\/\/ipsnews.net\/svenska\/2006\/11\/09\/usa-wisconsin-sade-ja-till-dodsstraff\/","title":{"rendered":"USA: Wisconsin sade ja till d\u00f6dsstraff"},"content":{"rendered":"<p>New York\/Superior, 061109 (IPS) &#8211; En majoritet av v\u00e4ljarna i Wisconsin r\u00f6stade f\u00f6r att \u00e5terinf\u00f6ra d\u00f6dsstraffet, som varit avskaffat i delstaten sedan 153 \u00e5r.<\/p>\n<p><!--more--><\/p>\n<p>Omkring 55 procent av de som deltog i folkomr\u00f6stning r\u00f6stade f\u00f6r f\u00f6rslaget att \u00e5terinf\u00f6ra d\u00f6dsstraff i Wisconsin. Men omr\u00f6stningen var endast r\u00e5dgivande, och mannen bakom den, delstatssenatorn Al Lasee, medger att det \u00e4r osannolikt att brottslingar kommer att avr\u00e4ttas i delstaten inom \u00f6versk\u00e5dlig framtid.<\/p>\n<p> &#8211; Jag \u00e4r realist. Det finns ingen m\u00f6jlighet, s\u00e4ger Al Lasee till tidningen Capital Times.<\/p>\n<p> Anledningen till det \u00e4r att demokraterna tog \u00f6ver majoriteten i delstatens senat, och Wisconsins demokratiske guvern\u00f6r Jim Doyle blev \u00e5tervald. Doyle har l\u00e4nge motsatt sig att \u00e5terinf\u00f6ra d\u00f6dsstraffet, och som guvern\u00f6r kan han anv\u00e4nda sitt veto mot f\u00f6rslag om det.<\/p>\n<p> Lasee fick igenom sitt f\u00f6rslag om att genomf\u00f6ra folkomr\u00f6stningen n\u00e4r b\u00e5de senaten och representanthuset i Wisconsin kontrollerades av republikanerna. Trots att han inte tror att folkomr\u00f6stningen leder till att d\u00f6dsstraffet \u00e5terinf\u00f6rs, menar Al Lasee att grunden \u00e4r lagd f\u00f6r en f\u00f6r\u00e4ndring.<\/p>\n<p> &#8211; Vi kanske inte f\u00e5r igenom det den h\u00e4r perioden, eller ens n\u00e4sta, men f\u00f6rr eller senare kommer lagstiftarna att inse hur inv\u00e5narna i Wisconsin t\u00e4nker, s\u00e4ger Lasee.<\/p>\n<p> Fr\u00e5gan som st\u00e4lldes i folkomr\u00f6stningen var om v\u00e4ljarna st\u00f6dde d\u00f6dsstraff i mordfall d\u00e4r den skyldige binds av DNA-bevis.<\/p>\n<p> Republikanerna h\u00e4vdade i sin kampanj att d\u00f6dsstraffet bidrar till att minska den grova brottsligheten, och att det kan vara effektivt i avskr\u00e4ckande syfte.<\/p>\n<p> Motst\u00e5ndarna till d\u00f6dsstraffet svarade att vetenskapliga unders\u00f6kningar inte st\u00f6djer det p\u00e5st\u00e5endet. Dessutom arbetade trosbaserade grupper aktivt mot republikanernas f\u00f6rslag med moraliska argument. De menar att d\u00f6dsstraffet \u00e4r omoraliskt eftersom allt liv \u00e4r heligt.<\/p>\n<p> Bland de viktigaste grupperna som kampanjade mot ett \u00e5terinf\u00f6rande av d\u00f6dsstraffet fanns ledande lutheranska, katolska och judiska grupper, samt Amnesty International och medborgarr\u00e4ttsr\u00f6relsen ACLU.  &#8211; Tyv\u00e4rr finns det folk som anv\u00e4nder d\u00f6dsstraffet f\u00f6r sina politiska syften. De f\u00f6rst\u00e5r helt enkelt inte att hela v\u00e4rlden \u00e4r p\u00e5 v\u00e4g att ta avst\u00e5nd fr\u00e5n d\u00f6dsstraffet, s\u00e4ger Chris Ahmuty, ordf\u00f6rande i Wisconsin-avdelningen av ACLU.<\/p>\n<p> De som r\u00f6stade f\u00f6r d\u00f6dsstraffet var naturligtvis av en annan \u00e5sikt.<\/p>\n<p> &#8211; Vi r\u00f6stade ja f\u00f6r att en v\u00e4n till oss har blivit m\u00f6rdad. Vi ville se r\u00e4ttvisa, sade 26-\u00e5rige Tom Skerik n\u00e4r han var p\u00e5 v\u00e4g ut fr\u00e5n vallokalen i staden Superior tillsammans med sin flickv\u00e4n.  Trots att demokraterna lyckades vinna majoritet i delstatens senat s\u00e5 lovar motst\u00e5ndarna att de ska forts\u00e4tta f\u00f6ra fram sin syn p\u00e5 d\u00f6dsstraffet. Chris Ahmuty tror inte att f\u00f6respr\u00e5karna kommer att ge upp.<\/p>\n<p> &#8211; N\u00e4r n\u00e5got s\u00e5dant h\u00e4r s\u00e4tter ig\u00e5ng, tar det inte slut. D\u00e4rf\u00f6r m\u00e5ste vi be folk att organisera sig \u00e4nnu mer, s\u00e4ger han.<\/p>\n","protected":false},"excerpt":{"rendered":"<p>New York\/Superior, 061109 (IPS) &#8211; En majoritet av v\u00e4ljarna i Wisconsin r\u00f6stade f\u00f6r att \u00e5terinf\u00f6ra d\u00f6dsstraffet, som varit avskaffat i delstaten sedan 153 \u00e5r.<\/p>\n","protected":false},"author":577,"featured_media":0,"comment_status":"open","ping_status":"open","sticky":false,"template":"","format":"standard","meta":{"footnotes":""},"categories":[1,14],"tags":[],"class_list":["post-4617","post","type-post","status-publish","format-standard","hentry","category-headlines","category-nordamerika"],"_links":{"self":[{"href":"http:\/\/ipsnews.net\/svenska\/wp-json\/wp\/v2\/posts\/4617","targetHints":{"allow":["GET"]}}],"collection":[{"href":"http:\/\/ipsnews.net\/svenska\/wp-json\/wp\/v2\/posts"}],"about":[{"href":"http:\/\/ipsnews.net\/svenska\/wp-json\/wp\/v2\/types\/post"}],"author":[{"embeddable":true,"href":"http:\/\/ipsnews.net\/svenska\/wp-json\/wp\/v2\/users\/577"}],"replies":[{"embeddable":true,"href":"http:\/\/ipsnews.net\/svenska\/wp-json\/wp\/v2\/comments?post=4617"}],"version-history":[{"count":0,"href":"http:\/\/ipsnews.net\/svenska\/wp-json\/wp\/v2\/posts\/4617\/revisions"}],"wp:attachment":[{"href":"http:\/\/ipsnews.net\/svenska\/wp-json\/wp\/v2\/media?parent=4617"}],"wp:term":[{"taxonomy":"category","embeddable":true,"href":"http:\/\/ipsnews.net\/svenska\/wp-json\/wp\/v2\/categories?post=4617"},{"taxonomy":"post_tag","embeddable":true,"href":"http:\/\/ipsnews.net\/svenska\/wp-json\/wp\/v2\/tags?post=4617"}],"curies":[{"name":"wp","href":"https:\/\/api.w.org\/{rel}","templated":true}]}}