{"id":4472,"date":"2006-09-11T13:40:01","date_gmt":"2006-09-11T13:40:01","guid":{"rendered":"http:\/\/ipsnews.net\/svenska\/2006\/09\/11\/serbien-vill-gora-rokning-oacceptabelt\/"},"modified":"2006-09-11T13:40:01","modified_gmt":"2006-09-11T13:40:01","slug":"serbien-vill-gora-rokning-oacceptabelt","status":"publish","type":"post","link":"http:\/\/ipsnews.net\/svenska\/2006\/09\/11\/serbien-vill-gora-rokning-oacceptabelt\/","title":{"rendered":"Serbien vill g\u00f6ra r\u00f6kning oacceptabelt"},"content":{"rendered":"<p>Belgrad, 060911 (IPS) &#8211; Serbiens h\u00e4lsomyndigheter har bekr\u00e4ftat vad m\u00e5nga misst\u00e4nkte \u2013 landet toppar listan n\u00e4r det g\u00e4ller lungcancerfall i Europa. <\/p>\n<p><!--more--><\/p>\n<p>Lungcancer orsakas i 80 procent av fallen av r\u00f6kning.<\/p>\n<p> &#8211; Omkring 30 000 nya cancerfall uppt\u00e4cks varje \u00e5r i Serbien, och av dem \u00e4r 5 200 lungcancerfall. Det f\u00f6r oss till toppen av listan \u00f6ver de europeiska l\u00e4nderna. Vi ska g\u00f6ra allt vi kan f\u00f6r att definiera r\u00f6kning som socialt oacceptabelt och minska antalet r\u00f6kare till h\u00e4lften till 2015, s\u00e4ger Serbiens h\u00e4lsominister Tomica Milosavljevic.<\/p>\n<p> Experter menar att det \u00e4r en enorm utmaning i Serbien, d\u00e4r r\u00f6kning \u00e4r en gammal tradition, och d\u00e4r varannan medborgare r\u00f6ker.<\/p>\n<p> Enligt en unders\u00f6kning fr\u00e5n ett h\u00e4lsoinstitut i Belgrad r\u00f6ker 36,3 procent av eleverna i gymnasieskolan, och 48 procent av universitetsstudenterna.  &#8211; Det inneb\u00e4r att det finns stora och st\u00e4ndiga h\u00e4lsorisker \u00e4ven f\u00f6r de som inte r\u00f6ker. De \u00e4r passiva r\u00f6kare, och det g\u00e4ller \u00e4ven unga barn och sp\u00e4dbarn, s\u00e4ger Andjelka Dzeletovic vid institutet.<\/p>\n<p> I Serbien \u00e4r det f\u00f6rbjudet att r\u00f6ka p\u00e5 offentliga platser som flygplatser, sjukhus, skolor, banker eller myndighetsbyggnader. Men folk r\u00f6ker \u00f6verallt runt omkring s\u00e5dana byggnader. Det finns inga caf\u00e9er eller barer d\u00e4r r\u00f6kning \u00e4r f\u00f6rbjudet. \u00c4garna menar att de inte skulle f\u00e5 n\u00e5gra kunder om de gjorde sina lokaler r\u00f6kfria.<\/p>\n<p> &#8211; R\u00f6kning ses fortfarande som en last h\u00e4r, men vi borde definiera det som en sjukdom, s\u00e4ger sociologiprofessorn Aleksandar Jugovic.<\/p>\n<p> Serbiens 7,5 miljoner inv\u00e5nare r\u00f6ker en miljard cigarettpaket om \u00e5ret, enligt sjukv\u00e5rdsdepartementet. Cigaretter \u00e4r billigare i Serbien \u00e4n i grannl\u00e4nderna och i andra europeiska l\u00e4nder. Ett paket kostar i genomsnitt strax \u00f6ver sju kronor.<\/p>\n<p> De serbiska myndigheterna avs\u00e4tter nu en fj\u00e4rdedel av inkomsterna fr\u00e5n skatt p\u00e5 cigaretter till cancerf\u00f6rebyggande \u00e5tg\u00e4rder. Huvuddelen av pengarna ska g\u00e5 till en satsning p\u00e5 unders\u00f6kningar f\u00f6r att uppt\u00e4cka lungcancer, och till en pr-kampanj mot r\u00f6kning.<\/p>\n","protected":false},"excerpt":{"rendered":"<p>Belgrad, 060911 (IPS) &#8211; Serbiens h\u00e4lsomyndigheter har bekr\u00e4ftat vad m\u00e5nga misst\u00e4nkte \u2013 landet toppar listan n\u00e4r det g\u00e4ller lungcancerfall i Europa.<\/p>\n","protected":false},"author":15,"featured_media":0,"comment_status":"open","ping_status":"open","sticky":false,"template":"","format":"standard","meta":{"footnotes":""},"categories":[1],"tags":[],"class_list":["post-4472","post","type-post","status-publish","format-standard","hentry","category-headlines"],"_links":{"self":[{"href":"http:\/\/ipsnews.net\/svenska\/wp-json\/wp\/v2\/posts\/4472","targetHints":{"allow":["GET"]}}],"collection":[{"href":"http:\/\/ipsnews.net\/svenska\/wp-json\/wp\/v2\/posts"}],"about":[{"href":"http:\/\/ipsnews.net\/svenska\/wp-json\/wp\/v2\/types\/post"}],"author":[{"embeddable":true,"href":"http:\/\/ipsnews.net\/svenska\/wp-json\/wp\/v2\/users\/15"}],"replies":[{"embeddable":true,"href":"http:\/\/ipsnews.net\/svenska\/wp-json\/wp\/v2\/comments?post=4472"}],"version-history":[{"count":0,"href":"http:\/\/ipsnews.net\/svenska\/wp-json\/wp\/v2\/posts\/4472\/revisions"}],"wp:attachment":[{"href":"http:\/\/ipsnews.net\/svenska\/wp-json\/wp\/v2\/media?parent=4472"}],"wp:term":[{"taxonomy":"category","embeddable":true,"href":"http:\/\/ipsnews.net\/svenska\/wp-json\/wp\/v2\/categories?post=4472"},{"taxonomy":"post_tag","embeddable":true,"href":"http:\/\/ipsnews.net\/svenska\/wp-json\/wp\/v2\/tags?post=4472"}],"curies":[{"name":"wp","href":"https:\/\/api.w.org\/{rel}","templated":true}]}}