{"id":4469,"date":"2006-09-11T13:40:01","date_gmt":"2006-09-11T13:40:01","guid":{"rendered":"http:\/\/ipsnews.net\/svenska\/2006\/09\/11\/organisationer-kraver-sanktioner-mot-sudan\/"},"modified":"2006-09-11T13:40:01","modified_gmt":"2006-09-11T13:40:01","slug":"organisationer-kraver-sanktioner-mot-sudan","status":"publish","type":"post","link":"http:\/\/ipsnews.net\/svenska\/2006\/09\/11\/organisationer-kraver-sanktioner-mot-sudan\/","title":{"rendered":"Organisationer kr\u00e4ver sanktioner mot Sudan"},"content":{"rendered":"<p>New York, 060911 (IPS) &#8211; Efter rapporter om att sudanesiska trupper har bombat civila omr\u00e5den i Darfur och d\u00f6dat dussintals oskyldiga kr\u00e4ver m\u00e4nniskor\u00e4ttsorganisationer omedelbara sanktioner mot Sudans regering.<\/p>\n<p><!--more--><\/p>\n<p>Internationella observat\u00f6rer har rapporterat om att m\u00e5nga bybor har blivit heml\u00f6sa efter den senaste tidens bombningar i norra delen av Darfur-provinsen.<\/p>\n<p> &#8211; FN:s s\u00e4kerhetsr\u00e5d borde inf\u00f6ra sanktioner mot Sudans regering genast, s\u00e4ger Peter Takirambudde, chef f\u00f6r organisationen Human Rights Watchs Afrika-avdelning.  \u00c4ven Amnesty International och Africa Action har kr\u00e4vt riktade sanktioner mot regeringstj\u00e4nstem\u00e4n i Sudans huvudstad Khartoum.  Sudans regering f\u00f6rnekar att man bombat civila omr\u00e5den. Men flera FN-organ har rapporterat om \u00e5tskilliga civila d\u00f6dsfall och varnar f\u00f6r en allvarlig katastrof i omr\u00e5det.<\/p>\n<p> &#8211; Miljontals m\u00e4nniskor \u00e4r redan mycket utsatta. Hundratals d\u00f6r och tusentals tvingas p\u00e5 flykt, sa FN:s flyktingkommissarie Antonio Guterres f\u00f6rra fredagen.  I f\u00f6rra veckan antog FN:s s\u00e4kerhetsr\u00e5d en resolution om att skicka 17 000 fredsbevarande soldater till Darfur, men Sudans regering v\u00e4grar att acceptera en FN-styrka och h\u00e4vdar att den sj\u00e4lv kan hantera v\u00e5ldet i regionen.  Regimen i Khartoum har dessutom sagt att man vill att den nuvarande fredsbevarande styrkan fr\u00e5n Afrikanska unionen ska l\u00e4mna landet n\u00e4r dess mandat l\u00f6per ut i slutet av m\u00e5naden.  FN:s generalsekreterare Kofi Annan har arbetat h\u00e5rt f\u00f6r att f\u00e5 den sudanesiska regeringen att acceptera en FN-styrka.<\/p>\n<p> &#8211; De bl\u00e5a hj\u00e4lmarna skulle vara d\u00e4r f\u00f6r att hj\u00e4lpa till. Vi reser inte dit f\u00f6r att invadera, sa Annan under ett bes\u00f6k i Egypten f\u00f6rra veckan.  Men d\u00e5 regimen har v\u00e4grat att samarbeta har Annan hotat med att det kan f\u00e5 sv\u00e5ra f\u00f6ljder. Afrikanska unionen, AU, har gjort helt klart att de inte har kapacitet att forts\u00e4tta och att de skulle v\u00e4lkomna en \u00f6verl\u00e4mning till FN, s\u00e4ger Annan.<\/p>\n<p> &#8211; Situationen p\u00e5 marken \u00e4r allvarlig, desperat. Om regeringen v\u00e4grar godta en FN-styrka, avf\u00e4rdar Afrikanska unionen och l\u00e5ter situationen bli desperat och tusentals, kanske \u00e4nd\u00e5 fler, lider eller d\u00f6das, s\u00e5 s\u00e4tter de sig sj\u00e4lva i en situation d\u00e4r landets ledare kan h\u00e5lla kollektivt och individuellt ansvariga f\u00f6r vad som h\u00e4nder med befolkningen i Darfur, s\u00e4ger Annan till IPS.  Annan s\u00e4ger att han den senaste tiden har samarbetat med &#8220;ett stort antal regeringar&#8221; f\u00f6r att f\u00f6rm\u00e5 den sudanesiska regeringen att visa flexibilitet, men erk\u00e4nner att han har misslyckats.<\/p>\n<p> FN:s s\u00e4kerhetsr\u00e5d ska den h\u00e4r veckan \u00e5ter diskutera Sudan och situationen i Darfur. Men r\u00e5dets medlemmar \u00e4r splittrade i sin inst\u00e4llning till Sudan. Tidigare har diplomater fr\u00e5n Ryssland och Kina uttryckt reservationer mot att inf\u00f6ra sanktioner mot den sudanesiska regeringen och m\u00e5nga tror att dessa b\u00e5da l\u00e4nder, som har vetor\u00e4tt, \u00e4ven framledes kommer att mots\u00e4tta sig sanktioner.<\/p>\n<p> B\u00e5de FN:s humanit\u00e4ra organisationer och ickestatliga organisationer uppger att hundratals civila har d\u00f6dats, \u00f6ver 50 000 tvingats bort fr\u00e5n sina hem och \u00f6ver 200 kvinnor och flickor har v\u00e5ldtagits i Darfur de senaste tv\u00e5 m\u00e5naderna.  &#8211; V\u00e5ra mardr\u00f6mmar har besannats, sa Jan Egeland, chef f\u00f6r FN:s humanit\u00e4ra operationer, i ett uttalande nyligen. Han varnade d\u00e5 FN:s s\u00e4kerhetsr\u00e5d f\u00f6r en hotande humanit\u00e4r katastrof i Darfur.<\/p>\n","protected":false},"excerpt":{"rendered":"<p>New York, 060911 (IPS) &#8211; Efter rapporter om att sudanesiska trupper har bombat civila omr\u00e5den i Darfur och d\u00f6dat dussintals oskyldiga kr\u00e4ver m\u00e4nniskor\u00e4ttsorganisationer omedelbara sanktioner mot Sudans regering.<\/p>\n","protected":false},"author":145,"featured_media":0,"comment_status":"open","ping_status":"open","sticky":false,"template":"","format":"standard","meta":{"footnotes":""},"categories":[5,1],"tags":[],"class_list":["post-4469","post","type-post","status-publish","format-standard","hentry","category-afrika","category-headlines"],"_links":{"self":[{"href":"http:\/\/ipsnews.net\/svenska\/wp-json\/wp\/v2\/posts\/4469","targetHints":{"allow":["GET"]}}],"collection":[{"href":"http:\/\/ipsnews.net\/svenska\/wp-json\/wp\/v2\/posts"}],"about":[{"href":"http:\/\/ipsnews.net\/svenska\/wp-json\/wp\/v2\/types\/post"}],"author":[{"embeddable":true,"href":"http:\/\/ipsnews.net\/svenska\/wp-json\/wp\/v2\/users\/145"}],"replies":[{"embeddable":true,"href":"http:\/\/ipsnews.net\/svenska\/wp-json\/wp\/v2\/comments?post=4469"}],"version-history":[{"count":0,"href":"http:\/\/ipsnews.net\/svenska\/wp-json\/wp\/v2\/posts\/4469\/revisions"}],"wp:attachment":[{"href":"http:\/\/ipsnews.net\/svenska\/wp-json\/wp\/v2\/media?parent=4469"}],"wp:term":[{"taxonomy":"category","embeddable":true,"href":"http:\/\/ipsnews.net\/svenska\/wp-json\/wp\/v2\/categories?post=4469"},{"taxonomy":"post_tag","embeddable":true,"href":"http:\/\/ipsnews.net\/svenska\/wp-json\/wp\/v2\/tags?post=4469"}],"curies":[{"name":"wp","href":"https:\/\/api.w.org\/{rel}","templated":true}]}}