{"id":4285,"date":"2006-05-23T13:40:01","date_gmt":"2006-05-23T13:40:01","guid":{"rendered":"http:\/\/ipsnews.net\/svenska\/2006\/05\/23\/brasilien-poliser-misstanks-ha-hamnats-kollegors-dod\/"},"modified":"2006-05-23T13:40:01","modified_gmt":"2006-05-23T13:40:01","slug":"brasilien-poliser-misstanks-ha-hamnats-kollegors-dod","status":"publish","type":"post","link":"http:\/\/ipsnews.net\/svenska\/2006\/05\/23\/brasilien-poliser-misstanks-ha-hamnats-kollegors-dod\/","title":{"rendered":"Brasilien: Poliser misst\u00e4nks ha h\u00e4mnats kollegors d\u00f6d"},"content":{"rendered":"<p>Rio de Janeiro, 060523 (IPS) &#8211; Vittnesm\u00e5l tyder p\u00e5 att brasiliansk polis har avr\u00e4ttat m\u00e4nniskor som h\u00e4mnd f\u00f6r attackerna mot polisen i S\u00e3o Paulo under upploppshelgen den 12-14 maj.  <\/p>\n<p><!--more--><\/p>\n<p>Under veckoslutet revolterade f\u00e5ngar i 82 f\u00e4ngelser i delstaten S\u00e3o Paulo och n\u00e4rbel\u00e4gna delstater och samtidigt attackerade f\u00e5ngarnas bundsf\u00f6rvanter polisstationer, banker och andra m\u00e5l.<\/p>\n<p> Under veckan efter upploppen har d\u00f6dsiffran f\u00f6r v\u00e5ldet stigit till 170 personer. Av de som har d\u00f6dats \u00e4r 107 misst\u00e4nkta brottslingar, 41 poliser, 18 f\u00e5ngar och fyra civilpersoner, enligt den brasilianska polisen.  Polismyndigheten h\u00e4vdar att de 107 misst\u00e4nkta samtliga tillh\u00f6rde den kriminella organisationen Primeiro Comando da Capital, PCC. PCC bildades av interner p\u00e5 delstatens f\u00e4ngelser under 1990-talet och anses b\u00e4ra ansvaret f\u00f6r upploppen som inleddes den 12 maj.<\/p>\n<p> Enligt flera vittnen finns det dock oskyldiga f\u00f6rbipasserade bland de 107 personer som d\u00f6dats av polisen. Den 15 maj sk\u00f6ts fem unga m\u00e4n i \u00f6stra S\u00e3o Paulo flera g\u00e5nger i huvudet och br\u00f6stet av tre m\u00e4n ikl\u00e4dda huvor som sa att de kom fr\u00e5n polisen.<\/p>\n<p> En sj\u00e4tte ung man \u00f6verlevde attacken genom att spela d\u00f6d. Samtiga fem offren bar p\u00e5 id-kort som visade att de var vanliga l\u00f6ntagare och inga gangsters. Flera grannar bevittnade massakern, som misst\u00e4nks ha utf\u00f6rts som h\u00e4mnd f\u00f6r mordet p\u00e5 en polis som bodde i kvarteret.  Brasiliansk press har rapporterat om att \u00e4ven andra som inte hade n\u00e5got att g\u00f6ra med upproret eller morden p\u00e5 poliser har d\u00f6dats. M\u00e5nga som d\u00f6dats av polisen har skjutits i bakhuvudet eller i ryggen.  Och de flesta av de som fallit offer f\u00f6r polisens kulor har d\u00f6dats efter det att attackerna mot polisen upph\u00f6rt. M\u00e5ndagen den 15 maj, d\u00e5 f\u00e4ngelserevolten hade avslutats och attackerna mot poliser och andra m\u00e5l hade upph\u00f6rt, var d\u00f6dstalen 38 &#8220;kriminella&#8221;, 31 poliser och \u00e5tta f\u00e4ngelsevakter. Sedan dess har 69 personer d\u00f6dats \u2013 enligt polisen samtliga misst\u00e4nkta g\u00e4ngmedlemmar.<\/p>\n<p> &#8211; Ingen av de som d\u00f6dats av polisen var oskyldiga \u00e5sk\u00e5dare, s\u00e4ger Godofredo Bittencourt, chef f\u00f6r polisens avdelning f\u00f6r organiserade brottsutredningar. Men polisen har hittills v\u00e4grat att l\u00e4mnat ut en lista \u00f6ver namnen p\u00e5 de 107 civilpersoner som d\u00f6dats.<\/p>\n<p> Kongressledamoten och ordf\u00f6randen f\u00f6r delstatsparlamentets m\u00e4nniskor\u00e4ttskommission, Italo Cardoso, s\u00e4ger till IPS att allt tyder p\u00e5 att polisen f\u00f6rlorade kontrollen \u00f6ver situationen, men han s\u00e4ger att det \u00e4nnu inte \u00e4r klargjort om det berodde p\u00e5 &#8220;olydnad&#8221; eller om de poliser som brutit mot reglerna agerade p\u00e5 order fr\u00e5n sina chefer.<\/p>\n<p> Den 19 maj beordrade Cardosos kommission domstolarna att f\u00f6rbjuda att oidentifierade offer f\u00f6r v\u00e5ldet begravs, eftersom de fruktar att det skulle kunna f\u00f6rst\u00f6ra m\u00f6jligheten att utreda misstankar om utomr\u00e4ttsliga avr\u00e4ttningar.  Det v\u00e5ldsamma upploppet och morden utf\u00f6rda av kriminella och poliser kommer att f\u00e5 sv\u00e5ra konsekvenser f\u00f6r samh\u00e4llet, tror Francisco Whitaker, konsult och f\u00f6re detta chef f\u00f6r Brasilianska kommissionen f\u00f6r r\u00e4ttvisa och fred.<\/p>\n<p> Whitaker sp\u00e5r att kontroversen kring hur samh\u00e4llet ska g\u00e5 vidare efter f\u00f6rra veckans katastrof kommer att \u00f6ka den n\u00e4rmaste tiden, n\u00e4r sl\u00e4ktingar till de som d\u00f6dats mobiliserar sig och n\u00e4r \u00e5klagarkontoret, parlamentet och polisen utreder det som har h\u00e4nt.  Landets m\u00e4nniskor\u00e4ttsaktivister befinner sig i en komplicerad sits just nu, menar han. De h\u00e4mmas av PCC:s v\u00e5ldsd\u00e5d, som har underbl\u00e5st tidigare anklagelser om att aktivister som f\u00f6rsvarar f\u00e5ngars m\u00e4nskliga r\u00e4ttigheter i sj\u00e4lva verket st\u00e4ller sig p\u00e5 gangstrarnas sida.  D\u00e4rf\u00f6r \u00e4r det n\u00f6dv\u00e4ndigt att reagera p\u00e5 v\u00e5ldet \u2013 b\u00e5de det som de kriminella utf\u00f6r och det som polisen har st\u00e5tt f\u00f6r, s\u00e4ger Whitaker, som \u00e4r en av arrang\u00f6rerna av World Social Forum.  Han varnar f\u00f6r att v\u00e5ldet som drabbade S\u00e3o Paulo-borna f\u00f6rra veckan kan leda till att st\u00f6det \u00f6kar f\u00f6r f\u00f6rslag om h\u00e5rdare lagar och straff, som att \u00e5terinf\u00f6ra d\u00f6dsstraffet och att s\u00e4nka straffmyndighets\u00e5ldern fr\u00e5n 18 till 16.<\/p>\n<p> Redan ett par dagar efter f\u00e4ngelseupploppen antog en enig senat ett f\u00f6rslag om att sk\u00e4rpa kontrollen i f\u00e4ngelserna. F\u00f6rslag om att farliga f\u00e5ngar ska kunna s\u00e4ttas i isoleringscell i upp till tv\u00e5 \u00e5r och att ett system f\u00f6r att hindra f\u00e5ngarna fr\u00e5n att anv\u00e4nda mobiltelefoner \u00e4r n\u00e5gra \u00e5tg\u00e4rder som kongressen snart ska r\u00f6sta om.<\/p>\n","protected":false},"excerpt":{"rendered":"<p>Rio de Janeiro, 060523 (IPS) &#8211; Vittnesm\u00e5l tyder p\u00e5 att brasiliansk polis har avr\u00e4ttat m\u00e4nniskor som h\u00e4mnd f\u00f6r attackerna mot polisen i S\u00e3o Paulo under upploppshelgen den 12-14 maj.<\/p>\n","protected":false},"author":11,"featured_media":0,"comment_status":"open","ping_status":"open","sticky":false,"template":"","format":"standard","meta":{"footnotes":""},"categories":[1,15,10],"tags":[],"class_list":["post-4285","post","type-post","status-publish","format-standard","hentry","category-headlines","category-latinamerika","category-manskliga-rattigheter"],"_links":{"self":[{"href":"http:\/\/ipsnews.net\/svenska\/wp-json\/wp\/v2\/posts\/4285","targetHints":{"allow":["GET"]}}],"collection":[{"href":"http:\/\/ipsnews.net\/svenska\/wp-json\/wp\/v2\/posts"}],"about":[{"href":"http:\/\/ipsnews.net\/svenska\/wp-json\/wp\/v2\/types\/post"}],"author":[{"embeddable":true,"href":"http:\/\/ipsnews.net\/svenska\/wp-json\/wp\/v2\/users\/11"}],"replies":[{"embeddable":true,"href":"http:\/\/ipsnews.net\/svenska\/wp-json\/wp\/v2\/comments?post=4285"}],"version-history":[{"count":0,"href":"http:\/\/ipsnews.net\/svenska\/wp-json\/wp\/v2\/posts\/4285\/revisions"}],"wp:attachment":[{"href":"http:\/\/ipsnews.net\/svenska\/wp-json\/wp\/v2\/media?parent=4285"}],"wp:term":[{"taxonomy":"category","embeddable":true,"href":"http:\/\/ipsnews.net\/svenska\/wp-json\/wp\/v2\/categories?post=4285"},{"taxonomy":"post_tag","embeddable":true,"href":"http:\/\/ipsnews.net\/svenska\/wp-json\/wp\/v2\/tags?post=4285"}],"curies":[{"name":"wp","href":"https:\/\/api.w.org\/{rel}","templated":true}]}}