{"id":4017,"date":"2006-02-07T13:40:01","date_gmt":"2006-02-07T13:40:01","guid":{"rendered":"http:\/\/ipsnews.net\/svenska\/2006\/02\/07\/kubanska-flaggor-i-protest-mot-usa\/"},"modified":"2006-02-07T13:40:01","modified_gmt":"2006-02-07T13:40:01","slug":"kubanska-flaggor-i-protest-mot-usa","status":"publish","type":"post","link":"http:\/\/ipsnews.net\/svenska\/2006\/02\/07\/kubanska-flaggor-i-protest-mot-usa\/","title":{"rendered":"Kubanska flaggor i protest mot USA"},"content":{"rendered":"<p>Havanna, 060207 (IPS) &#8211; Det \u00e4r bara mer av samma sak, s\u00e4ger en man som \u00e4r ute och g\u00e5r med sin hund p\u00e5 en av gatorna som leder till USA:s beskickning i den kubanska huvudstaden. Han talade om de 150 flaggst\u00e4nger som nu st\u00e5r p\u00e5 det som tidigare var en del av beskickningens parkeringsplats.  <\/p>\n<p><!--more--><\/p>\n<p>Skogen av flaggst\u00e4nger \u2013 vissa mer \u00e4n 30 meter h\u00f6ga \u2013 restes under de tv\u00e5 senaste veckorna av den kubanska regeringen, som ett svar p\u00e5 den ljustavla som har satts upp p\u00e5 framsidan av den amerikanska beskickningens byggnad.<\/p>\n<p> Sedan i mitten av januari har det p\u00e5 den enorma ljustavlan rullat fram nyhetsrubriker, citat fr\u00e5n k\u00e4nda personer som Mahatma Gandhi, Lech Walesa och Martin Luther King, samt delar av FN:s deklaration om de m\u00e4nskliga r\u00e4ttigheterna.<\/p>\n<p> Michael Parmly, beskickningens chef, s\u00e4ger till IPS att \u201cvi f\u00f6rs\u00f6ker kommunicera med det kubanska folket.&#8221; Flaggst\u00e4ngerna tycks ha till syfte att skapa en barri\u00e4r framf\u00f6r ljustavlan, som sitter p\u00e5 beskickningens femte v\u00e5ning.<\/p>\n<p> P\u00e5 m\u00e5ndagkv\u00e4llen hissades enorma svarta flaggor med vita stj\u00e4rnor p\u00e5 flaggst\u00e4ngerna. Hundratals m\u00e4nniskor, bland dem Fidel Castro, hade samlats till en ceremoni d\u00e4r det avsl\u00f6jades att flaggorna hade hissats till minne av de 3 000 kubaner som enligt den kubanska regimen har d\u00f6dats i v\u00e5ldsd\u00e5d mot Kuba sedan revolutionen 1959.<\/p>\n<p> Omr\u00e5det d\u00e4r flaggst\u00e4ngerna st\u00e5r \u00e4r upplyst av enorma str\u00e5lkastare, trots den kampanj f\u00f6r att spara energi som Fidel Castro inledde f\u00f6rra \u00e5ret.<\/p>\n<p> &#8211; Det kommer att se vackert ut, s\u00e4rskilt om natten, men jag skulle s\u00e4ga att det \u00e4r en on\u00f6dig utgift, sa mannen som var ute med sin hund.<\/p>\n<p> &#8211; Jag har l\u00e4st en del av vad de skriver p\u00e5 ljustavlan, och de ber\u00e4ttar egentligen ingenting som jag inte redan k\u00e4nner till, s\u00e4ger han.<\/p>\n<p> Bakom honom, n\u00e4r han g\u00e5r d\u00e4rifr\u00e5n, forts\u00e4tter USA:s beskickning att visa sina meddelanden, bland andra: &#8220;Den snabba byggprocessen \u00e4r imponerande. Den visar de kubanska arbetarnas potential.&#8221; Ett annat meddelande lyder \u201cHavannas inv\u00e5nare anser att pengarna borde anv\u00e4ndas till omfattande reparationer&#8221;, och ett tredje \u00e4r ett citat fr\u00e5n f\u00f6rfattaren George Orwell: &#8220;Alla djur \u00e4r j\u00e4mlika, men vissa djur \u00e4r mer j\u00e4mlika \u00e4n andra.&#8221;  Men det finns ocks\u00e5 de som h\u00e5ller med regeringen om att ljustavlan \u00e4r en provokation som har till syfte att undergr\u00e4va de k\u00e4nsliga relationerna mellan Kuba och USA.  &#8211; USA:s beskickning \u00e4r ett centrum f\u00f6r provokationer. Det finns ingen ambassad i v\u00e4rlden som s\u00e4tter upp ljustavlor p\u00e5 sina byggnader, s\u00e4ger dissidenten Eloy Guti\u00e9rrez Menoyo.<\/p>\n<p> Men Eloy Guti\u00e9rrez Menoyo, som \u00e5terv\u00e4nde till Kuba fr\u00e5n sin exil i Miami 2003, utan tillst\u00e5nd fr\u00e5n regimen, tror inte att br\u00e5ket om ljustavlan kommer att leda till ett totalt brott i de diplomatiska relationerna mellan Kuba och USA.<\/p>\n<p> &#8211; Det ligger inte i n\u00e5gon sidas intresse. Den kubanska regeringen har inget intresse av att sparka ut Parmly, och USA \u00f6verv\u00e4ger inte att dra sig tillbaka.<\/p>\n","protected":false},"excerpt":{"rendered":"<p>Havanna, 060207 (IPS) &#8211; Det \u00e4r bara mer av samma sak, s\u00e4ger en man som \u00e4r ute och g\u00e5r med sin hund p\u00e5 en av gatorna som leder till USA:s beskickning i den kubanska huvudstaden. Han talade om de 150&hellip; <a href=\"http:\/\/ipsnews.net\/svenska\/2006\/02\/07\/kubanska-flaggor-i-protest-mot-usa\/\" class=\"more-link\">Continue Reading <span class=\"meta-nav\">&rarr;<\/span><\/a><\/p>\n","protected":false},"author":49,"featured_media":0,"comment_status":"open","ping_status":"open","sticky":false,"template":"","format":"standard","meta":{"footnotes":""},"categories":[1,15,10,14,7],"tags":[],"class_list":["post-4017","post","type-post","status-publish","format-standard","hentry","category-headlines","category-latinamerika","category-manskliga-rattigheter","category-nordamerika","category-politik"],"_links":{"self":[{"href":"http:\/\/ipsnews.net\/svenska\/wp-json\/wp\/v2\/posts\/4017","targetHints":{"allow":["GET"]}}],"collection":[{"href":"http:\/\/ipsnews.net\/svenska\/wp-json\/wp\/v2\/posts"}],"about":[{"href":"http:\/\/ipsnews.net\/svenska\/wp-json\/wp\/v2\/types\/post"}],"author":[{"embeddable":true,"href":"http:\/\/ipsnews.net\/svenska\/wp-json\/wp\/v2\/users\/49"}],"replies":[{"embeddable":true,"href":"http:\/\/ipsnews.net\/svenska\/wp-json\/wp\/v2\/comments?post=4017"}],"version-history":[{"count":0,"href":"http:\/\/ipsnews.net\/svenska\/wp-json\/wp\/v2\/posts\/4017\/revisions"}],"wp:attachment":[{"href":"http:\/\/ipsnews.net\/svenska\/wp-json\/wp\/v2\/media?parent=4017"}],"wp:term":[{"taxonomy":"category","embeddable":true,"href":"http:\/\/ipsnews.net\/svenska\/wp-json\/wp\/v2\/categories?post=4017"},{"taxonomy":"post_tag","embeddable":true,"href":"http:\/\/ipsnews.net\/svenska\/wp-json\/wp\/v2\/tags?post=4017"}],"curies":[{"name":"wp","href":"https:\/\/api.w.org\/{rel}","templated":true}]}}