{"id":3878,"date":"2005-12-14T13:40:01","date_gmt":"2005-12-14T13:40:01","guid":{"rendered":"http:\/\/ipsnews.net\/svenska\/2005\/12\/14\/frankrikes-svarta-organiserar-sig-mot-rasismen\/"},"modified":"2005-12-14T13:40:01","modified_gmt":"2005-12-14T13:40:01","slug":"frankrikes-svarta-organiserar-sig-mot-rasismen","status":"publish","type":"post","link":"http:\/\/ipsnews.net\/svenska\/2005\/12\/14\/frankrikes-svarta-organiserar-sig-mot-rasismen\/","title":{"rendered":"Frankrikes svarta organiserar sig mot rasismen"},"content":{"rendered":"<p>Paris, 051214 (IPS) &#8211; Svarta medborgare i Frankrike har g\u00e5tt samman i en ny allians f\u00f6r att motverka rasism och diskriminering.  <\/p>\n<p><!--more--><\/p>\n<p>Det nybildade Representativa r\u00e5det f\u00f6r svarta f\u00f6rbund, Cran, best\u00e5r av ett 60-tal organisationer vars medlemmar har sina r\u00f6tter i Afrika s\u00f6der om Sahara och i Karibien.  Bland medlemmarna \u00e5terfinns parlamentsledamoten Christiane Taubira, m\u00e4nniskor\u00e4ttsaktivisten Fod\u00e9 Sylla och forskarna Pap Ndiaye och Francoise Verg\u00e8s.  &#8211; Den vita franska republiken finns inte l\u00e4ngre, s\u00e4ger Sylla, som \u00e4r en av initiativtagarna till Cran.<\/p>\n<p> &#8211; Otidsenliga franska institutioner fungerar i dag bara f\u00f6r att bevara diskrimineringen av dem som inte \u00e4r vita. Frankrike m\u00e5ste kritiskt granska sin verkliga historia.<\/p>\n<p> Fransm\u00e4n brukar beskriva sitt land som de m\u00e4nskliga r\u00e4ttigheternas vagga, p\u00e5 grund av slagorden i samband med den franska revolutionen 1789 &#8211; &#8220;frihet, j\u00e4mlikhet, broderskap&#8221;. Landets svarta menar att de nu \u00e5beropar just dessa v\u00e4rderingar.  Efter de omfattande kravallerna i landet i oktober och november planerar Cran att utmana Frankrikes officiella sj\u00e4lvbild, som man menar st\u00e5r i strid med revolutionens v\u00e4rderingar.  I februari i \u00e5r antogs en ny lag som inneb\u00e4r att landets skolor ska ge ett &#8220;erk\u00e4nnande till den positiva roll Frankrikes (koloniala) deltagande hade utomlands, i synnerhet i Nordafrika&#8221;.<\/p>\n<p> Lagen har tolkats som ett officiellt fransk hyllande av kolonialismen, och orsakade kontroverser i bland annat de tidigare franska kolonierna Marocko och Algeriet. I Algeriet f\u00f6rd\u00f6mde det styrande partiet FLN, som v\u00e4xte fram i samband med sj\u00e4lvst\u00e4ndighetsr\u00f6relsen p\u00e5 1950-talet, p\u00e5st\u00e5endet.<\/p>\n<p> FLN menade att lagen &#8220;glorifierar kolonialismen och en reaktion\u00e4r syn p\u00e5 historien&#8221;, samtidigt som den f\u00f6rs\u00f6ker r\u00e4ttf\u00e4rdiga &#8220;kolonialismens barbari genom att radera de mest ohyggliga handlingar&#8221; som franska trupper gjorde sig skyldiga till i Algeriet.  Reaktionerna var liknande \u00e4ven fr\u00e5n andra platser, i synnerhet i Karibien. I den franska karibiska enklaven Martinique demonstrerade n\u00e4rmare ett tusen m\u00e4nniskor nyligen och kallade den en &#8220;skammens lag&#8221;. Den franske inrikesministern Nicolas Sarkozy, som enligt planerna skulle bes\u00f6ka Martinique samma dag, st\u00e4llde efter demonstrationen in sitt bes\u00f6k.<\/p>\n<p> Nyligen firade man i Frankrike Napoleons seger vid slaget i Austerlitz, i nuvarande Tjeckien. Men fransm\u00e4nnen verkar ha gl\u00f6mt att det var samme Napoleon som \u00e5terinf\u00f6rde slaveriet 1802, och \u00e5ret d\u00e4rp\u00e5 f\u00f6rbj\u00f6d \u00e4ktenskap mellan vita och svarta.  Och \u00e4ven i dag lever rasismen hos en del franska intellektuella. Filosofiprofessorn Alain Finkielkraut beskrev nyligen i en intervju med en israelisk tidning landets fotbollslag som &#8220;svart, svart, svart&#8221;, och p\u00e5stod vidare att &#8220;hela den europeiska kontinenten skrattar \u00e5t det&#8221;.<\/p>\n<p> Cran kommer att bek\u00e4mpa den typen av \u00e5sikter.<\/p>\n<p> &#8211; Det finns i Frankrike en upplevelse som delas av alla de miljoner m\u00e4nniskor som bara har en sak gemensam &#8211; att de \u00e4r svarta. Och det \u00e4r upplevelsen av diskriminering, s\u00e4ger Pap Ndiaye, som \u00e4r professor vid Paris skola f\u00f6r sociala studier.<\/p>\n<p> Den svarte fotbollsspelaren Vikash Dhorasoo har ber\u00e4ttat om hur polisen ofta brukade trakassera honom.<\/p>\n<p> &#8211; Men n\u00e4r jag v\u00e4l f\u00e5tt anseende som en mittf\u00e4ltsspelare slutade polisen trakassera mig. Mina framg\u00e5ngar som fotbollsspelare gjorde mig vitare, ber\u00e4ttade han nyligen i en intervju med sporttidningen L&#39;Equipe.<\/p>\n<p> Planerna p\u00e5 att bilda Cran fanns redan innan upploppen under h\u00f6sten. Men h\u00e4ndelserna st\u00e4rkte organisat\u00f6rerna i deras planer.  Cran har h\u00e4mtat inspiration fr\u00e5n Martin Luther King, den amerikanske medborgarr\u00e4ttsk\u00e4mpen som bek\u00e4mpade diskrimineringen av svarta i USA i slutet av 1950- och b\u00f6rjan av 1960-talet. Ett av organisationens krav \u00e4r att man inf\u00f6r ett liknande system av positiv s\u00e4rbehandling som finns i USA f\u00f6r att st\u00f6dja svarta p\u00e5 universiteten och arbetsmarknaden.<\/p>\n","protected":false},"excerpt":{"rendered":"<p>Paris, 051214 (IPS) &#8211; Svarta medborgare i Frankrike har g\u00e5tt samman i en ny allians f\u00f6r att motverka rasism och diskriminering.<\/p>\n","protected":false},"author":5,"featured_media":0,"comment_status":"open","ping_status":"open","sticky":false,"template":"","format":"standard","meta":{"footnotes":""},"categories":[1,3,7],"tags":[],"class_list":["post-3878","post","type-post","status-publish","format-standard","hentry","category-headlines","category-migration-och-minoriteter","category-politik"],"_links":{"self":[{"href":"http:\/\/ipsnews.net\/svenska\/wp-json\/wp\/v2\/posts\/3878","targetHints":{"allow":["GET"]}}],"collection":[{"href":"http:\/\/ipsnews.net\/svenska\/wp-json\/wp\/v2\/posts"}],"about":[{"href":"http:\/\/ipsnews.net\/svenska\/wp-json\/wp\/v2\/types\/post"}],"author":[{"embeddable":true,"href":"http:\/\/ipsnews.net\/svenska\/wp-json\/wp\/v2\/users\/5"}],"replies":[{"embeddable":true,"href":"http:\/\/ipsnews.net\/svenska\/wp-json\/wp\/v2\/comments?post=3878"}],"version-history":[{"count":0,"href":"http:\/\/ipsnews.net\/svenska\/wp-json\/wp\/v2\/posts\/3878\/revisions"}],"wp:attachment":[{"href":"http:\/\/ipsnews.net\/svenska\/wp-json\/wp\/v2\/media?parent=3878"}],"wp:term":[{"taxonomy":"category","embeddable":true,"href":"http:\/\/ipsnews.net\/svenska\/wp-json\/wp\/v2\/categories?post=3878"},{"taxonomy":"post_tag","embeddable":true,"href":"http:\/\/ipsnews.net\/svenska\/wp-json\/wp\/v2\/tags?post=3878"}],"curies":[{"name":"wp","href":"https:\/\/api.w.org\/{rel}","templated":true}]}}