{"id":3838,"date":"2005-11-29T13:40:01","date_gmt":"2005-11-29T13:40:01","guid":{"rendered":"http:\/\/ipsnews.net\/svenska\/2005\/11\/29\/danska-teckningar-av-profeten-muhammed-utloser-strid\/"},"modified":"2005-11-29T13:40:01","modified_gmt":"2005-11-29T13:40:01","slug":"danska-teckningar-av-profeten-muhammed-utloser-strid","status":"publish","type":"post","link":"http:\/\/ipsnews.net\/svenska\/2005\/11\/29\/danska-teckningar-av-profeten-muhammed-utloser-strid\/","title":{"rendered":"Danska teckningar av profeten Muhammed utl\u00f6ser strid"},"content":{"rendered":"<p>Paris, 051129 (IPS) &#8211; Muslimska organisationer har hamnat i konflikt med den danska tidningen Jyllands-Posten efter att tidningen publicerat teckningar f\u00f6rest\u00e4llande profeten Muhammed.  <\/p>\n<p><!--more--><\/p>\n<p>Islamiska konferensen, OIC, \u00f6verv\u00e4ger att ta upp fr\u00e5gan vid organisationens kommande toppm\u00f6te n\u00e4sta m\u00e5nad. Avbildningar av profeten betraktas som h\u00e4delse inom islam.  Samtidigt s\u00e4ger Larry Kilman vid World Association of Newspapers, WAN, att organisationen \u00e4r &#8220;mycket oroad&#8221; \u00f6ver att OIC forts\u00e4tter att avkr\u00e4va en urs\u00e4kt fr\u00e5n Jyllands-Posten f\u00f6r publiceringen av en serie karikatyrer f\u00f6rest\u00e4llande profeten.<\/p>\n<p> WAN beg\u00e4rde f\u00f6r tv\u00e5 veckor sedan att OIC skulle stryka fr\u00e5gan fr\u00e5n dagordningen p\u00e5 det kommande m\u00f6tet.<\/p>\n<p> &#8211; Men vi har inte f\u00e5tt n\u00e5got svar \u00f6verhuvudtaget, s\u00e4ger Kilman till IPS.  Jyllands-Postens chefredakt\u00f6r har sagt att teckningarna publicerades f\u00f6r att testa om r\u00e4dslan f\u00f6r repressalier fr\u00e5n muslimer lett till att yttrandefriheten b\u00f6rjat begr\u00e4nsas i Danmark.  Ledare i flera muslimska l\u00e4nder, d\u00e4ribland Egypten, Turkiet och Indonesien, har i ett gemensamt brev till Danmarks regering sagt att muslimer k\u00e4nner sig f\u00f6rol\u00e4mpade av tidningen.<\/p>\n<p> Danmarks statsminister Anders Fogh Rasmussen svarade genom att h\u00e4nvisa till att yttrandefriheten utg\u00f6r grunden f\u00f6r landets demokrati, samt att Danmarks regering inte har n\u00e5gon m\u00f6jlighet att p\u00e5verka pressen.<\/p>\n<p> Muslimska ledare vill d\u00e4rf\u00f6r f\u00f6ra upp fr\u00e5gan p\u00e5 det kommande m\u00f6tet inom OIC, vilket ska h\u00e5llas i Mecka i Saudiarabien i december.<\/p>\n<p> WAN menar att OIC:s v\u00e4gran att sl\u00e4ppa fr\u00e5gan inneb\u00e4r ett brott mot pressfriheten, och ett hot mot Jyllands-Posten.<\/p>\n","protected":false},"excerpt":{"rendered":"<p>Paris, 051129 (IPS) &#8211; Muslimska organisationer har hamnat i konflikt med den danska tidningen Jyllands-Posten efter att tidningen publicerat teckningar f\u00f6rest\u00e4llande profeten Muhammed.<\/p>\n","protected":false},"author":5,"featured_media":0,"comment_status":"open","ping_status":"open","sticky":false,"template":"","format":"standard","meta":{"footnotes":""},"categories":[1,13],"tags":[],"class_list":["post-3838","post","type-post","status-publish","format-standard","hentry","category-headlines","category-kultur"],"_links":{"self":[{"href":"http:\/\/ipsnews.net\/svenska\/wp-json\/wp\/v2\/posts\/3838","targetHints":{"allow":["GET"]}}],"collection":[{"href":"http:\/\/ipsnews.net\/svenska\/wp-json\/wp\/v2\/posts"}],"about":[{"href":"http:\/\/ipsnews.net\/svenska\/wp-json\/wp\/v2\/types\/post"}],"author":[{"embeddable":true,"href":"http:\/\/ipsnews.net\/svenska\/wp-json\/wp\/v2\/users\/5"}],"replies":[{"embeddable":true,"href":"http:\/\/ipsnews.net\/svenska\/wp-json\/wp\/v2\/comments?post=3838"}],"version-history":[{"count":0,"href":"http:\/\/ipsnews.net\/svenska\/wp-json\/wp\/v2\/posts\/3838\/revisions"}],"wp:attachment":[{"href":"http:\/\/ipsnews.net\/svenska\/wp-json\/wp\/v2\/media?parent=3838"}],"wp:term":[{"taxonomy":"category","embeddable":true,"href":"http:\/\/ipsnews.net\/svenska\/wp-json\/wp\/v2\/categories?post=3838"},{"taxonomy":"post_tag","embeddable":true,"href":"http:\/\/ipsnews.net\/svenska\/wp-json\/wp\/v2\/tags?post=3838"}],"curies":[{"name":"wp","href":"https:\/\/api.w.org\/{rel}","templated":true}]}}