{"id":3612,"date":"2005-08-30T13:40:01","date_gmt":"2005-08-30T13:40:01","guid":{"rendered":"http:\/\/ipsnews.net\/svenska\/2005\/08\/30\/frankrike-fruktansvarda-boendeforhallanden-for-manga-invandrare\/"},"modified":"2005-08-30T13:40:01","modified_gmt":"2005-08-30T13:40:01","slug":"frankrike-fruktansvarda-boendeforhallanden-for-manga-invandrare","status":"publish","type":"post","link":"http:\/\/ipsnews.net\/svenska\/2005\/08\/30\/frankrike-fruktansvarda-boendeforhallanden-for-manga-invandrare\/","title":{"rendered":"Frankrike: Fruktansv\u00e4rda boendef\u00f6rh\u00e5llanden f\u00f6r m\u00e5nga invandrare"},"content":{"rendered":"<p>Paris, 050830 (IPS) &#8211; &#8220;Det \u00e4r skamligt att bo s\u00e5 h\u00e4r&#8221; s\u00e4ger den 34-\u00e5riga v\u00e4stafrikanska invandrarkvinnan Chantal om sin bostad i s\u00f6dra Paris. Hon delar rum med sina tv\u00e5 barn och sin man, men ocks\u00e5 med r\u00e5ttor och kackerlackor. Toalett och dusch ligger en bit bort och delas med de andra boende i huset.   <\/p>\n<p><!--more--><\/p>\n<p>Att tala om n\u00e5gon form av &#8220;sanitet&#8221; vore en f\u00f6rol\u00e4mpande omskrivning. Duschar, toaletter och handfat \u00e4r fullst\u00e4ndigt nedskitade.<\/p>\n<p> &#8211; Jag \u00e4r r\u00e4dd f\u00f6r att duscha h\u00e4r och f\u00f6r att anv\u00e4nda toaletterna, eftersom badrummen \u00e4r s\u00e5 smutsiga. Jag oroar mig f\u00f6r att bli smittad av sjukdomar, s\u00e4ger Chantal.<\/p>\n<p> Hennes familj bor tillsammans med 250 andra v\u00e4stafrikanska invandrare i det s\u00f6nderfallande huset. De delar samma \u00f6de som hundratusentals andra invandrare, fr\u00e4mst fr\u00e5n s\u00f6dra Afrika, som under usla f\u00f6rh\u00e5llanden i f\u00f6rorter till olika franska st\u00e4der.<\/p>\n<p> P\u00e5 senare tid har de slumliknande bost\u00e4derna drabbats av flera d\u00f6dliga br\u00e4nder. Under de senaste fyra m\u00e5naderna har tre br\u00e4nder i dessa byggnader lett till att 40 afrikanska invandrare d\u00f6dats och fler \u00e4n 100 skadats.  Den 29 augusti d\u00f6dades minst sju personer och fler \u00e4n tio skadades i en brand i Paris. Bland offren fanns b\u00e5de barn och gravida kvinnor. Alla offer var invandrare fr\u00e5n Elfenbenskusten.  Fyra dagar tidigare eldh\u00e4rjades en byggnad i n\u00e4rheten av Chantals hem, d\u00e4r 17 m\u00e4nniskor d\u00f6dades. 14 av offren var barn.  I mitten av april d\u00f6dades 25 m\u00e4nniskor och fler \u00e4n 60 skadades vid en brand p\u00e5 ett fallf\u00e4rdigt hotell i Paris. Offren var invandrare fr\u00e5n Tunisien, Algeriet och v\u00e4stafrikanska l\u00e4nder.<\/p>\n<p> Enligt officiella uppgifter \u00e4r fler \u00e4n 120 000 familjer med l\u00e5ga inkomster i akut behov av nya bost\u00e4der i den region d\u00e4r Paris ing\u00e5r. De flesta av dessa \u00e4r invandrarfamiljer.  Jean Claude Amara fr\u00e5n m\u00e4nniskor\u00e4ttsorganisationen Droits Devant menar att invandrarnas levnadsomst\u00e4ndigheter \u00e4r t\u00e4tt f\u00f6rknippade med deras juridiska status, och den h\u00e5rdf\u00f6ra invandringspolitik som f\u00f6rts de senaste tio \u00e5ren.  &#8211; Om du \u00e4r illegal invandrare i Frankrike kan du helt enkelt inte f\u00e5 n\u00e5gon anst\u00e4ndig bostad, s\u00e4ger Amara.  Amara menar dessutom att myndigheterna under m\u00e5nga \u00e5r k\u00e4nt till vilka omst\u00e4ndigheter m\u00e5nga invandrare tvingas leva under. Men trots det har man struntat i att satsa p\u00e5 upprustning och s\u00e4kerhetsarbete.<\/p>\n<p> Pierre Aidenbaum, borgm\u00e4stare i det distrikt i Paris som drabbades av branden den 29 augusti, erk\u00e4nde vid en presskonferens p\u00e5 tisdagen att &#8220;offren levde under farliga, oacceptabla f\u00f6rh\u00e5llanden&#8221;. Aidenbaum h\u00e4vdade att en omfattande renovering av huset skulle genomf\u00f6ras i september.<\/p>\n<p> Bostadsproblemen kan i vissa fall h\u00e4nga samman med att m\u00e5nga invandrare har s\u00e5 stora familjer. Detta i kombination med m\u00e5nga familjers d\u00e5liga inkomster och att myndigheterna inte underh\u00e5llit bost\u00e4derna har lett till urusla bost\u00e4der, vilket kan ha bidragit till de d\u00f6dliga br\u00e4nderna.<\/p>\n","protected":false},"excerpt":{"rendered":"<p>Paris, 050830 (IPS) &#8211; &#8220;Det \u00e4r skamligt att bo s\u00e5 h\u00e4r&#8221; s\u00e4ger den 34-\u00e5riga v\u00e4stafrikanska invandrarkvinnan Chantal om sin bostad i s\u00f6dra Paris. Hon delar rum med sina tv\u00e5 barn och sin man, men ocks\u00e5 med r\u00e5ttor och kackerlackor. Toalett&hellip; <a href=\"http:\/\/ipsnews.net\/svenska\/2005\/08\/30\/frankrike-fruktansvarda-boendeforhallanden-for-manga-invandrare\/\" class=\"more-link\">Continue Reading <span class=\"meta-nav\">&rarr;<\/span><\/a><\/p>\n","protected":false},"author":5,"featured_media":0,"comment_status":"open","ping_status":"open","sticky":false,"template":"","format":"standard","meta":{"footnotes":""},"categories":[1,3,7,11],"tags":[],"class_list":["post-3612","post","type-post","status-publish","format-standard","hentry","category-headlines","category-migration-och-minoriteter","category-politik","category-utveckling"],"_links":{"self":[{"href":"http:\/\/ipsnews.net\/svenska\/wp-json\/wp\/v2\/posts\/3612","targetHints":{"allow":["GET"]}}],"collection":[{"href":"http:\/\/ipsnews.net\/svenska\/wp-json\/wp\/v2\/posts"}],"about":[{"href":"http:\/\/ipsnews.net\/svenska\/wp-json\/wp\/v2\/types\/post"}],"author":[{"embeddable":true,"href":"http:\/\/ipsnews.net\/svenska\/wp-json\/wp\/v2\/users\/5"}],"replies":[{"embeddable":true,"href":"http:\/\/ipsnews.net\/svenska\/wp-json\/wp\/v2\/comments?post=3612"}],"version-history":[{"count":0,"href":"http:\/\/ipsnews.net\/svenska\/wp-json\/wp\/v2\/posts\/3612\/revisions"}],"wp:attachment":[{"href":"http:\/\/ipsnews.net\/svenska\/wp-json\/wp\/v2\/media?parent=3612"}],"wp:term":[{"taxonomy":"category","embeddable":true,"href":"http:\/\/ipsnews.net\/svenska\/wp-json\/wp\/v2\/categories?post=3612"},{"taxonomy":"post_tag","embeddable":true,"href":"http:\/\/ipsnews.net\/svenska\/wp-json\/wp\/v2\/tags?post=3612"}],"curies":[{"name":"wp","href":"https:\/\/api.w.org\/{rel}","templated":true}]}}