{"id":3540,"date":"2005-07-11T13:40:01","date_gmt":"2005-07-11T13:40:01","guid":{"rendered":"http:\/\/ipsnews.net\/svenska\/2005\/07\/11\/brasilien-korruptionsskandal-skakar-vansterregeringen\/"},"modified":"2005-07-11T13:40:01","modified_gmt":"2005-07-11T13:40:01","slug":"brasilien-korruptionsskandal-skakar-vansterregeringen","status":"publish","type":"post","link":"http:\/\/ipsnews.net\/svenska\/2005\/07\/11\/brasilien-korruptionsskandal-skakar-vansterregeringen\/","title":{"rendered":"Brasilien: Korruptionsskandal skakar v\u00e4nsterregeringen"},"content":{"rendered":"<p>Rio de Janeiro, 050711 (IPS) &#8211; F\u00f6r en m\u00e5nad sedan briserade en korruptionsskandal inom det styrande brasilianska arbetarpartiet PT. Chockv\u00e5gorna efter skandalen kan komma att skada v\u00e4nstern i hela Latinamerika f\u00f6r en l\u00e5ng tid fram\u00e5t, enligt vissa bed\u00f6mare.  <\/p>\n<p><!--more--><\/p>\n<p>Krisen inom den brasilianska v\u00e4nstern kan \u00e4ven spilla \u00f6ver p\u00e5 andra l\u00e4nder i regionen. Det menar s\u00e5v\u00e4l medlemmar av PT som aktivister och v\u00e4nstersinnade analytiker.  Anklagelserna om korruption inom landets v\u00e4nsterregering har redan lett till att Jos\u00e9 Dirceu tvingats avg\u00e5 fr\u00e5n sin post som president Luiz In\u00e1cio &#8220;Lula&#8221; da Silvas personalchef. Dessutom kan flera andra ledande PT-politiker och medlemmar av regeringens allianspartier tvingas att avg\u00e5.  Det kan inte helt uteslutas att skandalen med tiden kan komma att tvinga presidenten sj\u00e4lv att g\u00e5, men \u00e4n s\u00e5 l\u00e4nge tycks det inte som att ens landets opposition vill att detta ska ske.  Daniel Aarao Reis, professor i nutidshistoria vid Fluminenses federala universitet menar att om skandalen f\u00f6rv\u00e4rras kan det leda till mycket allvarliga skador f\u00f6r inte bara PT utan v\u00e4nstern i allm\u00e4nhet. Professor Reis menar att president Lula nu st\u00e5r inf\u00f6r en mycket besv\u00e4rlig utmaning.<\/p>\n<p> Politikern Fernando Gabeira, som l\u00e4mnade PT f\u00f6rra \u00e5ret f\u00f6r att \u00e5ter bli medlem av det gr\u00f6na parti han var med och bildade under 80-talet, s\u00e4ger att han \u00e4r \u00f6vertygad om att krisen kommer att leda till att PT faller samman, liksom v\u00e4nstern i stort.<\/p>\n<p> Gabeira menar att det st\u00e5r klart att allianspartiernas medlemmar i utbyte mot mutor fr\u00e5n PT g\u00e5tt med p\u00e5 att st\u00f6dja regeringens politik.  Det \u00e4r dessa anklagelser, som levererats av arbetarpartiet PTB:s f\u00f6rre ledare Roberto Jefferson, som satte hela skandalen i rullning.<\/p>\n<p> Gabeira anser att de beslut som tagits av landets kongress under PT:s ledning nu kan ifr\u00e5gas\u00e4ttas, samtidigt som landets representativa demokrati f\u00e5tt sig ytterligare en t\u00f6rn.  Korruptionsanklagelserna har p\u00e5 senare tid f\u00f6rv\u00e4rrats av de vittnesm\u00e5l som avlagts i parlamentets etiska r\u00e5d, samtidigt som kongressen tillsatt en kommission med syfte att utreda mutor inom landets statliga postv\u00e4sende &#8211; d\u00e4r Jefferson och PTB s\u00e4gs ha varit inblandade.<\/p>\n<p> Iv\u00e1n Valente, som tillh\u00f6r en fraktion inom PT kallad folklig socialistisk aktion, menar att det inom n\u00e5gon m\u00e5nad kommer att st\u00e5 klart vilka konsekvenser krisen inom partiet kommer att f\u00e5. Men enligt honom finns det en betydande risk f\u00f6r att man kommer att f\u00f6rlora i kraft.<\/p>\n<p> Samtidigt menar han att h\u00e4ndelserna i Brasilien \u00e4ven kommer att p\u00e5verka v\u00e4nstern i andra delar av Latinamerika, eftersom PT var i en perfekt position f\u00f6r att p\u00e5 ett arbeta f\u00f6r en verkligt folklig form av demokrati i regionen.  Att korruptionsskandalen redan haft en p\u00e5vekan var tydlig vid den tolfte Sao Paulo Forum, som h\u00f6lls f\u00f6rsta dagarna i juli i \u00e5r. Forumet \u00e4r en m\u00f6tesplats f\u00f6r v\u00e4nstersinnade partier och sociala r\u00f6relser fr\u00e5n hela Latinamerika, som m\u00f6ts n\u00e4stan \u00e5rligen. Forumet lanserades av PT 1990.<\/p>\n<p> Vid \u00e5rets m\u00f6te i Sao Paulo deltog representanter f\u00f6r 150 partier och sociala organisationer fr\u00e5n 35 olika l\u00e4nder.  M\u00e5nga av de internationella deltagarna uttryckte sin solidaritet med PT, men var ocks\u00e5 uppenbart chockade \u00f6ver anklagelserna om korruption inom regeringen.  Den tidigare PT-politikern Gabeira menar att landets v\u00e4nsterkrafter nu m\u00e5ste arbeta f\u00f6r en f\u00f6rnyelse, med starkare fokusering p\u00e5 demokrati.<\/p>\n<p> &#8211; Och avs\u00e4ga sig den auktorit\u00e4ra v\u00e4nster enligt vilken m\u00e5len \u00e4r viktigare \u00e4n metoderna, s\u00e4ger Gabeira.<\/p>\n<p> Han menar att det \u00e4r s\u00e5dana krafter som i nul\u00e4get styr \u00f6ver PT.<\/p>\n","protected":false},"excerpt":{"rendered":"<p>Rio de Janeiro, 050711 (IPS) &#8211; F\u00f6r en m\u00e5nad sedan briserade en korruptionsskandal inom det styrande brasilianska arbetarpartiet PT. Chockv\u00e5gorna efter skandalen kan komma att skada v\u00e4nstern i hela Latinamerika f\u00f6r en l\u00e5ng tid fram\u00e5t, enligt vissa bed\u00f6mare.<\/p>\n","protected":false},"author":11,"featured_media":0,"comment_status":"open","ping_status":"open","sticky":false,"template":"","format":"standard","meta":{"footnotes":""},"categories":[1,15,7],"tags":[],"class_list":["post-3540","post","type-post","status-publish","format-standard","hentry","category-headlines","category-latinamerika","category-politik"],"_links":{"self":[{"href":"http:\/\/ipsnews.net\/svenska\/wp-json\/wp\/v2\/posts\/3540","targetHints":{"allow":["GET"]}}],"collection":[{"href":"http:\/\/ipsnews.net\/svenska\/wp-json\/wp\/v2\/posts"}],"about":[{"href":"http:\/\/ipsnews.net\/svenska\/wp-json\/wp\/v2\/types\/post"}],"author":[{"embeddable":true,"href":"http:\/\/ipsnews.net\/svenska\/wp-json\/wp\/v2\/users\/11"}],"replies":[{"embeddable":true,"href":"http:\/\/ipsnews.net\/svenska\/wp-json\/wp\/v2\/comments?post=3540"}],"version-history":[{"count":0,"href":"http:\/\/ipsnews.net\/svenska\/wp-json\/wp\/v2\/posts\/3540\/revisions"}],"wp:attachment":[{"href":"http:\/\/ipsnews.net\/svenska\/wp-json\/wp\/v2\/media?parent=3540"}],"wp:term":[{"taxonomy":"category","embeddable":true,"href":"http:\/\/ipsnews.net\/svenska\/wp-json\/wp\/v2\/categories?post=3540"},{"taxonomy":"post_tag","embeddable":true,"href":"http:\/\/ipsnews.net\/svenska\/wp-json\/wp\/v2\/tags?post=3540"}],"curies":[{"name":"wp","href":"https:\/\/api.w.org\/{rel}","templated":true}]}}