{"id":3519,"date":"2005-06-27T13:40:01","date_gmt":"2005-06-27T13:40:01","guid":{"rendered":"http:\/\/ipsnews.net\/svenska\/2005\/06\/27\/mexiko-ny-strategi-att-vanta-fran-zapatisterna\/"},"modified":"2005-06-27T13:40:01","modified_gmt":"2005-06-27T13:40:01","slug":"mexiko-ny-strategi-att-vanta-fran-zapatisterna","status":"publish","type":"post","link":"http:\/\/ipsnews.net\/svenska\/2005\/06\/27\/mexiko-ny-strategi-att-vanta-fran-zapatisterna\/","title":{"rendered":"Mexiko: Ny strategi att v\u00e4nta fr\u00e5n zapatisterna"},"content":{"rendered":"<p>Mexico City, 050627 (IPS) &#8211; Zapatistgerillan i den sydmexikanska delstaten Chiapas har lovat att de inte kommer att ta till vapen igen. Men zapatisterna har ocks\u00e5 meddelat att &#8220;skurkarna&#8221; &#8211; den term man anv\u00e4nder f\u00f6r att beskriva landets politiker &#8211; inte kommer att f\u00e5 sin vilja igenom, utan att de kommer att &#8220;st\u00e4llas till svars&#8221;.  <\/p>\n<p><!--more--><\/p>\n<p>Fr\u00e5gan \u00e4r vilket som kommer att bli n\u00e4sta steg f\u00f6r den d\u00e5ligt bev\u00e4pnade rebellr\u00f6relsen, som f\u00e5tt uppm\u00e4rksamhet \u00f6ver hela v\u00e4rlden f\u00f6r sina politiska handlingar de senaste elva \u00e5ren.  F\u00f6r tillf\u00e4llet kan regeringen med president Vicente Fox i spetsen gl\u00e4dja sig \u00e5t att zapatisterna, EZLN, gjort klart att man inte kommer att genomf\u00f6ra n\u00e5gra fler milit\u00e4ra aktioner.  Efter att gerillan i f\u00f6rra veckan genom en kommunik\u00e9 meddelat att man stod i &#8220;h\u00f6gsta beredskap&#8221; blev oron och f\u00f6rvirringen stor. I kommunik\u00e9n sades inget om varf\u00f6r eller vilka konsekvenser det skulle f\u00e5.<\/p>\n<p> Genom ett spr\u00e5kr\u00f6r meddelade EZLN:s ledare Subcomandante Marcos att gruppen planerar att &#8220;g\u00f6ra n\u00e5got annat&#8221; f\u00f6r att uppn\u00e5 sina krav. Man har dock inte meddelat exakt vad det betyder. Men Marcos meddelade i en av flera kommunik\u00e9er som senare sl\u00e4pptes att den nya strategin inte kommer att inneb\u00e4ra att man tar till vapen.  Gerillans senaste st\u00f6rre politiska manifestation genomf\u00f6rdes 2001 n\u00e4r dess ledare reste till Mexico City med krav p\u00e5 en lag som skulle ge ursprungsbefolkningen \u00f6kade r\u00e4ttigheter. Sedan dess har det varit ganska tyst om r\u00f6relsen.  Men den politiske analytikern Patricio Benevides menar att det snart kan komma att f\u00f6r\u00e4ndras.<\/p>\n<p> &#8211; Med tanke p\u00e5 zapatisternas historia kommer det snart en \u00f6verraskning som kommer att f\u00f6ra upp dem p\u00e5 scenen igen, s\u00e4ger Benevides till IPS.  I januari sa Mexikos presidenten Vicente Fox att EZLN tillh\u00f6r det f\u00f6rg\u00e5ngna. Det uttalandet tillbakavisades av b\u00e5de andra politiker och m\u00e4nniskor\u00e4ttsaktivister som menar att r\u00f6relsen fortfarande har m\u00e5nga anh\u00e4ngare och att orsakerna till att gerillan uppstod i b\u00f6rjan av 1994 i stort sett inte har f\u00f6r\u00e4ndrats.  Det bor ungef\u00e4r 100 000 mycket fattiga m\u00e4nniskor i omr\u00e5det, varav de stora majoriteten tillh\u00f6r ursprungsbefolkningarna. EZLN reste vapen i b\u00f6rjan av 1994 med krav p\u00e5 demokrati, frihet och autonomi f\u00f6r landets ursprungsbefolkning.<\/p>\n<p> Efter tolv dagars strider med arm\u00e9n ingicks en vapenvila som fortfarande g\u00e4ller.  De efterf\u00f6ljande \u00e5ren genomf\u00f6rde zapatisterna ett antal uppm\u00e4rksammade politiska aktioner, vilket ledde till att man fick stort internationellt st\u00f6d. Aktionerna kulminerade i resan till Mexico City 2001.  N\u00e4sta \u00e5r kommer presidentval att h\u00e5llas i Mexiko, och zapatisterna har \u00e5terigen b\u00f6rjat ta plats p\u00e5 den politiska arenan genom sina kommunik\u00e9er. I en av dessa lovar man att man kommer att k\u00e4mpa f\u00f6r att &#8220;stoppa skurkarna&#8221;. Marcos skriver att tiden \u00e4r inne f\u00f6r att bek\u00e4mpa alla h\u00f6gt uppsatta som &#8220;ser ner p\u00e5 oss&#8221;, samt att dessa &#8220;ska h\u00e5llas till svars&#8221;.<\/p>\n<p> Bland dessa &#8220;skurkar&#8221; inom landets politik inkluderar Marcos \u00e4ven den v\u00e4nstersinnade Andr\u00e9s Manuel L\u00f3pez Obrador, som \u00e4r borgm\u00e4stare i Mexico City och leder i opinionsm\u00e4tningarna inf\u00f6r det kommande presidentvalet.  Enligt Marcos st\u00e5r L\u00f3pez Obrador f\u00f6r en politik som bara skulle leda till &#8220;\u00f6kad profit f\u00f6r de rika, samt fattigdom och \u00f6kad plundring av de lottl\u00f6sa&#8221;.  Zapatisternas fr\u00e4msta krav \u00e4r att landets ursprungsbefolkningar ges full autonomi. Men gruppen har ocks\u00e5 alltid kr\u00e4vt r\u00e4ttvisa f\u00f6r alla landets fattiga.  N\u00e4stan h\u00e4lften av Mexikos 103 miljoner inv\u00e5nare lever i fattigdom, och de fattigaste av de fattiga \u00e4r landets ungef\u00e4r tio miljoner som tillh\u00f6r ursprungsbefolkningen.<\/p>\n","protected":false},"excerpt":{"rendered":"<p>Mexico City, 050627 (IPS) &#8211; Zapatistgerillan i den sydmexikanska delstaten Chiapas har lovat att de inte kommer att ta till vapen igen. Men zapatisterna har ocks\u00e5 meddelat att &#8220;skurkarna&#8221; &#8211; den term man anv\u00e4nder f\u00f6r att beskriva landets politiker &#8211;&hellip; <a href=\"http:\/\/ipsnews.net\/svenska\/2005\/06\/27\/mexiko-ny-strategi-att-vanta-fran-zapatisterna\/\" class=\"more-link\">Continue Reading <span class=\"meta-nav\">&rarr;<\/span><\/a><\/p>\n","protected":false},"author":25,"featured_media":0,"comment_status":"open","ping_status":"open","sticky":false,"template":"","format":"standard","meta":{"footnotes":""},"categories":[1,15,3,7],"tags":[],"class_list":["post-3519","post","type-post","status-publish","format-standard","hentry","category-headlines","category-latinamerika","category-migration-och-minoriteter","category-politik"],"_links":{"self":[{"href":"http:\/\/ipsnews.net\/svenska\/wp-json\/wp\/v2\/posts\/3519","targetHints":{"allow":["GET"]}}],"collection":[{"href":"http:\/\/ipsnews.net\/svenska\/wp-json\/wp\/v2\/posts"}],"about":[{"href":"http:\/\/ipsnews.net\/svenska\/wp-json\/wp\/v2\/types\/post"}],"author":[{"embeddable":true,"href":"http:\/\/ipsnews.net\/svenska\/wp-json\/wp\/v2\/users\/25"}],"replies":[{"embeddable":true,"href":"http:\/\/ipsnews.net\/svenska\/wp-json\/wp\/v2\/comments?post=3519"}],"version-history":[{"count":0,"href":"http:\/\/ipsnews.net\/svenska\/wp-json\/wp\/v2\/posts\/3519\/revisions"}],"wp:attachment":[{"href":"http:\/\/ipsnews.net\/svenska\/wp-json\/wp\/v2\/media?parent=3519"}],"wp:term":[{"taxonomy":"category","embeddable":true,"href":"http:\/\/ipsnews.net\/svenska\/wp-json\/wp\/v2\/categories?post=3519"},{"taxonomy":"post_tag","embeddable":true,"href":"http:\/\/ipsnews.net\/svenska\/wp-json\/wp\/v2\/tags?post=3519"}],"curies":[{"name":"wp","href":"https:\/\/api.w.org\/{rel}","templated":true}]}}