{"id":3462,"date":"2005-06-01T13:40:01","date_gmt":"2005-06-01T13:40:01","guid":{"rendered":"http:\/\/ipsnews.net\/svenska\/2005\/06\/01\/farre-utlandsfodda-amerikaner-vill-kriga-i-irak\/"},"modified":"2005-06-01T13:40:01","modified_gmt":"2005-06-01T13:40:01","slug":"farre-utlandsfodda-amerikaner-vill-kriga-i-irak","status":"publish","type":"post","link":"http:\/\/ipsnews.net\/svenska\/2005\/06\/01\/farre-utlandsfodda-amerikaner-vill-kriga-i-irak\/","title":{"rendered":"F\u00e4rre utlandsf\u00f6dda amerikaner vill kriga i Irak"},"content":{"rendered":"<p>Mexico City, 050601 (IPS) &#8211; Hittills har 215 amerikanska soldater med latinamerikanskt ursprung d\u00f6dats i Irak. Men enligt krigsmotst\u00e5ndare skriver numera allt f\u00e4rre latinamerikaner in sig vid landets arm\u00e9.  <\/p>\n<p><!--more--><\/p>\n<p>&#8211; Jag \u00e4r glad \u00f6ver att arm\u00e9n inte l\u00e4ngre lyckas rekrytera s\u00e5 m\u00e5nga soldater och att fler m\u00e4nniskor h\u00f6jer sina r\u00f6ster mot denna kriminella invasion, s\u00e4ger Camilo Mej\u00eda, som f\u00f6ddes i Nicaragua.<\/p>\n<p> Han var sergeant i den amerikanska arm\u00e9n men v\u00e4grade \u00e5terv\u00e4nda till sin enhet i Irak efter att ha spenderat fem m\u00e5nader i landet 2003. Han d\u00f6mdes d\u00e4rf\u00f6r som desert\u00f6r till nio m\u00e5naders f\u00e4ngelse, men sj\u00e4lv kallar han sig hellre vapenv\u00e4grare.  F\u00f6rra \u00e5ret skrev 9 477 personer som var f\u00f6dda utomlands in sig hos den amerikanska arm\u00e9n, vilket var 2 352 f\u00e4rre \u00e4n 2003, enligt den officiella statisktiken.  &#8211; Det \u00e4r s\u00e5 m\u00e5nga som d\u00f6das i detta meningsl\u00f6sa kriminella krig att det \u00e4r det inte \u00e4r en s\u00e4rskilt stor uppoffring att d\u00f6mas till f\u00e4ngelse, s\u00e4ger Mej\u00eda till IPS.  Sedan ockupationen i Irak inleddes i mars 2003 har sammanlagt 1 653 soldater fr\u00e5n USA d\u00f6dats i landet. Av dessa hade n\u00e4stan 15 procent latinamerikanska r\u00f6tter, enligt siffror fr\u00e5n Guerrero Azteca, en USA-baserad organisation som kr\u00e4ver att de soldater som skickats till Mellan\u00f6stern tas hem igen.  F\u00f6r att ansluta sig till landets arm\u00e9 r\u00e4cker det med att bo legalt i USA, det kr\u00e4vs inte att man \u00e4r medborgare. De som \u00e4nnu inte \u00e4r medborgare i landet uppmuntras snarare att skriva in sig i arm\u00e9n genom regeringens l\u00f6ften om att detta skyndar p\u00e5 processen mot medborgarskap.  P\u00e5 m\u00e5ndagen firades Memorial Day i USA, en dag som \u00e4r till\u00e4gnad de soldater som stupat i krig. I sitt tal p\u00e5 m\u00e5ndagen sa landets president George W. Bush att &#8220;ytterligare en generation utk\u00e4mpar ett nytt krig mot en fiende som hotar freden och stabiliteten i v\u00e4rlden, och tack vare deras insatser \u00e4r friheten p\u00e5 frammarsch&#8221;.  Men den mexikansk-amerikanske aktivisten Fernando Su\u00e1rez, som grundat Guerrero Azteca, \u00e4r inte imponerad av talet.  &#8211; Frihet &#8211; verklig frihet, inte den som Mr Bush s\u00e4ljer, tvingar oss att s\u00e4ga att invasionen av Irak \u00e4r ett kolossalt bedr\u00e4geri, och det b\u00e4sta man kan g\u00f6ra \u00e4r att dra sig ut.  Su\u00e1rez, vars son Jes\u00fas d\u00f6dades i Irak i b\u00f6rjan av ockupationen, menar att kriget \u00e4r omoraliskt.<\/p>\n<p> B\u00e5de han och Mej\u00eda intervjuas av IPS fr\u00e5n sina hem i USA. B\u00e5da bor legalt i landet och reser nu runt f\u00f6r att ge uttryck f\u00f6r sitt motst\u00e5nd mot kriget och kr\u00e4va att de amerikanska soldaterna skickas hem.  &#8211; Eftersom jag har sett kriget och det arm\u00e9n g\u00f6r k\u00e4nner jag att jag har ett moraliskt ansvar att \u00f6ka kunskapen, s\u00e5 att m\u00e4nniskor f\u00e5r reda p\u00e5 vad som verkligen p\u00e5g\u00e5r och f\u00f6rs\u00f6ker att stoppa detta krig, s\u00e4ger Mej\u00eda.  Precis som Su\u00e1rezs son och hundratals andra av latinamerikanskt ursprung drogs Mej\u00eda till den amerikanska arm\u00e9n genom l\u00f6ften om att f\u00e5 bidrag och stipendier.  &#8211; Vid den tiden, 1995, letade jag efter en plats att f\u00f6rankra mig eftersom jag bott i Nicaragua, Costa Rica, Kuba och i USA, och jag ville vara en del av n\u00e5gonting, ber\u00e4ttar den f\u00f6re detta sergeanten, som numera \u00e4r medlem av organisationen Irak-veteraner mot krig.  &#8211; Sen reste jag till Irak och med tiden h\u00f6jdes min medvetenhet tills jag kom mig f\u00f6r att tala ut och s\u00e4ga att detta \u00e4r ett kriminellt krig. Priset jag fick betala var krigsr\u00e4tteg\u00e5ng och nio m\u00e5naders f\u00e4ngelse.  Enligt Mej\u00eda, som var inl\u00e5st p\u00e5 en milit\u00e4rbas i USA fram tills februari, finns det dussintals latinamerikanska soldater som inte vill vara kvar i Irak. Men de stannar av r\u00e4dsla f\u00f6r att hamna i f\u00e4ngelse och bli st\u00e4mplade som desert\u00f6rer.  Men Mej\u00eda tror trots det att utvecklingen g\u00e5r \u00e5t ett annat h\u00e5ll.<\/p>\n<p> &#8211; Ockupationen kommer att ta slut eftersom fler och fler soldater kommer att v\u00e5ga uttala sig mot kriget, f\u00f6r dom kan inte lura oss l\u00e4ngre, s\u00e4ger han.<\/p>\n","protected":false},"excerpt":{"rendered":"<p>Mexico City, 050601 (IPS) &#8211; Hittills har 215 amerikanska soldater med latinamerikanskt ursprung d\u00f6dats i Irak. Men enligt krigsmotst\u00e5ndare skriver numera allt f\u00e4rre latinamerikaner in sig vid landets arm\u00e9.<\/p>\n","protected":false},"author":25,"featured_media":0,"comment_status":"open","ping_status":"open","sticky":false,"template":"","format":"standard","meta":{"footnotes":""},"categories":[1,15,10,17,3,14,7],"tags":[],"class_list":["post-3462","post","type-post","status-publish","format-standard","hentry","category-headlines","category-latinamerika","category-manskliga-rattigheter","category-mellanostern","category-migration-och-minoriteter","category-nordamerika","category-politik"],"_links":{"self":[{"href":"http:\/\/ipsnews.net\/svenska\/wp-json\/wp\/v2\/posts\/3462","targetHints":{"allow":["GET"]}}],"collection":[{"href":"http:\/\/ipsnews.net\/svenska\/wp-json\/wp\/v2\/posts"}],"about":[{"href":"http:\/\/ipsnews.net\/svenska\/wp-json\/wp\/v2\/types\/post"}],"author":[{"embeddable":true,"href":"http:\/\/ipsnews.net\/svenska\/wp-json\/wp\/v2\/users\/25"}],"replies":[{"embeddable":true,"href":"http:\/\/ipsnews.net\/svenska\/wp-json\/wp\/v2\/comments?post=3462"}],"version-history":[{"count":0,"href":"http:\/\/ipsnews.net\/svenska\/wp-json\/wp\/v2\/posts\/3462\/revisions"}],"wp:attachment":[{"href":"http:\/\/ipsnews.net\/svenska\/wp-json\/wp\/v2\/media?parent=3462"}],"wp:term":[{"taxonomy":"category","embeddable":true,"href":"http:\/\/ipsnews.net\/svenska\/wp-json\/wp\/v2\/categories?post=3462"},{"taxonomy":"post_tag","embeddable":true,"href":"http:\/\/ipsnews.net\/svenska\/wp-json\/wp\/v2\/tags?post=3462"}],"curies":[{"name":"wp","href":"https:\/\/api.w.org\/{rel}","templated":true}]}}