{"id":3388,"date":"2005-05-03T13:40:01","date_gmt":"2005-05-03T13:40:01","guid":{"rendered":"http:\/\/ipsnews.net\/svenska\/2005\/05\/03\/tatare-samarbete-mellan-latinamerikas-vansterregeringar\/"},"modified":"2005-05-03T13:40:01","modified_gmt":"2005-05-03T13:40:01","slug":"tatare-samarbete-mellan-latinamerikas-vansterregeringar","status":"publish","type":"post","link":"http:\/\/ipsnews.net\/svenska\/2005\/05\/03\/tatare-samarbete-mellan-latinamerikas-vansterregeringar\/","title":{"rendered":"T\u00e4tare samarbete mellan Latinamerikas v\u00e4nsterregeringar"},"content":{"rendered":"<p>Montevideo, 050503 (IPS) &#8211; Representanter f\u00f6r de progressiva partier som f\u00f6r n\u00e4rvarande sitter vid makten i Argentina, Brasilien, Chile och Uruguay m\u00f6ttes nyligen i Montevideo f\u00f6r att utbyta erfarenheter.  <\/p>\n<p><!--more--><\/p>\n<p>Vid m\u00f6tet, som h\u00f6lls f\u00f6rra veckan, diskuterades bland annat samarbete kring energifr\u00e5gor. Man diskuterade \u00e4ven fr\u00e5gan om en gemensam h\u00e5llning kring internationell handel och gentemot V\u00e4rldsbanken och IMF.  &#8211; M\u00f6tet syftar till utbyta erfarenheter och identifiera viktiga samarbetsfr\u00e5gor, sa Marco Aurelio Garc\u00eda, som \u00e4r r\u00e5dgivare till Brasiliens president Luiz In\u00e1cio Lula da Silva.  &#8211; F\u00f6r mig \u00e4r detta en o\u00f6vertr\u00e4ffad h\u00e4ndelse. Aldrig tidigare har vi varit i denna situation. Under mina \u00e5r inom politiken har jag haft m\u00e5nga kontakter med v\u00e4nsterr\u00f6relser i regionen. Men skillnaden nu \u00e4r att vi inte l\u00e4ngre befinner oss i opposition, tillade han.<\/p>\n<p> Konferensen inleddes av Uruguays president Tabar\u00e9 V\u00e1zquez. Landets styrande v\u00e4nsterkoalition hade kallat samman m\u00f6tet. Deltog gjorde ledare fr\u00e5n olika v\u00e4nsterinriktade politiska r\u00f6relser, som alla har olika bakgrund.  Argentina styrs av peronistpartiet som bildades av Juan Domingo Per\u00f3n, som \u00e4ven var landets president under tre olika perioder mellan 1946 och 1974. Partiets sociala profil tonades ner under president Carlos Menems ledning mellan 1989-1999. Ist\u00e4llet satsade Menem bland annat p\u00e5 omfattande privatiseringar.  Efter att Argentina kollapsat politiskt och socialt 2002 framstod N\u00e9stor Kirchner, \u00e4ven han fr\u00e5n peronistpartiet, som ett av f\u00e5 alternativ. Och i dag leder han en mitten-v\u00e4nster-regering som enligt vissa bed\u00f6mare utg\u00f6r en \u00e5terg\u00e5ng till peronistpartiets r\u00f6tter.  I grannlandet Brasilien bildades det styrande arbetarpartiet PT av socialistiska arbetare 1980. Den tidigare facklige ledaren och st\u00e5larbetaren Lula blev president i landet i januari 2003.  Chile har sedan 1990 styrts av en mitten\/v\u00e4nster-allians, som best\u00e5r av socialdemokrater, kristdemokrater och socialister. I mars 2000 blev Ricardo Lagos Chiles f\u00f6rste socialistiske president sedan Salvador Allende, som avled i samband med milit\u00e4rkuppen i landet 1973.  Uruguay \u00e4r det senaste landet i regionen som valt fram en v\u00e4nsterinriktad regering. Breda fronten som vann valet f\u00f6rra \u00e5ret bildades 1971 av socialister, kristdemokrater och f\u00f6re detta gerillamedlemmar.  M\u00e5nga medlemmar av de regeringar som numera styr i dessa l\u00e4nder utsattes f\u00f6r politisk f\u00f6rf\u00f6ljelse under de milit\u00e4rdiktaturer som styrde under 1970- och 80-talet.  De politiska ledarna kom \u00f6verens om att forts\u00e4tta med liknande m\u00f6ten \u00e4ven fram\u00f6ver. N\u00e4sta m\u00f6te planeras h\u00e5llas i Buenos Aires i augusti, och ytterligare ett m\u00f6te \u00e4r inplanerat i Chile i november.  Chiles delegation leddes av landets tidigare f\u00f6rsvarsminister Michelle Bachelet, som tillh\u00f6r landets socialistparti. Hon \u00e4r samtidigt en m\u00f6jlig kandidat fr\u00e5n den styrande koalitionen i det kommande presidentvalet i december.<\/p>\n<p> Bachelet menade att tiden \u00e4r inne f\u00f6r att ledarna f\u00f6r regionens l\u00e4nder ska tr\u00e4ffas och utbyta information om olika sociala program. Hon n\u00e4mnde samtidigt att hon kommer att f\u00f6lja det program som Uruguays nya regering lanserat f\u00f6r landets allra fattigaste medborgare.  &#8211; Den extrema sociala oj\u00e4mlikheten i v\u00e5ra l\u00e4nder \u00e4r en av de st\u00f6rsta utmaningar vi alla st\u00e5r inf\u00f6r, sa hon till IPS.  &#8211; Tiden \u00e4r inne f\u00f6r oss att utlysa m\u00e5ls\u00e4ttningar, tidsramar och \u00e5tg\u00e4rder som genomf\u00f6rs gemensamt. Vi st\u00e5r vid ett historiskt v\u00e4gsk\u00e4l eftersom vi nu har progressiva regeringar. F\u00f6ruts\u00e4ttningarna kunde inte vara b\u00e4ttre att \u00f6verf\u00f6ra de id\u00e9er vi arbetat f\u00f6r till konkret handling, tillade hon.<\/p>\n","protected":false},"excerpt":{"rendered":"<p>Montevideo, 050503 (IPS) &#8211; Representanter f\u00f6r de progressiva partier som f\u00f6r n\u00e4rvarande sitter vid makten i Argentina, Brasilien, Chile och Uruguay m\u00f6ttes nyligen i Montevideo f\u00f6r att utbyta erfarenheter.<\/p>\n","protected":false},"author":112,"featured_media":0,"comment_status":"open","ping_status":"open","sticky":false,"template":"","format":"standard","meta":{"footnotes":""},"categories":[1,15,7],"tags":[],"class_list":["post-3388","post","type-post","status-publish","format-standard","hentry","category-headlines","category-latinamerika","category-politik"],"_links":{"self":[{"href":"http:\/\/ipsnews.net\/svenska\/wp-json\/wp\/v2\/posts\/3388","targetHints":{"allow":["GET"]}}],"collection":[{"href":"http:\/\/ipsnews.net\/svenska\/wp-json\/wp\/v2\/posts"}],"about":[{"href":"http:\/\/ipsnews.net\/svenska\/wp-json\/wp\/v2\/types\/post"}],"author":[{"embeddable":true,"href":"http:\/\/ipsnews.net\/svenska\/wp-json\/wp\/v2\/users\/112"}],"replies":[{"embeddable":true,"href":"http:\/\/ipsnews.net\/svenska\/wp-json\/wp\/v2\/comments?post=3388"}],"version-history":[{"count":0,"href":"http:\/\/ipsnews.net\/svenska\/wp-json\/wp\/v2\/posts\/3388\/revisions"}],"wp:attachment":[{"href":"http:\/\/ipsnews.net\/svenska\/wp-json\/wp\/v2\/media?parent=3388"}],"wp:term":[{"taxonomy":"category","embeddable":true,"href":"http:\/\/ipsnews.net\/svenska\/wp-json\/wp\/v2\/categories?post=3388"},{"taxonomy":"post_tag","embeddable":true,"href":"http:\/\/ipsnews.net\/svenska\/wp-json\/wp\/v2\/tags?post=3388"}],"curies":[{"name":"wp","href":"https:\/\/api.w.org\/{rel}","templated":true}]}}