{"id":3354,"date":"2005-04-20T13:40:01","date_gmt":"2005-04-20T13:40:01","guid":{"rendered":"http:\/\/ipsnews.net\/svenska\/2005\/04\/20\/latinamerika-nye-paven-en-besvikelse-for-progressiva-katoliker\/"},"modified":"2005-04-20T13:40:01","modified_gmt":"2005-04-20T13:40:01","slug":"latinamerika-nye-paven-en-besvikelse-for-progressiva-katoliker","status":"publish","type":"post","link":"http:\/\/ipsnews.net\/svenska\/2005\/04\/20\/latinamerika-nye-paven-en-besvikelse-for-progressiva-katoliker\/","title":{"rendered":"Latinamerika: Nye p\u00e5ven &#8211; en besvikelse f\u00f6r progressiva katoliker"},"content":{"rendered":"<p>Rio de Janeiro, 050420 (IPS) &#8211; &#8220;I dag var en sorglig dag&#8221;, sa Maria Jos\u00e9 Rosado Nunes, chef f\u00f6r organisationen Katoliker med r\u00e4tt att best\u00e4mma i Brasilien, sedan hon h\u00f6rt att den tyske kardinalen Joseph Ratzinger utsetts till p\u00e5ve. Hennes sorg delas av andra progressiva katoliker i Latinamerika.   <\/p>\n<p><!--more--><\/p>\n<p>Ratzinger har inspirerat de mest h\u00e5rdf\u00f6ra dokumenten om kvinnor som katolska kyrkan skrivit och han var &#8220;sj\u00e4len&#8221; bakom p\u00e5ven Johannes Paulus II. Logiskt sett kan man d\u00e4rf\u00f6r inte v\u00e4nta sig n\u00e5gra f\u00f6r\u00e4ndringar vad g\u00e4ller kvinnans st\u00e4llning under den nye p\u00e5ven, s\u00e4ger sociologen Rosado Nunes.  Men valet av Ratzinger kom inte som en \u00f6verrakning eftersom Johannes Paulus II skapade ett kardinalskollegium som liknade honom och genom det s\u00e4kerst\u00e4llde att hans eftertr\u00e4dare skulle uppr\u00e4tth\u00e5lla hans &#8220;konservativa inriktning vad g\u00e4ller sexualmoral, reproduktiva r\u00e4ttigheter och i viss utstr\u00e4ckning &#8211; sociala fr\u00e5gor&#8221;, s\u00e4ger Nunes som fruktar att avgrunden mellan den kyrkliga hierarkin och de troende nu kommer att bli \u00e4nd\u00e5 st\u00f6rre.<\/p>\n<p> Det befarar \u00e4ven Luiz Alberto Gomez de Souza, chef f\u00f6r Ceris \u2013 centret f\u00f6r religi\u00f6s statistik och social forskning. Trycket \u00f6kar p\u00e5 att kyrkan ska ta itu med fr\u00e5gor som v\u00e5ld, sexualitet, reproduktiva r\u00e4ttigheter och kvinnliga pr\u00e4ster och kardinalerna visade genom sitt val av p\u00e5ve att de inte klarar av att f\u00f6respr\u00e5ka f\u00f6r\u00e4ndring just nu, enligt Gomez.  Organisationen R\u00f6relsen f\u00f6r gifta pr\u00e4ster kallar valet av Ratzinger f\u00f6r en &#8220;katastrof&#8221; som kommer att skjuta fram alla diskussioner om celibattv\u00e5nget f\u00f6r pr\u00e4ster. Men Francisco Salatiel, teolog och f\u00f6re detta pr\u00e4st som l\u00e4mnade pr\u00e4styrket f\u00f6r att gifta sig 1978, s\u00e4ger att det namn som p\u00e5ven antagit &#8211; Benedict XVI &#8211; kan betyda att den nye p\u00e5ven inte t\u00e4nker g\u00e5 i den gamles fotsp\u00e5r.<\/p>\n<p> &#8211; Namnet \u00e4r viktigt eftersom Benedicto XV br\u00f6t med f\u00f6reg\u00e5ngaren Pius X:s pontifikat och stack ut genom sina anstr\u00e4ngningar f\u00f6r freden under f\u00f6rsta v\u00e4rldskriget, s\u00e4ger han.  Det finns d\u00e4rf\u00f6r en m\u00f6jlighet att Benedict XVI kommer att inta en &#8220;global vision&#8221; f\u00f6r fred och att han kommer att vara mindre rigid som p\u00e5ve \u00e4n han var som ansvarig f\u00f6r trosdoktrinen under Johannes Paulus.<\/p>\n<p> Leonardo Boff, en av ledarna f\u00f6r befrielseteologin som uppmanar kyrkan att vara mer politisk och verka f\u00f6r de fattiga, har sj\u00e4lv drabbats av Ratzingers beslut.  Boff tystades av Vatikanen 1985 och l\u00e4mnade slutligen det pr\u00e4sterliga \u00e4mbetet 1992. Boff s\u00e4ger att han som kristen respekterar utn\u00e4mningen av Ratzinger \u00e4ven om han har sv\u00e5rt att \u00e4lska den nye p\u00e5ven.  &#8211; Jag hoppas han t\u00e4nker mer p\u00e5 m\u00e4nskligheten \u00e4r p\u00e5 kyrkan och att han h\u00e5ller en dialog med andra kyrkor och med vetenskapen, s\u00e4ger Boff.  Den chilenske teologen Alvaro Ramis, vid Diego Medell\u00edn-centret, anser att valet av den nye p\u00e5ven \u00e4r &#8220;beklagligt&#8221;. Han menar att Ratzinger som kardinal visat sig vara konservativ och anti-ekumenisk. Ramis p\u00e5minner om att Ratzinger anser att fr\u00e5nskilda personer och politiker som f\u00f6respr\u00e5kar abort inte b\u00f6r f\u00e5 ta nattvarden och att han f\u00f6rd\u00f6mt andra religioner och sagt att katolicismen \u00e4r den enda sanna tron.  Den argentinske pr\u00e4sten Eduardo de la Serna, medlem i en progressiv r\u00f6relse, s\u00e4ger att valet av Ratzinger kan leda till en &#8220;mycket sv\u00e5rt tid f\u00f6r de fattigas kyrka i Latinamerika&#8221;. Han p\u00e5pekar att Ratziger som kardinal f\u00f6rd\u00f6mde befrielseteologin utan att ens ha studerat den ing\u00e5ende.  &#8211; Ratzinger f\u00f6rst\u00e5r inte de fattigas verklighet, till skillnad fr\u00e5n Johannes Paulus II, som kom fr\u00e5n ett fattigt land, s\u00e4ger de la Serna som till\u00e4gger att man f\u00e5r hoppas p\u00e5 att Ratzinger kommer att \u00e4ndra sig som p\u00e5ve.  Nilton Giese, talesman f\u00f6r det latinamerikanska r\u00e5det f\u00f6r kyrkor, CLAI, baserat i Ecuador, hoppas att Ratzinger som p\u00e5ve kommer att f\u00f6r\u00e4ndras och f\u00f6rst\u00e5 att han nu tillh\u00f6r hela det katolska folket som kommer att lyssna p\u00e5 honom.  Giese s\u00e4ger att nu inte \u00e4r r\u00e4tt tidpunkt att bed\u00f6ma vad den nye p\u00e5ven kommer att g\u00f6ra. Men om Ratzinger h\u00e5ller fast vid den linje som gjort att han motsatt sig kvinnliga pr\u00e4ster och straffat dem som f\u00f6respr\u00e5kar befrielseteologin s\u00e5 kan det f\u00e5 o\u00f6versk\u00e5dliga konsekvester f\u00f6r katolska kyrkan.<\/p>\n","protected":false},"excerpt":{"rendered":"<p>Rio de Janeiro, 050420 (IPS) &#8211; &#8220;I dag var en sorglig dag&#8221;, sa Maria Jos\u00e9 Rosado Nunes, chef f\u00f6r organisationen Katoliker med r\u00e4tt att best\u00e4mma i Brasilien, sedan hon h\u00f6rt att den tyske kardinalen Joseph Ratzinger utsetts till p\u00e5ve. Hennes&hellip; <a href=\"http:\/\/ipsnews.net\/svenska\/2005\/04\/20\/latinamerika-nye-paven-en-besvikelse-for-progressiva-katoliker\/\" class=\"more-link\">Continue Reading <span class=\"meta-nav\">&rarr;<\/span><\/a><\/p>\n","protected":false},"author":11,"featured_media":0,"comment_status":"open","ping_status":"open","sticky":false,"template":"","format":"standard","meta":{"footnotes":""},"categories":[1,27,13,15],"tags":[],"class_list":["post-3354","post","type-post","status-publish","format-standard","hentry","category-headlines","category-jamstalldhet","category-kultur","category-latinamerika"],"_links":{"self":[{"href":"http:\/\/ipsnews.net\/svenska\/wp-json\/wp\/v2\/posts\/3354","targetHints":{"allow":["GET"]}}],"collection":[{"href":"http:\/\/ipsnews.net\/svenska\/wp-json\/wp\/v2\/posts"}],"about":[{"href":"http:\/\/ipsnews.net\/svenska\/wp-json\/wp\/v2\/types\/post"}],"author":[{"embeddable":true,"href":"http:\/\/ipsnews.net\/svenska\/wp-json\/wp\/v2\/users\/11"}],"replies":[{"embeddable":true,"href":"http:\/\/ipsnews.net\/svenska\/wp-json\/wp\/v2\/comments?post=3354"}],"version-history":[{"count":0,"href":"http:\/\/ipsnews.net\/svenska\/wp-json\/wp\/v2\/posts\/3354\/revisions"}],"wp:attachment":[{"href":"http:\/\/ipsnews.net\/svenska\/wp-json\/wp\/v2\/media?parent=3354"}],"wp:term":[{"taxonomy":"category","embeddable":true,"href":"http:\/\/ipsnews.net\/svenska\/wp-json\/wp\/v2\/categories?post=3354"},{"taxonomy":"post_tag","embeddable":true,"href":"http:\/\/ipsnews.net\/svenska\/wp-json\/wp\/v2\/tags?post=3354"}],"curies":[{"name":"wp","href":"https:\/\/api.w.org\/{rel}","templated":true}]}}