{"id":3203,"date":"2005-02-21T13:40:01","date_gmt":"2005-02-21T13:40:01","guid":{"rendered":"http:\/\/ipsnews.net\/svenska\/2005\/02\/21\/brasilien-mord-far-regeringen-att-agera-for-att-skydda-amazonas\/"},"modified":"2005-02-21T13:40:01","modified_gmt":"2005-02-21T13:40:01","slug":"brasilien-mord-far-regeringen-att-agera-for-att-skydda-amazonas","status":"publish","type":"post","link":"http:\/\/ipsnews.net\/svenska\/2005\/02\/21\/brasilien-mord-far-regeringen-att-agera-for-att-skydda-amazonas\/","title":{"rendered":"Brasilien: Mord f\u00e5r regeringen att agera f\u00f6r att skydda Amazonas"},"content":{"rendered":"<p>Rio de Janeiro, 050221 (IPS) &#8211; Ibland f\u00f6ds hopp ur tragedi. Efter att den USA-f\u00f6dda nunnan Dorothy Stang och tre aktivister m\u00f6rdades i den nordliga delstaten Par\u00e1 under veckan har den brasilianska regeringen tagit beslut som kan leda till en minskning av skogssk\u00f6vlingen och v\u00e5ldet i Amazonas.  <\/p>\n<p><!--more--><\/p>\n<p>Sent i torsdags meddelades att \u00e5tg\u00e4rder ska genomf\u00f6ras f\u00f6r att skydda drygt 13 miljoner hektar skog &#8211; ett omr\u00e5de som \u00e4r fyra och en halv g\u00e5ng st\u00f6rre \u00e4n Belgien &#8211; samt att st\u00e4rka den statliga kontrollen \u00f6ver Par\u00e1.  Landets president Luiz In\u00e1cio Lula da Silva har beslutat att skapa fem naturreservat, som sammanlagt str\u00e4cker sig \u00f6ver 5,2 miljoner hektar. St\u00f6rre delen av dessa reservat ligger i Par\u00e1, d\u00e4r konflikter \u00f6ver jordtillg\u00e5ngar l\u00e5g bakom veckans mord.  Ytterligare ett beslut inneb\u00e4r f\u00f6rbud f\u00f6r milj\u00f6skadlig verksamhet, inklusive skogshuggning, de n\u00e4rmaste sex m\u00e5naderna f\u00f6r 8,2 miljoner hektar skog.  Regeringen har dessutom beslutat att skynda p\u00e5 ett lagf\u00f6rslag f\u00f6r hur landets skogar ska v\u00e5rdas. Den nya lagen syftar till att reglera en milj\u00f6m\u00e4ssigt h\u00e5llbar anv\u00e4ndning av statliga skogar, genom koncessioner till f\u00f6retag eller lokala befolkningar.  Planen ses som ett alternativ till den illegala ockupationen och sk\u00f6vlingen i Amazonas, d\u00e4r uppskattningsvis tre fj\u00e4rdedelar av skogen ligger p\u00e5 offentlig mark.<\/p>\n<p> Dessa \u00e5tg\u00e4rder, samt beslutet att skicka tv\u00e5 tusen soldater, \u00e4r regeringens svar p\u00e5 den kris som uppstod efter mordet p\u00e5 den katolska mission\u00e4ren Stang, som ursprungligen kom fr\u00e5n Ohio i USA, men som vid sin d\u00f6d var brasiliansk medborgare.  \u00c5tg\u00e4rderna som syftar till att bek\u00e4mpa de konflikter om mark som \u00e4r roten till v\u00e5ldet i Par\u00e1, l\u00e5g klara sedan l\u00e4nge.  Inf\u00f6randet p\u00e5skyndades dock av de senaste fyra morden samt av att 40 andra aktivister mottagit d\u00f6dshot, ber\u00e4ttar Paulo Moutinho, fr\u00e5n Amazonas institut f\u00f6r milj\u00f6forskning, IPAM. Han v\u00e4lkomnar beskedet.  &#8211; Regeringens skarpa reaktion har gjort klart att man \u00e4r fast besluten att skapa ordning i fr\u00e5ga om \u00e4gandet av mark i Par\u00e1. Det kan slutligen s\u00e4tta stopp f\u00f6r de illegala \u00f6vertagandena av allm\u00e4n mark, vilket ligger i botten av m\u00e5nga konflikter.  Moutinho menar att arm\u00e9ns n\u00e4rvaro \u00e4r viktig f\u00f6r att understryka den viljan och se till att f\u00f6rh\u00e5llanden skapas d\u00e4r myndigheter med ansvar f\u00f6r milj\u00f6n, jordreformer och ekonomiska och sociala fr\u00e5gor kan utf\u00f6ra sitt arbete.<\/p>\n<p> Roberto Smeraldi, ordf\u00f6rande f\u00f6r den brasilianska avdelningen av milj\u00f6organisationen Jordens v\u00e4nner, menar att de nya \u00e5tg\u00e4rderna \u00e4r &#8220;positiva&#8221;. \u00e4ven om det \u00e4r tragiskt att det skulle kr\u00e4va en tragedi innan initiativen &#8211; som varit klara i flera \u00e5r &#8211; genomdrevs.<\/p>\n<p> Ytterligare ett viktigt steg, som Smeraldi menar m\u00e5ste genomf\u00f6ras, \u00e4r att man formellt visar att allm\u00e4n mark tillh\u00f6r staten. Detta f\u00f6r att f\u00e5 ett slut p\u00e5 konflikterna om mark. Annars kommer mark\u00e4gare och skogshuggare att forts\u00e4tta ta \u00f6ver allm\u00e4n mark, och d\u00e4rmed f\u00f6rv\u00e4rra milj\u00f6f\u00f6rst\u00f6ringen och de sociala problemen.<\/p>\n","protected":false},"excerpt":{"rendered":"<p>Rio de Janeiro, 050221 (IPS) &#8211; Ibland f\u00f6ds hopp ur tragedi. Efter att den USA-f\u00f6dda nunnan Dorothy Stang och tre aktivister m\u00f6rdades i den nordliga delstaten Par\u00e1 under veckan har den brasilianska regeringen tagit beslut som kan leda till en&hellip; <a href=\"http:\/\/ipsnews.net\/svenska\/2005\/02\/21\/brasilien-mord-far-regeringen-att-agera-for-att-skydda-amazonas\/\" class=\"more-link\">Continue Reading <span class=\"meta-nav\">&rarr;<\/span><\/a><\/p>\n","protected":false},"author":11,"featured_media":0,"comment_status":"open","ping_status":"open","sticky":false,"template":"","format":"standard","meta":{"footnotes":""},"categories":[6,1,15,10,12,11],"tags":[],"class_list":["post-3203","post","type-post","status-publish","format-standard","hentry","category-ekonomi","category-headlines","category-latinamerika","category-manskliga-rattigheter","category-miljo","category-utveckling"],"_links":{"self":[{"href":"http:\/\/ipsnews.net\/svenska\/wp-json\/wp\/v2\/posts\/3203","targetHints":{"allow":["GET"]}}],"collection":[{"href":"http:\/\/ipsnews.net\/svenska\/wp-json\/wp\/v2\/posts"}],"about":[{"href":"http:\/\/ipsnews.net\/svenska\/wp-json\/wp\/v2\/types\/post"}],"author":[{"embeddable":true,"href":"http:\/\/ipsnews.net\/svenska\/wp-json\/wp\/v2\/users\/11"}],"replies":[{"embeddable":true,"href":"http:\/\/ipsnews.net\/svenska\/wp-json\/wp\/v2\/comments?post=3203"}],"version-history":[{"count":0,"href":"http:\/\/ipsnews.net\/svenska\/wp-json\/wp\/v2\/posts\/3203\/revisions"}],"wp:attachment":[{"href":"http:\/\/ipsnews.net\/svenska\/wp-json\/wp\/v2\/media?parent=3203"}],"wp:term":[{"taxonomy":"category","embeddable":true,"href":"http:\/\/ipsnews.net\/svenska\/wp-json\/wp\/v2\/categories?post=3203"},{"taxonomy":"post_tag","embeddable":true,"href":"http:\/\/ipsnews.net\/svenska\/wp-json\/wp\/v2\/tags?post=3203"}],"curies":[{"name":"wp","href":"https:\/\/api.w.org\/{rel}","templated":true}]}}