{"id":3129,"date":"2005-01-24T13:40:01","date_gmt":"2005-01-24T13:40:01","guid":{"rendered":"http:\/\/ipsnews.net\/svenska\/2005\/01\/24\/fornyat-wsf-atervander-till-porto-alegre\/"},"modified":"2005-01-24T13:40:01","modified_gmt":"2005-01-24T13:40:01","slug":"fornyat-wsf-atervander-till-porto-alegre","status":"publish","type":"post","link":"http:\/\/ipsnews.net\/svenska\/2005\/01\/24\/fornyat-wsf-atervander-till-porto-alegre\/","title":{"rendered":"F\u00f6rnyat WSF \u00e5terv\u00e4nder till Porto Alegre"},"content":{"rendered":"<p>Rio de Janeiro, 050124 (IPS) &#8211; I veckan inleds den femte upplagan av World Social Forum, WSF. M\u00f6tet \u00e5terv\u00e4nder i \u00e5r till Porto Alegre i Brasilien, och arrang\u00f6rerna menar att man dragit l\u00e4rdomar av fjol\u00e5rets upplaga som h\u00f6lls i Mumbai i Indien.  <\/p>\n<p><!--more--><\/p>\n<p>Vid fjol\u00e5rets m\u00f6te uppn\u00e5ddes en st\u00f6rre spridning bland deltagarna. Bland annat deltog ett st\u00f6rre antal representanter f\u00f6r fattiga och marginaliserade grupper. Detta har p\u00e5verkat \u00e5rets m\u00f6te i Brasiliengenom att flera strukturella f\u00f6r\u00e4ndringar genomf\u00f6rts.<\/p>\n<p>  WSF 2005 kommer att p\u00e5g\u00e5 mellan den 26 och 31 januari och f\u00f6rv\u00e4ntas f\u00e5 120 000 bes\u00f6kare. Och i \u00e5r satsar man \u00e4n mer p\u00e5 att f\u00e5 fram konkreta f\u00f6rslag p\u00e5 l\u00f6sningar av olika v\u00e4rldsproblem. Enligt Francisco Whitaker, som ing\u00e5r i den brasilianska organisationskommitt\u00e9n, \u00e4r f\u00f6rhoppningen att ett stort antal v\u00e4lgenomt\u00e4nka handlingsf\u00f6rslag ska l\u00e4ggas fram.  Varje m\u00f6tesdag kommer att inledas med diskussioner d\u00e4r deltagarna tillsammans ska arbeta f\u00f6r att n\u00e5 fram till en samsyn om vilka kampanjer som ska lanseras efter WSF, ber\u00e4ttar Whitaker. De f\u00f6rslag som dessa m\u00f6ten mynnar ut i ska sedan spridas genom anslagstavlor som finns uppsatta utanf\u00f6r de olika m\u00f6tessalarna.<\/p>\n<p> I samband med WSF kommer en global kampanj mot fattigdomen att lanseras. M\u00e5ls\u00e4ttningen med denna kampanj, som st\u00f6ds av fler \u00e4n 100 ickestatliga organisationer fr\u00e5n olika delar av v\u00e4rlden, \u00e4r att tvinga v\u00e4rldens ledare att leva upp till sina l\u00f6ften och genomdriva konkreta \u00e5tg\u00e4rder f\u00f6r att f\u00e5 bukt med fattigdomen. Under WSF kommer man att planera framtida demonstrationer, exempelvis i samband med det kommande toppm\u00f6tet inom G8 i Skottland i juli.<\/p>\n<p> M\u00e5nga av aktivisterna vid WSF uttrycker ett starkt behov av att g\u00e5 fr\u00e5n teori till praktik, och fr\u00e5n diagnos till fungerande l\u00f6sningar.   Samtidigt menar Guacira de Oliveira, fr\u00e5n det feministiska centret CFEMEA, att styrkan med WSF \u00e4r den stora spridningen mellan olika deltagare. Hon menar att det \u00e4r bra om tusentals f\u00f6rslag l\u00e4ggs fram vid m\u00f6tet, bland annat d\u00e4rf\u00f6r att det \u00e4r viktigt att \u00e4ven fr\u00e5gor som brukar hamna i skymundan inte helt ska gl\u00f6mmas bort.<\/p>\n<p> Genom WSF f\u00e5r alla deltagande grupper enligt de Oliveira samma chans att uttrycka sina \u00e5sikter &#8211; utan att diskrimineras eller falla offer f\u00f6r hierarkier. Om man ist\u00e4llet skulle skilja ut vissa mer prioriterade \u00e4mnen vid forumet skulle sj\u00e4lva grundtanken g\u00e5 f\u00f6rlorad, menar hon.  Ett av resultaten fr\u00e5n f\u00f6rra \u00e5rets m\u00f6te \u00e4r att alla aktiviteter schemalagts efter f\u00f6rslag fr\u00e5n de deltagande grupperna, och inte av organisat\u00f6rerna &#8211; som tidigare valt ut vissa teman och g\u00e4stf\u00f6rel\u00e4sare till de st\u00f6rsta f\u00f6redragen.  Sammanlagt \u00e4r 2 500 aktiviteter planerade till \u00e5rets m\u00f6te, vilket \u00e4r det st\u00f6rsta antalet hittills. Allt \u00e4r dock uppdelat inom elva tematiska omr\u00e5den. St\u00f6rst antal aktiviteter finns inom temat m\u00e4nskliga r\u00e4ttigheter, d\u00e4r n\u00e4stan 500 punkter finns med p\u00e5 schemat.  Delvis beroende av erfarenheterna i Indien f\u00f6rra \u00e5ret har platsen f\u00f6r \u00e5rets WSF flyttats fr\u00e5n Porto Alegres katolska universitet, en plats som vissa ansett vara f\u00f6r &#8220;elitistisk&#8221;, till en park i n\u00e4rheten av floden Guaiba. D\u00e4r har nu 295 t\u00e4lt slagits upp och \u00f6ver 200 m\u00f6teslokaler skapats.<\/p>\n<p> <UL> <LI><A HREF=\" http:\/\/www.forumsocialmundial.org.br\/\" class=\"linkblue\" target=\"new\">WSF<\/font><\/a><\/LI><\/UL><BR><BR><\/p>\n","protected":false},"excerpt":{"rendered":"<p>Rio de Janeiro, 050124 (IPS) &#8211; I veckan inleds den femte upplagan av World Social Forum, WSF. M\u00f6tet \u00e5terv\u00e4nder i \u00e5r till Porto Alegre i Brasilien, och arrang\u00f6rerna menar att man dragit l\u00e4rdomar av fjol\u00e5rets upplaga som h\u00f6lls i Mumbai&hellip; <a href=\"http:\/\/ipsnews.net\/svenska\/2005\/01\/24\/fornyat-wsf-atervander-till-porto-alegre\/\" class=\"more-link\">Continue Reading <span class=\"meta-nav\">&rarr;<\/span><\/a><\/p>\n","protected":false},"author":11,"featured_media":0,"comment_status":"open","ping_status":"open","sticky":false,"template":"","format":"standard","meta":{"footnotes":""},"categories":[1,15,7,11],"tags":[],"class_list":["post-3129","post","type-post","status-publish","format-standard","hentry","category-headlines","category-latinamerika","category-politik","category-utveckling"],"_links":{"self":[{"href":"http:\/\/ipsnews.net\/svenska\/wp-json\/wp\/v2\/posts\/3129","targetHints":{"allow":["GET"]}}],"collection":[{"href":"http:\/\/ipsnews.net\/svenska\/wp-json\/wp\/v2\/posts"}],"about":[{"href":"http:\/\/ipsnews.net\/svenska\/wp-json\/wp\/v2\/types\/post"}],"author":[{"embeddable":true,"href":"http:\/\/ipsnews.net\/svenska\/wp-json\/wp\/v2\/users\/11"}],"replies":[{"embeddable":true,"href":"http:\/\/ipsnews.net\/svenska\/wp-json\/wp\/v2\/comments?post=3129"}],"version-history":[{"count":0,"href":"http:\/\/ipsnews.net\/svenska\/wp-json\/wp\/v2\/posts\/3129\/revisions"}],"wp:attachment":[{"href":"http:\/\/ipsnews.net\/svenska\/wp-json\/wp\/v2\/media?parent=3129"}],"wp:term":[{"taxonomy":"category","embeddable":true,"href":"http:\/\/ipsnews.net\/svenska\/wp-json\/wp\/v2\/categories?post=3129"},{"taxonomy":"post_tag","embeddable":true,"href":"http:\/\/ipsnews.net\/svenska\/wp-json\/wp\/v2\/tags?post=3129"}],"curies":[{"name":"wp","href":"https:\/\/api.w.org\/{rel}","templated":true}]}}