{"id":3107,"date":"2005-01-14T13:40:01","date_gmt":"2005-01-14T13:40:01","guid":{"rendered":"http:\/\/ipsnews.net\/svenska\/2005\/01\/14\/mexiko-zapatisterna-lagre-profil-men-fortfarande-aktiva\/"},"modified":"2005-01-14T13:40:01","modified_gmt":"2005-01-14T13:40:01","slug":"mexiko-zapatisterna-lagre-profil-men-fortfarande-aktiva","status":"publish","type":"post","link":"http:\/\/ipsnews.net\/svenska\/2005\/01\/14\/mexiko-zapatisterna-lagre-profil-men-fortfarande-aktiva\/","title":{"rendered":"Mexiko: Zapatisterna &#8211; l\u00e4gre profil men fortfarande aktiva"},"content":{"rendered":"<p>Mexico City, 050114 (IPS) &#8211; Den mexikanska presidenten Vicente Fox sa i veckan att gerillar\u00f6relsen EZLN, zapatisterna, nu tillh\u00f6r det f\u00f6rg\u00e5ngna. Men s\u00e5v\u00e4l andra politiker som m\u00e4nniskor\u00e4ttsaktivister menar att det \u00e4r ett misstag att avskriva r\u00f6relsen.  <\/p>\n<p><!--more--><\/p>\n<p>\u00c4ven om zapatisternas politiska inflytande minskat, menar dessa bed\u00f6mare att EZLN fortfarande \u00e4r aktiva bland ursprungsbefolkningarna i den fattiga sydliga delstaten Chiapas. Dessutom har orsakerna till att rebellr\u00f6relsen uppstod i b\u00f6rjan av 1994 i stort sett f\u00f6rblivit desamma.  Regeringen bed\u00f6mer att gruppen kontrollerar ungef\u00e4r 15 procent av Chiapas, landets fattigaste delstat. I de omr\u00e5den som kontrolleras av EZLN, kan ingen ta sig in utan tillst\u00e5nd fr\u00e5n zapatisterna.  Det bor ungef\u00e4r 100 000 mycket fattiga m\u00e4nniskor i omr\u00e5det, varav de stora majoriteten tillh\u00f6r ursprungsbefolkningarna. EZLN reste vapen i b\u00f6rjan av 1994 med krav p\u00e5 demokrati, frihet och autonomi f\u00f6r landets ursprungsbefolkning.<\/p>\n<p> I samband med ett bes\u00f6k i Chiapas i tisdags sa Fox att EZLN tillh\u00f6r historien.<\/p>\n<p> &#8211; Vi har ett nytt Chiapas med ett nytt ansikte, ett Chiapas som blickar mot framtiden, sa presidenten.<\/p>\n<p> Men Bernardino Ramos, ordf\u00f6rande f\u00f6r den lagstiftande fredskommissionen f\u00f6r Chiapas, COCOPA, menar annorlunda.<\/p>\n<p> &#8211; Fox utv\u00e4rdering av situationen \u00e4r felaktig, han underv\u00e4rderar zapatisternas n\u00e4rvaro, som \u00e4ven om de just nu \u00e4r \u00e5terh\u00e5llsamma fortfarande \u00e4r mycket aktiva.<\/p>\n<p> COCOPA best\u00e5r av politiker fr\u00e5n alla partier som har platser i landets kongress. Ramos, som tillh\u00f6r v\u00e4nsterpartiet PRD, menar samtidigt att man knappast kan tala om verklig fred i Chiapas.  &#8211; Det finns problem med v\u00e5ld mellan lokala grupper, en skr\u00e4mmande n\u00e4rvaro av hundratals soldater, bevis p\u00e5 att det finns paramilit\u00e4ra grupper, och en mycket utbredd fattigdom.<\/p>\n<p> Ramos menar att situationen i regionen \u00e4r mycket sk\u00f6r, och dessutom p\u00e5g\u00e5r inga fredsf\u00f6rhandlingar.  I januari 1994 utropade den d\u00e5varande presidenten Carlos Salinas vapenstillest\u00e5nd och skickade en representant till Chiapas f\u00f6r att f\u00f6rhandla med gerillan, som leds av den karismatiske &#8220;Subcomandante Marcos&#8221;. Detta efter att strider rasat i tio dagar, d\u00e4r n\u00e4rmare 200 personer d\u00f6dats &#8211; fr\u00e4mst gerillamedlemmar.  Fredssamtalen br\u00f6t samman 1996, och har sedan dess inte \u00e5terupptagits. Efter att Fox, som tillh\u00f6r det konservativa partiet PAN, tog makten i slutet av 2000, beordrade han att arm\u00e9n skulle dra sig tillbaka fr\u00e5n de omr\u00e5den som l\u00e5g n\u00e4ra de som kontrollerades av EZLN. Gerillan bef\u00e4ste d\u00e5 kontrollen \u00f6ver otillg\u00e4ngliga djungelomr\u00e5den i Chiapas berg.  EZLN:s senaste stora politiska manifestation intr\u00e4ffade 2001, d\u00e5 ledare f\u00f6r gruppen reste till landets huvudstad, med regeringens till\u00e5telse, f\u00f6r att ut\u00f6va p\u00e5tryckningar mot kongressen f\u00f6r att genomdriva en lag om ursprungsbefolkningens r\u00e4ttigheter.  Den modifierade lag som antogs av kongressen f\u00f6rkastades dock av zapatisterna, som \u00e4ven v\u00e4grade \u00e5terv\u00e4nda till f\u00f6rhandlingsbordet.  Sedan dess har zapatisterna h\u00e5llit sig inom de isolerade omr\u00e5den man kontrollerar.  Enligt Michael Chamberlain, som arbetar f\u00f6r ett m\u00e4nniskor\u00e4ttscenter i Chiapas, har man ur ett m\u00e4nniskor\u00e4ttsperspektiv inte upplevt n\u00e5gra f\u00f6rb\u00e4ttringar under den nuvarande regeringen.<\/p>\n<p> &#8211; Vare sig i form av respekt f\u00f6r ursprungsbefolkningen, eller genom minskade trakasserier fr\u00e5n milit\u00e4ren.<\/p>\n<p> Fattigdomen har heller inte minskat, enligt Chamberlain.<\/p>\n<p> I samband med \u00e5rsskiftet firade EZLN och dess anh\u00e4ngare \u00e5rsdagen efter upproret. I samband med detta meddelade rebellernas spr\u00e5kr\u00f6r att man fortfarande \u00e4r motst\u00e5ndare till regeringen, som anklagas f\u00f6r att genom landets arm\u00e9 trakassera lokalbefolkningen. EZLN har \u00e4ven lanserat en hemsida f\u00f6r sitt radioprogram &#8220;Radio Insurgente&#8221;, som s\u00e4nder p\u00e5 ett flertal spr\u00e5k, d\u00e4ribland engelska.<\/p>\n","protected":false},"excerpt":{"rendered":"<p>Mexico City, 050114 (IPS) &#8211; Den mexikanska presidenten Vicente Fox sa i veckan att gerillar\u00f6relsen EZLN, zapatisterna, nu tillh\u00f6r det f\u00f6rg\u00e5ngna. Men s\u00e5v\u00e4l andra politiker som m\u00e4nniskor\u00e4ttsaktivister menar att det \u00e4r ett misstag att avskriva r\u00f6relsen.<\/p>\n","protected":false},"author":25,"featured_media":0,"comment_status":"open","ping_status":"open","sticky":false,"template":"","format":"standard","meta":{"footnotes":""},"categories":[1,15,3,7],"tags":[],"class_list":["post-3107","post","type-post","status-publish","format-standard","hentry","category-headlines","category-latinamerika","category-migration-och-minoriteter","category-politik"],"_links":{"self":[{"href":"http:\/\/ipsnews.net\/svenska\/wp-json\/wp\/v2\/posts\/3107","targetHints":{"allow":["GET"]}}],"collection":[{"href":"http:\/\/ipsnews.net\/svenska\/wp-json\/wp\/v2\/posts"}],"about":[{"href":"http:\/\/ipsnews.net\/svenska\/wp-json\/wp\/v2\/types\/post"}],"author":[{"embeddable":true,"href":"http:\/\/ipsnews.net\/svenska\/wp-json\/wp\/v2\/users\/25"}],"replies":[{"embeddable":true,"href":"http:\/\/ipsnews.net\/svenska\/wp-json\/wp\/v2\/comments?post=3107"}],"version-history":[{"count":0,"href":"http:\/\/ipsnews.net\/svenska\/wp-json\/wp\/v2\/posts\/3107\/revisions"}],"wp:attachment":[{"href":"http:\/\/ipsnews.net\/svenska\/wp-json\/wp\/v2\/media?parent=3107"}],"wp:term":[{"taxonomy":"category","embeddable":true,"href":"http:\/\/ipsnews.net\/svenska\/wp-json\/wp\/v2\/categories?post=3107"},{"taxonomy":"post_tag","embeddable":true,"href":"http:\/\/ipsnews.net\/svenska\/wp-json\/wp\/v2\/tags?post=3107"}],"curies":[{"name":"wp","href":"https:\/\/api.w.org\/{rel}","templated":true}]}}