{"id":2752,"date":"2004-08-26T13:40:01","date_gmt":"2004-08-26T13:40:01","guid":{"rendered":"http:\/\/ipsnews.net\/svenska\/2004\/08\/26\/presidenten-mot-islamiska-grupper-i-debatt-om-dodsstraff\/"},"modified":"2004-08-26T13:40:01","modified_gmt":"2004-08-26T13:40:01","slug":"presidenten-mot-islamiska-grupper-i-debatt-om-dodsstraff","status":"publish","type":"post","link":"http:\/\/ipsnews.net\/svenska\/2004\/08\/26\/presidenten-mot-islamiska-grupper-i-debatt-om-dodsstraff\/","title":{"rendered":"Presidenten mot islamiska grupper i debatt om d\u00f6dsstraff"},"content":{"rendered":"<p>Dakar, 040826 (IPS) &#8211; Senegal verkar vara p\u00e5 v\u00e4g att avskaffa d\u00f6dsstraffet. Men religi\u00f6sa krafter i landet vill ha det kvar.  <\/p>\n<p><!--more--><\/p>\n<p>&#8211; Min \u00e5sikt \u00e4r att bara Gud har r\u00e4tt att ta n\u00e5gons liv, sa Senegals president Abdoulaye Wade den 15 juli, d\u00e5 han presenterade f\u00f6rslaget om att avskaffa d\u00f6dsstraffet.  Koalitionen av islamiska organisationer, CAI, har dock uttryckt sitt motst\u00e5nd mot f\u00f6rslaget.<\/p>\n<p> &#8211; Det \u00e4r ot\u00e4nkbart att f\u00f6rs\u00f6ka avskaffa d\u00f6dsstraffet i ett land som \u00e4r till 95 procent muslimskt, s\u00e4ger Assane Sylla, medlem i CAI och vice ordf\u00f6rande i Islamiska forsknings- och studiecirkeln i Senegal.  &#8211; Koranen utesluter inte d\u00f6dsstraffet. D\u00e4rf\u00f6r kan vi inte g\u00e5 med p\u00e5 att avskaffa det i Senegal. Det fungerar utm\u00e4rkt f\u00f6r att avskr\u00e4cka, s\u00e4ger Sylla.<\/p>\n<p> Sylla s\u00e4ger att enligt Koranen verkar d\u00f6dsstraffet i slut\u00e4nden till livets f\u00f6rdel, eftersom det hindrar att en m\u00f6rdare d\u00f6dar igen.<\/p>\n<p> Men v\u00e5ldsbrottsligheten tycks redan ha \u00f6kat i Senegal under de senaste \u00e5ren, trots att man har kvar d\u00f6dsstraffet. Bed\u00f6mare menar att arbetsl\u00f6shet och fattigdomen \u00e4r tv\u00e5 viktiga orsaker till det.<\/p>\n<p> Senegals kommitt\u00e9 f\u00f6r de m\u00e4nskliga r\u00e4ttigheterna, CSDH, s\u00e4ger sig vara n\u00f6jda \u00f6ver lagf\u00f6rslaget, och p\u00e5pekar att det g\u00f6r att Senegal s\u00e4llar sig till den internationella r\u00f6relsen f\u00f6r att avskaffa d\u00f6dsstraffet.<\/p>\n<p> Enligt Amnesty International har omkring 80 l\u00e4nder avskaffat d\u00f6dsstraffet under de senaste 20 \u00e5ren. Bland dem finns Australien, Kanada, Frankrike, Tyskland, Nepal, Nicaragua och Storbritannien.  Sedan Senegals sj\u00e4lvst\u00e4ndighet 1960, har bara tv\u00e5 avr\u00e4ttningar \u00e4gt rum i landet. B\u00e4gge utf\u00f6rdes 1967. Den f\u00f6rsta g\u00e4llde en man som hade m\u00f6rdat en parlamentsledamot och f\u00f6re detta idrotsminister. Den andra som avr\u00e4ttades var en man som hade f\u00f6rs\u00f6kt m\u00f6rda presidenten Leopold Sedar Senghor. Trots uppmaningar bland annat fr\u00e5n religi\u00f6sa ledare v\u00e4grade Senghor att ben\u00e5da mannen.<\/p>\n<p> Just nu finns det fyra m\u00e4nniskor som \u00e4r d\u00f6mda till d\u00f6den i Senegal.<\/p>\n","protected":false},"excerpt":{"rendered":"<p>Dakar, 040826 (IPS) &#8211; Senegal verkar vara p\u00e5 v\u00e4g att avskaffa d\u00f6dsstraffet. Men religi\u00f6sa krafter i landet vill ha det kvar.<\/p>\n","protected":false},"author":358,"featured_media":0,"comment_status":"open","ping_status":"open","sticky":false,"template":"","format":"standard","meta":{"footnotes":""},"categories":[5,1,13,10,7],"tags":[],"class_list":["post-2752","post","type-post","status-publish","format-standard","hentry","category-afrika","category-headlines","category-kultur","category-manskliga-rattigheter","category-politik"],"_links":{"self":[{"href":"http:\/\/ipsnews.net\/svenska\/wp-json\/wp\/v2\/posts\/2752","targetHints":{"allow":["GET"]}}],"collection":[{"href":"http:\/\/ipsnews.net\/svenska\/wp-json\/wp\/v2\/posts"}],"about":[{"href":"http:\/\/ipsnews.net\/svenska\/wp-json\/wp\/v2\/types\/post"}],"author":[{"embeddable":true,"href":"http:\/\/ipsnews.net\/svenska\/wp-json\/wp\/v2\/users\/358"}],"replies":[{"embeddable":true,"href":"http:\/\/ipsnews.net\/svenska\/wp-json\/wp\/v2\/comments?post=2752"}],"version-history":[{"count":0,"href":"http:\/\/ipsnews.net\/svenska\/wp-json\/wp\/v2\/posts\/2752\/revisions"}],"wp:attachment":[{"href":"http:\/\/ipsnews.net\/svenska\/wp-json\/wp\/v2\/media?parent=2752"}],"wp:term":[{"taxonomy":"category","embeddable":true,"href":"http:\/\/ipsnews.net\/svenska\/wp-json\/wp\/v2\/categories?post=2752"},{"taxonomy":"post_tag","embeddable":true,"href":"http:\/\/ipsnews.net\/svenska\/wp-json\/wp\/v2\/tags?post=2752"}],"curies":[{"name":"wp","href":"https:\/\/api.w.org\/{rel}","templated":true}]}}