{"id":2697,"date":"2004-08-09T13:40:01","date_gmt":"2004-08-09T13:40:01","guid":{"rendered":"http:\/\/ipsnews.net\/svenska\/2004\/08\/09\/darfur-behover-vatten-inte-regn\/"},"modified":"2004-08-09T13:40:01","modified_gmt":"2004-08-09T13:40:01","slug":"darfur-behover-vatten-inte-regn","status":"publish","type":"post","link":"http:\/\/ipsnews.net\/svenska\/2004\/08\/09\/darfur-behover-vatten-inte-regn\/","title":{"rendered":"Darfur beh\u00f6ver vatten, inte regn"},"content":{"rendered":"<p>Nairobi, 040809 (IPS) &#8211; Samtidigt som omv\u00e4rlden f\u00f6rs\u00f6ker pressa den sudanesiska regeringen till att l\u00f6sa krisen i Darfur f\u00f6rsv\u00e5ras hj\u00e4lpinsatserna av det myckna regnandet.  <\/p>\n<p><!--more--><\/p>\n<p>&#8211; De d\u00e5liga v\u00e4garna tillsammans med kraftigt regn har gjort det sv\u00e5rt f\u00f6r bist\u00e5ndsarbetarna att n\u00e5 fram till flyktingarna, s\u00e4ger Ben Parker, talesman f\u00f6r FN.<\/p>\n<p> Ett resultat av det \u00e4r att FN:s livsmedelsprogram har tvingats sl\u00e4ppa ned n\u00f6dhj\u00e4lp fr\u00e5n luften \u00f6ver sv\u00e5r\u00e5tkomliga omr\u00e5den. Men det \u00e4r fortfarande oklart hur man ska kunna f\u00e5 fram rent vatten till flyktingarna, och det finns en risk f\u00f6r utbrott av kolera- och diarr\u00e9epidemier.<\/p>\n<p> Parker s\u00e4ger ocks\u00e5 att verksamheten f\u00f6rsv\u00e5ras av bristande resurser. FN har bett om 349 miljoner dollar i st\u00f6d f\u00f6r de humanit\u00e4ra insatserna, men hittills har man bara f\u00e5tt l\u00f6ften om 161 miljoner.<\/p>\n<p> Trots att Sudan lovat att f\u00f6lja FN:s resolution och stoppa den arabiska janjawid-milisens \u00f6vergrepp s\u00e4ger Parker att morden och v\u00e5ldt\u00e4kterna har fortsatt i Darfur.<\/p>\n<p> &#8211; Vi har nya ber\u00e4ttelser om kvinnor som v\u00e5ldtagits, och andra som har misshandlats. Vi hoppas att denna tortyr kommer att ta slut n\u00e4r resolutionen genomf\u00f6rs, s\u00e4ger Parker.<\/p>\n<p> Resolutionen, som antogs den 30:e juli, s\u00e4ger att man kan inf\u00f6ra sanktioner och andra \u00e5tg\u00e4rder mot den sudanesiska regeringen om den inte tar kontroll \u00f6ver milisen inom 30 dagar.<\/p>\n<p> Regeringen anklagas f\u00f6r att st\u00f6dja janjawid i dess terrorkampanj mot de tre etniska grupperna fur, masaalit och zaghawa i Darfur.<\/p>\n<p>\n","protected":false},"excerpt":{"rendered":"<p>Nairobi, 040809 (IPS) &#8211; Samtidigt som omv\u00e4rlden f\u00f6rs\u00f6ker pressa den sudanesiska regeringen till att l\u00f6sa krisen i Darfur f\u00f6rsv\u00e5ras hj\u00e4lpinsatserna av det myckna regnandet.<\/p>\n","protected":false},"author":257,"featured_media":0,"comment_status":"open","ping_status":"open","sticky":false,"template":"","format":"standard","meta":{"footnotes":""},"categories":[5,1,3,7,11],"tags":[],"class_list":["post-2697","post","type-post","status-publish","format-standard","hentry","category-afrika","category-headlines","category-migration-och-minoriteter","category-politik","category-utveckling"],"_links":{"self":[{"href":"http:\/\/ipsnews.net\/svenska\/wp-json\/wp\/v2\/posts\/2697","targetHints":{"allow":["GET"]}}],"collection":[{"href":"http:\/\/ipsnews.net\/svenska\/wp-json\/wp\/v2\/posts"}],"about":[{"href":"http:\/\/ipsnews.net\/svenska\/wp-json\/wp\/v2\/types\/post"}],"author":[{"embeddable":true,"href":"http:\/\/ipsnews.net\/svenska\/wp-json\/wp\/v2\/users\/257"}],"replies":[{"embeddable":true,"href":"http:\/\/ipsnews.net\/svenska\/wp-json\/wp\/v2\/comments?post=2697"}],"version-history":[{"count":0,"href":"http:\/\/ipsnews.net\/svenska\/wp-json\/wp\/v2\/posts\/2697\/revisions"}],"wp:attachment":[{"href":"http:\/\/ipsnews.net\/svenska\/wp-json\/wp\/v2\/media?parent=2697"}],"wp:term":[{"taxonomy":"category","embeddable":true,"href":"http:\/\/ipsnews.net\/svenska\/wp-json\/wp\/v2\/categories?post=2697"},{"taxonomy":"post_tag","embeddable":true,"href":"http:\/\/ipsnews.net\/svenska\/wp-json\/wp\/v2\/tags?post=2697"}],"curies":[{"name":"wp","href":"https:\/\/api.w.org\/{rel}","templated":true}]}}