{"id":2462,"date":"2004-04-16T13:40:01","date_gmt":"2004-04-16T13:40:01","guid":{"rendered":"http:\/\/ipsnews.net\/svenska\/2004\/04\/16\/europa-maste-gora-muslimska-medborgare-mer-delaktiga\/"},"modified":"2004-04-16T13:40:01","modified_gmt":"2004-04-16T13:40:01","slug":"europa-maste-gora-muslimska-medborgare-mer-delaktiga","status":"publish","type":"post","link":"http:\/\/ipsnews.net\/svenska\/2004\/04\/16\/europa-maste-gora-muslimska-medborgare-mer-delaktiga\/","title":{"rendered":"Europa m\u00e5ste g\u00f6ra muslimska medborgare mer delaktiga"},"content":{"rendered":"<p>Paris, 040416 (IPS) &#8211; Europa m\u00e5ste erbjuda sina cirka tolv miljoner muslimska inv\u00e5nare alternativ till radikal islamism. Framst\u00e5ende muslimska intellektuella fr\u00e5n olika l\u00e4nder i Europa uppmanar myndigheterna att ge de europeiska muslimerna ett st\u00f6rre erk\u00e4nnande och en starkare identitet i samh\u00e4llet. <\/p>\n<p><!--more--><\/p>\n<p> Attentaten i Madrid f\u00f6rra m\u00e5naden, som utf\u00f6rdes av marockanska terrorister, har ytterligare bekr\u00e4ftat behovet av att b\u00e4ttre integrera de muslimska grupperna i Europa och st\u00e5 emot utmaningen fr\u00e5n politisk islamism, anser analytikerna.<\/p>\n<p> Den franska f\u00f6rfattarinnan Leila Sebbar, som har algeriskt ursprung, anser att m\u00e5nga europiska l\u00e4nder har missf\u00f6rst\u00e5tt eller inte brytt sig om vad islam \u00e4r och menar att m\u00e5nga unga invandrare d\u00e4rf\u00f6r k\u00e4nner sig socialt exkluderade eller diskriminerade.<\/p>\n<p> &#8211; F\u00f6r att ta itu med de h\u00e4r problemen m\u00e5ste vi lansera en bred kampanj f\u00f6r att utbilda unga invandrare om deras r\u00e4ttigheter och om v\u00e4rdet av demokrati.<\/p>\n<p> Sebbar har i \u00e5ratal arbetat mot politisk islam som hon ser som roten till terrorism. Hon var en av de europiska intellektuella som i februari publicerade ett upprop f\u00f6r modern islam i Europa.<\/p>\n<p> &#8211; Muslimer kan f\u00f6lja sin religion och samtidigt vara mot terrorism, kvinnohat och antisemitism. Dessa tre saker karakt\u00e4riserar politisk islam, s\u00e4ger hon.<\/p>\n<p> Frankrike \u00e4r det land i Europa som har den st\u00f6rsta muslimska inv\u00e5nargruppen med fem miljoner muslimer. \u00c4ven Tyskland har en stor muslimsk minoritet &#8211; 2,5 miljoner m\u00e4nniskor av fr\u00e4mst turkiskt ursprung. Cem Ozdemir, f\u00f6re detta parlamentsledamot i det tyska parlamentet ber\u00e4ttar hur det kan vara att vara &#8220;turk&#8221; i Tyskland.<\/p>\n<p> &#8211; Jag f\u00f6ddes i Tyskland, jag har varit folkets representant i parlamentet, jag pratar helt flytande tyska, och trots det \u00e4r jag bara tysk till namnet i de flesta tyskars \u00f6gon, s\u00e4ger han.<\/p>\n<p> &#8211; F\u00f6r den stora majoriteten av tyskar \u00e4r jag fortfarande en turk. Denna inst\u00e4llning f\u00f6r inte integrationen fram\u00e5t. Utan politiska \u00e5tg\u00e4rder som kvotering till f\u00f6rdel f\u00f6r muslimska invandrare kommer integrationen inte att avancera alls Muslimer i Europa k\u00e4nner sig ofta utst\u00f6tta, s\u00e4ger Cumhur G\u00fcr, turkisk skribent och f\u00f6rfattare bosatt i Sverige.<\/p>\n<p> &#8211; F\u00f6r att f\u00e5 n\u00e5got erk\u00e4nnande s\u00f6ker m\u00e5nga kulturellt skydd bland invandrare fr\u00e5n deras heml\u00e4nder, vilket leder till en ren\u00e4ssans av deras hemlands kulturella ritualer, s\u00e4ger han.<\/p>\n<p> &#8211; Det \u00e4r d\u00e4rf\u00f6r som vissa turkiska folkdanser dansas b\u00e4ttre i Stockholm och Berlin \u00e4n i de anatoliska bergen.<\/p>\n<p> F\u00f6r att motverka detta \u00e4r det viktigt att europeiska myndigheter arbetar f\u00f6r utbildning och anst\u00e4llning av invandrare, s\u00e4ger G\u00fcr. Intellektuella med invandrarbakgrund s\u00e4ger att medierna, s\u00e4rskilt tv, m\u00e5ste rekrytera fler medarbetare med invandrarbakgrund . De ser det som bland annat ett viktigt s\u00e4tt att visa att invandrare \u00e4r en del av samh\u00e4llet.<\/p>\n<p> &#8211; Att invandrare \u00e4r synliga i den offentliga sf\u00e4ren, som media, politik och konst, bidrar till att \u00f6ppna sinnena b\u00e5de bland invandrare och i hela samh\u00e4llet, s\u00e4ger Prem Radhakishun, advokat som \u00e4r f\u00f6dd i Surinam men som i dag \u00e4r nyhetsankare i nederl\u00e4ndsk tv.<\/p>\n<p> &#8211; Fanatiker f\u00f6rs\u00f6ker f\u00e5 oss att tro att det p\u00e5g\u00e5r ett krig mellan religioner och civilisationer, men vi v\u00e4sterl\u00e4ndska demokratier m\u00e5ste hitta nya s\u00e4tt att hantera krisen, s\u00e4ger Spaniens nye utrikesminister Miguel Angel Moratinos.<\/p>\n<p> Det s\u00e5 kallade &#8220;kriget mellan civilisationer&#8221; \u00e4r bara en slogan som \u00e4r uppfunnen f\u00f6r att r\u00e4ttf\u00e4rdiga krig, menar han. Det handar inte om ett krig mellan civilisationer eller religioner utan om skilda intressen och makt, enligt Moratinos M\u00e5nga islamexperter p\u00e5pekar att majoriteten av alla muslimer redan \u00e4r sekul\u00e4ra. En av dem \u00e4r Bruno Etienne, religionsprofessor vid universitetet i Aix-en-Provence och f\u00f6rfattare till flera b\u00f6cker om islam i Europa. Han p\u00e5pekar att f\u00e4rre \u00e4n 20 procent av de muslimer som lever i Frankrike bes\u00f6ker en mosk\u00e9 regelbundet.<\/p>\n<p> &#8211; L\u00e5ngt \u00f6ver 90 procent av muslimerna i Europa \u00e4r v\u00e4lintegrerade och identifierar sig med det v\u00e4sterl\u00e4ndska samh\u00e4llet, s\u00e4ger Etienne.<\/p>\n<p> Det st\u00f6rsta hotet mot integrationen \u00e4r det stora inflytande som Saudiarabien har \u00f6ver vissa imamer i Europa, menar han.<\/p>\n<p> &#8211; Saudiarabien underbl\u00e5ser antisemitism och radikalism bland vissa religi\u00f6sa ledare i Europa. Trots det ser vissa v\u00e4sterl\u00e4ndska l\u00e4nder Saudiarabien som en allierad, s\u00e4ger han.<\/p>\n<p>\n","protected":false},"excerpt":{"rendered":"<p>Paris, 040416 (IPS) &#8211; Europa m\u00e5ste erbjuda sina cirka tolv miljoner muslimska inv\u00e5nare alternativ till radikal islamism. Framst\u00e5ende muslimska intellektuella fr\u00e5n olika l\u00e4nder i Europa uppmanar myndigheterna att ge de europeiska muslimerna ett st\u00f6rre erk\u00e4nnande och en starkare identitet i&hellip; <a href=\"http:\/\/ipsnews.net\/svenska\/2004\/04\/16\/europa-maste-gora-muslimska-medborgare-mer-delaktiga\/\" class=\"more-link\">Continue Reading <span class=\"meta-nav\">&rarr;<\/span><\/a><\/p>\n","protected":false},"author":5,"featured_media":0,"comment_status":"open","ping_status":"open","sticky":false,"template":"","format":"standard","meta":{"footnotes":""},"categories":[1,13,3,7],"tags":[],"class_list":["post-2462","post","type-post","status-publish","format-standard","hentry","category-headlines","category-kultur","category-migration-och-minoriteter","category-politik"],"_links":{"self":[{"href":"http:\/\/ipsnews.net\/svenska\/wp-json\/wp\/v2\/posts\/2462","targetHints":{"allow":["GET"]}}],"collection":[{"href":"http:\/\/ipsnews.net\/svenska\/wp-json\/wp\/v2\/posts"}],"about":[{"href":"http:\/\/ipsnews.net\/svenska\/wp-json\/wp\/v2\/types\/post"}],"author":[{"embeddable":true,"href":"http:\/\/ipsnews.net\/svenska\/wp-json\/wp\/v2\/users\/5"}],"replies":[{"embeddable":true,"href":"http:\/\/ipsnews.net\/svenska\/wp-json\/wp\/v2\/comments?post=2462"}],"version-history":[{"count":0,"href":"http:\/\/ipsnews.net\/svenska\/wp-json\/wp\/v2\/posts\/2462\/revisions"}],"wp:attachment":[{"href":"http:\/\/ipsnews.net\/svenska\/wp-json\/wp\/v2\/media?parent=2462"}],"wp:term":[{"taxonomy":"category","embeddable":true,"href":"http:\/\/ipsnews.net\/svenska\/wp-json\/wp\/v2\/categories?post=2462"},{"taxonomy":"post_tag","embeddable":true,"href":"http:\/\/ipsnews.net\/svenska\/wp-json\/wp\/v2\/tags?post=2462"}],"curies":[{"name":"wp","href":"https:\/\/api.w.org\/{rel}","templated":true}]}}