{"id":2431,"date":"2004-04-02T13:40:01","date_gmt":"2004-04-02T13:40:01","guid":{"rendered":"http:\/\/ipsnews.net\/svenska\/2004\/04\/02\/afrika-religosa-ledare-i-gemensam-vadjan-om-fred\/"},"modified":"2004-04-02T13:40:01","modified_gmt":"2004-04-02T13:40:01","slug":"afrika-religosa-ledare-i-gemensam-vadjan-om-fred","status":"publish","type":"post","link":"http:\/\/ipsnews.net\/svenska\/2004\/04\/02\/afrika-religosa-ledare-i-gemensam-vadjan-om-fred\/","title":{"rendered":"Afrika: Relig\u00f6sa ledare i gemensam v\u00e4djan om fred"},"content":{"rendered":"<p>Nairobi, 040402 (IPS) &#8211; Under veckan har religi\u00f6sa ledare runtom i Afrika samlats f\u00f6r att ta avst\u00e5nd fr\u00e5n det v\u00e5ld som pl\u00e5gar delar av kontinenten.  <\/p>\n<p><!--more--><\/p>\n<p>I Zimbabwe samlades medlemmar av olika kristna kyrkor i Harare och Bulawayo f\u00f6r att be f\u00f6r fred i landet, som pl\u00e5gas av sv\u00e5ra ekonomiska och politiska problem. Kollegor fr\u00e5n grannl\u00e4nderna Sydafrika, Botswana och Zambia hade rest till Zimbabwe f\u00f6r att delta.  \u00c4ven i Kenya tr\u00e4ffades religi\u00f6sa ledare. Fler \u00e4n 40 representanter fr\u00e5n \u00d6st- och Centralafrika m\u00f6ttes vid ett toppm\u00f6te i Nairobi i helgen, d\u00e4r man diskuterade hur de olika religionerna hanterar de konflikter som p\u00e5g\u00e5r i regionen.<\/p>\n<p> Efter m\u00f6tet, som avslutades i m\u00e5ndags, sl\u00e4pptes en gemensam kommunik\u00e9 d\u00e4r kristna, hinduiska och muslimska ledare lovade att man ska bes\u00f6ka konfliktomr\u00e5den samt f\u00f6rs\u00f6ka p\u00e5verka de olika staterna att f\u00e5 ett slut p\u00e5 konflikterna i sina regioner.<\/p>\n<p> &#8211; Det \u00e4r de religi\u00f6sa ledarna, oavsett trosinriktning, som n\u00e5r ut till befolkningen p\u00e5 gr\u00e4srotsniv\u00e5. S\u00e5 dom \u00e4r dom r\u00e4tta att l\u00e4ra ut en fredskultur, s\u00e4ger Prabhu Pattni fr\u00e5n Afrikas hinduiska r\u00e5d.  Det m\u00e5ngreligi\u00f6sa m\u00f6tet \u00e4r av s\u00e4rskild vikt eftersom Afrika drabbats av flera konflikter d\u00e4r mots\u00e4ttningar mellan olika religioner bidragit.<\/p>\n<p> &#8211; M\u00e4nniskor fr\u00e5n olika religioner m\u00e5ste l\u00e4ra sig att leva tillsammans i fred och acceptera den religi\u00f6sa m\u00e5ngfalden. De m\u00e5ste l\u00e4ra sig dialogens g\u00e5va, s\u00e4ger Alhaji Yusuf Murigu, vice ordf\u00f6rande f\u00f6r kenyanska muslimers h\u00f6gsta r\u00e5d.  Den \u00e5sikten delas av Mvume Dandala, generalsekreterare f\u00f6r Afrikanska kyrkokonferensen, som menar att om man lyckas skapa en harmoni mellan de olika religi\u00f6sa grupperna i Afrika, kan det ocks\u00e5 bli ett exempel f\u00f6r andra.<\/p>\n<p> &#8211; Kontinenten kan g\u00f6ra en insats f\u00f6r fred i en v\u00e4rld som slits s\u00f6nder av religi\u00f6st motiverade krig, s\u00e4ger Dandala.<\/p>\n","protected":false},"excerpt":{"rendered":"<p>Nairobi, 040402 (IPS) &#8211; Under veckan har religi\u00f6sa ledare runtom i Afrika samlats f\u00f6r att ta avst\u00e5nd fr\u00e5n det v\u00e5ld som pl\u00e5gar delar av kontinenten.<\/p>\n","protected":false},"author":257,"featured_media":0,"comment_status":"open","ping_status":"open","sticky":false,"template":"","format":"standard","meta":{"footnotes":""},"categories":[5,1,13,7],"tags":[],"class_list":["post-2431","post","type-post","status-publish","format-standard","hentry","category-afrika","category-headlines","category-kultur","category-politik"],"_links":{"self":[{"href":"http:\/\/ipsnews.net\/svenska\/wp-json\/wp\/v2\/posts\/2431","targetHints":{"allow":["GET"]}}],"collection":[{"href":"http:\/\/ipsnews.net\/svenska\/wp-json\/wp\/v2\/posts"}],"about":[{"href":"http:\/\/ipsnews.net\/svenska\/wp-json\/wp\/v2\/types\/post"}],"author":[{"embeddable":true,"href":"http:\/\/ipsnews.net\/svenska\/wp-json\/wp\/v2\/users\/257"}],"replies":[{"embeddable":true,"href":"http:\/\/ipsnews.net\/svenska\/wp-json\/wp\/v2\/comments?post=2431"}],"version-history":[{"count":0,"href":"http:\/\/ipsnews.net\/svenska\/wp-json\/wp\/v2\/posts\/2431\/revisions"}],"wp:attachment":[{"href":"http:\/\/ipsnews.net\/svenska\/wp-json\/wp\/v2\/media?parent=2431"}],"wp:term":[{"taxonomy":"category","embeddable":true,"href":"http:\/\/ipsnews.net\/svenska\/wp-json\/wp\/v2\/categories?post=2431"},{"taxonomy":"post_tag","embeddable":true,"href":"http:\/\/ipsnews.net\/svenska\/wp-json\/wp\/v2\/tags?post=2431"}],"curies":[{"name":"wp","href":"https:\/\/api.w.org\/{rel}","templated":true}]}}