{"id":2398,"date":"2004-03-23T13:40:01","date_gmt":"2004-03-23T13:40:01","guid":{"rendered":"http:\/\/ipsnews.net\/svenska\/2004\/03\/23\/upprorda-kanslor-i-arabvarlden-efter-mordet-pa-hamas-ledaren\/"},"modified":"2004-03-23T13:40:01","modified_gmt":"2004-03-23T13:40:01","slug":"upprorda-kanslor-i-arabvarlden-efter-mordet-pa-hamas-ledaren","status":"publish","type":"post","link":"http:\/\/ipsnews.net\/svenska\/2004\/03\/23\/upprorda-kanslor-i-arabvarlden-efter-mordet-pa-hamas-ledaren\/","title":{"rendered":"Uppr\u00f6rda k\u00e4nslor i arabv\u00e4rlden efter mordet p\u00e5 Hamas-ledaren"},"content":{"rendered":"<p>Dubai, 040323 (IPS) &#8211; Samtidigt som vanliga araber och deras ledare f\u00f6rd\u00f6mer Israels mord av Hamas-ledaren schejk Ahmed Yassin s\u00e5 v\u00e4xer ilskan p\u00e5 gatorna. M\u00e5nga r\u00f6ster som t\u00f6rstar efter h\u00e4mnd h\u00f6rdes under m\u00e5ndagen. Radikala islamistiska grupper uppmanar sina efterf\u00f6ljare att attackera alla amerikanska m\u00e5l. <\/p>\n<p><!--more--><\/p>\n<p> Yassin sk\u00f6ts ihj\u00e4l av israeliska helikoptrar n\u00e4r han var p\u00e5 v\u00e4g hem fr\u00e5n gryningsb\u00f6nen p\u00e5 m\u00e5ndagen. Israel kallar avr\u00e4ttningen f\u00f6r &#8220;en likvidering av en terrorist&#8221;.<\/p>\n<p> \u00d6ver 100 000 m\u00e4nniskor deltog p\u00e5 hans begravning i Gaza City och s\u00f6rjande m\u00e4n och kvinnor fyllde gatorna i V\u00e4stbanken och i Gaza-remsan d\u00e4r en tre dagar l\u00e5ng sorgeperiod har utlysts. Den palestinske ledaren Yasser Arafat kallade mordet f\u00f6r &#8220;\u00e4nnu en barbarisk israelisk handling&#8221; och uppmanade FN:s s\u00e4kerhetsr\u00e5d att f\u00f6rd\u00f6ma mordet.<\/p>\n<p> Negativa reaktioner str\u00f6mmade under m\u00e5ndagen fr\u00e5n de arabiska l\u00e4nderna i Mellan\u00f6stern. En av de f\u00f6rsta att f\u00f6rd\u00f6ma mordet var Egypten, det land i regionen som varit mest aktivt i arbetet f\u00f6r att skapa fred mellan israeler och palestinier.<\/p>\n<p> M\u00e5nga Hamas-medlemmar &#8211; d\u00e4ribland schejk Yassin &#8211; har dessutom levt l\u00e4ngre perioder i Egypten och har haft n\u00e4ra relationer med de fundamentalistiska islamistiska r\u00f6relserna d\u00e4r, bland andra det Muslimska br\u00f6draskapet.<\/p>\n<p> P\u00e5 fr\u00e5gan om vad mordet betyder f\u00f6r fredssamtalen mellan Israel och den palestinska myndigheten svarade den uppenbart frustrerade egyptiske presidenten Hosni Mubarak: &#8211; Vilken fredsprocess n\u00e4r hela situationen st\u00e5r i l\u00e5gor? Ingen kunde ha f\u00f6rest\u00e4llt sig att det skulle g\u00e5 s\u00e5 l\u00e5ngt\u00e0dess f\u00f6ljder \u00e4r om\u00f6jliga att f\u00f6resp\u00e5.<\/p>\n<p> Samtidigt meddelade Mubarak att Egypten hoppar av det planerade firandet av 25-\u00e5rs jubileet av fredsavtalet mellan Israel och Egypten.<\/p>\n<p> Men flera analytiker tvivlar p\u00e5 att mordet p\u00e5 Yassin kommer att p\u00e5verka arabstaternas politik s\u00e4rskilt mycket. Men s\u00e4ger att de inte helt kan ignorera den kritik fr\u00e5n inhemska grupper som anser att arabstaterna b\u00e4r en del av ansvaret f\u00f6r mordet eftersom de samarbetar med den israeliska regeringen.<\/p>\n<p> &#8211; Denna kriminella handling \u00e4r en skam f\u00f6r de s\u00e5 kallade moderata ledarna i regionen eftersom de genom att samarbeta med Israel har gett landet modet att genomf\u00f6ra s\u00e5dana attacker, s\u00e4ger Mohammed Mehdi Akef, nyligen utn\u00e4mnd ledare f\u00f6r Muslimska br\u00f6draskapet i Egypten.<\/p>\n<p> I Israels andra grannland Jordanien tr\u00e4ffade kung Abdullah den israeliska premi\u00e4rministern Sharon i hemlighet f\u00f6r bara n\u00e5gra dagar sedan. \u00c4ven han f\u00f6rd\u00f6mer nu mordet.<\/p>\n<p> &#8211; Det h\u00e4r brottet kommer att leda till en eskalering av v\u00e5ldet och instabiliteten i regionen, sa Abdullah och uppmanande det internationella samfundet att ta sitt ansvar f\u00f6r att f\u00f6ra fredsprocessen tillbaka p\u00e5 r\u00e4tt sp\u00e5r.<\/p>\n<p> Turkiet, som den senaste tiden har f\u00f6rdjupat sitt samarbete med Israel, kallade attacken &#8220;mycket farlig&#8221;. Den turkiske utrikesministern Abdullah G\u00fcl sa att han fruktar att mordet kommer att leda till mer v\u00e5ld och att han var mycket oroad.<\/p>\n<p> Saudiarabien, som har finansierat Arafats PLO i m\u00e5nga \u00e5r, f\u00f6rd\u00f6mde Israels aktion som &#8220;kriminell&#8221;. &#8220;Kungad\u00f6met f\u00f6rd\u00f6mer denna kriminella handling som trotsar alla internationella och humanit\u00e4ra normer och lagar&#8221;, l\u00f6d ett uttalande fr\u00e5n det saudiska kabinettet som leds av kronprins Abdullah bin Abdul Aziz.<\/p>\n<p> Radikala islamistiska grupper och terrorn\u00e4tverk sa efter mordet att det nu r\u00e5der krig. Al-Qaida n\u00e4tverket uppmanar sina efterf\u00f6ljare att utkr\u00e4va h\u00e4mnd genom att attackera amerikanska m\u00e5l i hela v\u00e4rlden.<\/p>\n<p> &#8220;Schejk Yassins blod ska inte ha spillts f\u00f6rg\u00e4ves &#8211; vi uppmanar alla Abu Hafs al-Masri-brigaderna att h\u00e4mnas schejken f\u00f6r det palestinska motst\u00e5ndet genom att sl\u00e5 till mot \u00e5rhundradets tyrann Amerika och dess allierade&#8221;, l\u00f6d ett budskap p\u00e5 en webbsida som tillh\u00f6r en grupp som med kopplingar till al-Qaida. Abu Hafs al-Masri var en al-Qaida ledare som d\u00f6dades under USA:s bomkrig mot Afghanistan \u00e5r 2001.<\/p>\n<p> Ledaren f\u00f6r den libanesiska organisationen Hizbollah, schejk Hassan Nasrallah, sa att Hizbollahs krigare kommer att h\u00e4mnas Yassins d\u00f6d vilket \u00e4v en radikala palestinska grupper som Hamas och islamiska jihad har sagt. De palestinska grupperna s\u00e4ger att deras m\u00e5l nu \u00e4r den israeliske premi\u00e4rministern Ariel Sharon, som ska ha godk\u00e4nt mordet p\u00e5 Yassin.<\/p>\n<p> Al-Aqsa brigaderna, som \u00e4r en del av Arafats Fatah-fraktion, uppmanade till &#8220;krig, krig, krig, mot Zions s\u00f6ner\u00e0Det kommer att komma ett svar inom n\u00e5gra timmar, om Gud vill&#8221;.<\/p>\n<p> Samtidigt som hotet om en upptrappning av v\u00e5ldet var det de flesta i Mellan\u00f6stern t\u00e4nkte p\u00e5 s\u00e5 m\u00f6ttes representanter f\u00f6r det som kallas f\u00f6r &#8221; kvartetten&#8221; bakom h\u00f6ga murar p\u00e5 den amerikanska ambassaden i Kairo under m\u00e5ndagen.<\/p>\n<p> Gruppen best\u00e5r av USA, Ryssland, EU och FN och m\u00f6tet under m\u00e5ndagen var planlagt innan mordet p\u00e5 Yassin. \u00c4mnet f\u00f6r m\u00f6tet var att diskutera hur man skulle kunna bl\u00e5sa nytt liv i fredssamtalen mellan Israel och Palestina.<\/p>\n<p> Efter m\u00e5ndagsmorgonens mord f\u00f6rkortades m\u00f6tet till bara en timme, inga reportrar fick n\u00e4rvara och gruppen uppl\u00f6stes utan att ha gjort n\u00e5got uttalande.<\/p>\n<p>\n","protected":false},"excerpt":{"rendered":"<p>Dubai, 040323 (IPS) &#8211; Samtidigt som vanliga araber och deras ledare f\u00f6rd\u00f6mer Israels mord av Hamas-ledaren schejk Ahmed Yassin s\u00e5 v\u00e4xer ilskan p\u00e5 gatorna. M\u00e5nga r\u00f6ster som t\u00f6rstar efter h\u00e4mnd h\u00f6rdes under m\u00e5ndagen. Radikala islamistiska grupper uppmanar sina efterf\u00f6ljare att&hellip; <a href=\"http:\/\/ipsnews.net\/svenska\/2004\/03\/23\/upprorda-kanslor-i-arabvarlden-efter-mordet-pa-hamas-ledaren\/\" class=\"more-link\">Continue Reading <span class=\"meta-nav\">&rarr;<\/span><\/a><\/p>\n","protected":false},"author":266,"featured_media":0,"comment_status":"open","ping_status":"open","sticky":false,"template":"","format":"standard","meta":{"footnotes":""},"categories":[1,17,7],"tags":[],"class_list":["post-2398","post","type-post","status-publish","format-standard","hentry","category-headlines","category-mellanostern","category-politik"],"_links":{"self":[{"href":"http:\/\/ipsnews.net\/svenska\/wp-json\/wp\/v2\/posts\/2398","targetHints":{"allow":["GET"]}}],"collection":[{"href":"http:\/\/ipsnews.net\/svenska\/wp-json\/wp\/v2\/posts"}],"about":[{"href":"http:\/\/ipsnews.net\/svenska\/wp-json\/wp\/v2\/types\/post"}],"author":[{"embeddable":true,"href":"http:\/\/ipsnews.net\/svenska\/wp-json\/wp\/v2\/users\/266"}],"replies":[{"embeddable":true,"href":"http:\/\/ipsnews.net\/svenska\/wp-json\/wp\/v2\/comments?post=2398"}],"version-history":[{"count":0,"href":"http:\/\/ipsnews.net\/svenska\/wp-json\/wp\/v2\/posts\/2398\/revisions"}],"wp:attachment":[{"href":"http:\/\/ipsnews.net\/svenska\/wp-json\/wp\/v2\/media?parent=2398"}],"wp:term":[{"taxonomy":"category","embeddable":true,"href":"http:\/\/ipsnews.net\/svenska\/wp-json\/wp\/v2\/categories?post=2398"},{"taxonomy":"post_tag","embeddable":true,"href":"http:\/\/ipsnews.net\/svenska\/wp-json\/wp\/v2\/tags?post=2398"}],"curies":[{"name":"wp","href":"https:\/\/api.w.org\/{rel}","templated":true}]}}