{"id":23379,"date":"2021-11-25T10:27:52","date_gmt":"2021-11-25T10:27:52","guid":{"rendered":"http:\/\/ipsnews.net\/svenska\/?p=23379"},"modified":"2021-11-25T10:27:52","modified_gmt":"2021-11-25T10:27:52","slug":"skarpta-lagar-har-inte-stoppat-valdet-mot-latinamerikas-kvinnor","status":"publish","type":"post","link":"http:\/\/ipsnews.net\/svenska\/2021\/11\/25\/skarpta-lagar-har-inte-stoppat-valdet-mot-latinamerikas-kvinnor\/","title":{"rendered":"Sk\u00e4rpta lagar har inte stoppat v\u00e5ldet mot Latinamerikas kvinnor"},"content":{"rendered":"<p><strong>Lima, 211125 (IPS)\u00a0<\/strong><strong>\u2013 M\u00e5nga av Latinamerikas l\u00e4nder har p\u00e5 senare \u00e5r sk\u00e4rpt lagarna mot v\u00e5ld i n\u00e4ra relationer. Trots det har problemen fortsatt. Enligt experter har situationen f\u00f6rv\u00e4rrats ytterligare under pandemin \u2013 vars effekter i synnerhet har drabbat regionens kvinnor.<\/strong><\/p>\n<p><!--more--><\/p>\n<p>\u2013 Inf\u00f6randet av lagar och regler har inte kunnat stoppa v\u00e5ldet eller de k\u00f6nsbaserade morden p\u00e5 kvinnor. Det r\u00e5der en slags f\u00f6rlamning inom de latinamerikanska samh\u00e4llena, med ett bristande intresse f\u00f6r det som p\u00e5g\u00e5r, s\u00e4ger professor Mar\u00eda Pessina Itriago som \u00e4r expert p\u00e5 j\u00e4mst\u00e4lldhetsfr\u00e5gor vid UTE-universitet i Ecuadors huvudstad Quito.<\/p>\n<p>Hon menar att regionens kvinnor fortfarande betraktas som andra klassens medborgare \u2013 och betonar att det k\u00f6nsbaserade v\u00e5ldet har varit ett allvarligt problem alldeles f\u00f6r l\u00e4nge och kan j\u00e4mf\u00f6ras med en l\u00e5ngvarig pandemi.<\/p>\n<p>Tidigare i \u00e5r rapporterade V\u00e4rldsh\u00e4lsoorganisationen, WHO, samt FN:s kvinnoorgan, UN Women, om studier som visade att en av tre kvinnor i v\u00e4rlden utsatts f\u00f6r v\u00e5ld. Det handlar dessutom om ett problem som uppges ha f\u00f6rv\u00e4rrats i samband med de restriktioner och nedst\u00e4ngningar som genomf\u00f6rts under coronakrisen.<\/p>\n<p>I en studie som kom tidigare konstaterade WHO att det v\u00e5ld som i varierande omfattning drabbar en tredjedel av v\u00e4rldens kvinnor har f\u00f6r\u00f6dande effekter.<\/p>\n<p>Samtidigt har FN-organet Eclac konstaterat att 4\u00a0640 latinamerikanska kvinnor f\u00f6ll offer f\u00f6r s\u00e5 kallade femicid, k\u00f6nsbaserade mord p\u00e5 kvinnor, enbart under 2019. Eclac varnar ocks\u00e5 f\u00f6r att v\u00e5ldet mot regionens kvinnor har f\u00f6rv\u00e4rrats under pandemin.<\/p>\n<p>\u00c4ven p\u00e5 andra s\u00e4tt har pandemin \u00f6kat s\u00e5rbarheten f\u00f6r kvinnor, genom att m\u00e5nga har f\u00f6rlorat sina inkomster och d\u00e4rmed blivit mindre sj\u00e4lvst\u00e4ndiga. FN:s arbetslivsorgan, ILO, uppger att de latinamerikanska kvinnorna i h\u00f6gre grad har f\u00f6rlorat sina arbeten under krisen \u2013 och det \u00e4r en situation som tycks bli best\u00e5ende den n\u00e4rmaste framtiden.<\/p>\n<p>Sociologen Cecilia Olea har varit med och grundat den feministiska paraplyorganisationen AFM, som best\u00e5r av en m\u00e4ngd grupper fr\u00e5n elva l\u00e4nder i regionen. Hon betonar att det har gjorts stora framsteg i kampen mot det k\u00f6nsbaserade v\u00e5ldet under de senaste 30 \u00e5ren. En av de stora f\u00f6r\u00e4ndringar \u00e4r enligt henne att myndigheter inte l\u00e4ngre anser att v\u00e5ld i n\u00e4ra relationer \u00e4r n\u00e5got som i f\u00f6rsta hand ska betraktas som en privat angel\u00e4genhet.<\/p>\n<p>Samtidigt menar Cecilia Olea att de lagar som stiftats inte har efterf\u00f6ljts av andra satsningar f\u00f6r att st\u00e4rka j\u00e4mst\u00e4lldheten och motverka nedv\u00e4rderingen av kvinnor.<\/p>\n<p>\u2013 M\u00e5nga m\u00e4n k\u00e4nner sig fria att ut\u00f6va f\u00f6rtryck. Och regeringarna har inte tagit ansvar f\u00f6r att se till att en grundl\u00e4ggande sexualundervisning ing\u00e5r i skolutbildningen, och d\u00e4rmed g\u00e5r m\u00f6jligheten att l\u00e4ra ut andra former av maskulinitet f\u00f6rlorad, s\u00e4ger hon till IPS.<\/p>\n<p>Cecilia Olea menar att l\u00e4ndernas regeringar inte bara m\u00e5ste se till att v\u00e5ldet mot kvinnor f\u00f6rebyggs och bek\u00e4mpas \u2013 utan ocks\u00e5 m\u00e5ste se till att det finns tillr\u00e4ckligt med resurser f\u00f6r att bem\u00f6ta problemen.<\/p>\n<p>\u00c4ven professor Mar\u00eda Pessina Itriago betonar behovet av att tillr\u00e4ckliga resurser tills\u00e4tts, men efterlyser ocks\u00e5 ett starkare samarbete mellan myndigheter och organisationer \u2013 d\u00e4r \u00e4ven marginaliserade grupper som ursprungsbefolkningar ing\u00e5r.<\/p>\n<p>Hon betonar att det som beh\u00f6vs p\u00e5 sikt \u00e4r kulturella f\u00f6r\u00e4ndringar som drivs fram av yngre personer som har insett vikten av j\u00e4mst\u00e4lldhet.<\/p>\n<p>\u2013 Det finns allt fler unga feminister som arbetar f\u00f6r f\u00f6r\u00e4ndringar och inom n\u00e5got \u00e5rtionde kanske diskussionerna har f\u00f6r\u00e4ndrats. Denna nya generation best\u00e5r inte bara av kvinnor utan ocks\u00e5 av m\u00e4n \u2013 vilket g\u00f6r att vi kan hoppas p\u00e5 f\u00f6r\u00e4ndringar.<\/p>\n","protected":false},"excerpt":{"rendered":"<p>Lima, 211125 (IPS)\u00a0\u2013 M\u00e5nga av Latinamerikas l\u00e4nder har p\u00e5 senare \u00e5r sk\u00e4rpt lagarna mot v\u00e5ld i n\u00e4ra relationer. Trots det har problemen fortsatt. Enligt experter har situationen f\u00f6rv\u00e4rrats ytterligare under pandemin \u2013 vars effekter i synnerhet har drabbat regionens kvinnor.<\/p>\n","protected":false},"author":1756,"featured_media":0,"comment_status":"closed","ping_status":"closed","sticky":false,"template":"","format":"standard","meta":{"footnotes":""},"categories":[27,15,10,7,11],"tags":[],"class_list":["post-23379","post","type-post","status-publish","format-standard","hentry","category-jamstalldhet","category-latinamerika","category-manskliga-rattigheter","category-politik","category-utveckling"],"_links":{"self":[{"href":"http:\/\/ipsnews.net\/svenska\/wp-json\/wp\/v2\/posts\/23379","targetHints":{"allow":["GET"]}}],"collection":[{"href":"http:\/\/ipsnews.net\/svenska\/wp-json\/wp\/v2\/posts"}],"about":[{"href":"http:\/\/ipsnews.net\/svenska\/wp-json\/wp\/v2\/types\/post"}],"author":[{"embeddable":true,"href":"http:\/\/ipsnews.net\/svenska\/wp-json\/wp\/v2\/users\/1756"}],"replies":[{"embeddable":true,"href":"http:\/\/ipsnews.net\/svenska\/wp-json\/wp\/v2\/comments?post=23379"}],"version-history":[{"count":1,"href":"http:\/\/ipsnews.net\/svenska\/wp-json\/wp\/v2\/posts\/23379\/revisions"}],"predecessor-version":[{"id":23380,"href":"http:\/\/ipsnews.net\/svenska\/wp-json\/wp\/v2\/posts\/23379\/revisions\/23380"}],"wp:attachment":[{"href":"http:\/\/ipsnews.net\/svenska\/wp-json\/wp\/v2\/media?parent=23379"}],"wp:term":[{"taxonomy":"category","embeddable":true,"href":"http:\/\/ipsnews.net\/svenska\/wp-json\/wp\/v2\/categories?post=23379"},{"taxonomy":"post_tag","embeddable":true,"href":"http:\/\/ipsnews.net\/svenska\/wp-json\/wp\/v2\/tags?post=23379"}],"curies":[{"name":"wp","href":"https:\/\/api.w.org\/{rel}","templated":true}]}}