{"id":23375,"date":"2021-11-24T09:01:33","date_gmt":"2021-11-24T09:01:33","guid":{"rendered":"http:\/\/ipsnews.net\/svenska\/?p=23375"},"modified":"2021-11-24T09:01:33","modified_gmt":"2021-11-24T09:01:33","slug":"fn-uppmarksammar-det-omfattande-valdet-mot-kvinnor","status":"publish","type":"post","link":"http:\/\/ipsnews.net\/svenska\/2021\/11\/24\/fn-uppmarksammar-det-omfattande-valdet-mot-kvinnor\/","title":{"rendered":"FN uppm\u00e4rksammar det omfattande v\u00e5ldet mot kvinnor"},"content":{"rendered":"<p><strong>Madrid, 211124 (IPS)\u00a0<\/strong><strong>\u2013 Trots att m\u00e5nga l\u00e4nder har inf\u00f6rt lagar mot v\u00e5ld i n\u00e4ra relationer f\u00f6rblir m\u00e4ns v\u00e5ld mot kvinnor ett av de vanligaste m\u00e4nniskor\u00e4ttsbrotten som beg\u00e5s i v\u00e4rlden. N\u00e4stan var tredje kvinna uppger att hon utsatts f\u00f6r v\u00e5ld under sin livstid \u2013 och m\u00f6rkertalet kan vara stort.<\/strong><\/p>\n<p><!--more--><\/p>\n<p>P\u00e5 torsdagen uppm\u00e4rksammar FN internationella dagen mot v\u00e5ld mot kvinnor. I samband med det betonar v\u00e4rldsorganisationen ocks\u00e5 att v\u00e5ldet har en tendens att f\u00f6rv\u00e4rras i samband med kriser, n\u00e5got som ocks\u00e5 har skett under pandemin.<\/p>\n<p>I de flesta fall d\u00e4r flickor och kvinnor uts\u00e4tts f\u00f6r v\u00e5ld eller sexuellt v\u00e5ld \u00e4r det en manlig partner som \u00e4r f\u00f6r\u00f6vare.<\/p>\n<p>Dessutom \u00e4r \u00f6ver 70 procent av offren f\u00f6r m\u00e4nniskohandel flickor eller kvinnor, varav en majoritet uts\u00e4tts f\u00f6r sexuella \u00f6vergrepp.<\/p>\n<p>M\u00e4ns v\u00e5ld mot kvinnor beskrivs som ett av de vanligaste och mest f\u00f6r\u00f6dande m\u00e4nniskobrotten som beg\u00e5s i v\u00e4rlden. Det handlar ocks\u00e5 om en brottslighet som s\u00e4llan uppm\u00e4rksammas eftersom v\u00e5ldet ofta omges av straffrihet och en stigmatisering av offren.<\/p>\n<p>Det inneb\u00e4r att det verkliga antalet fall kan vara \u00e4nnu h\u00f6gre.<\/p>\n<p>Liksom tidigare \u00e5r kommer \u00e5rets internationella FN-dag att f\u00f6ljas av en 16 dagar l\u00e5ng <a href=\"https:\/\/www.unwomen.org\/en\/what-we-do\/ending-violence-against-women\/take-action\/16-days-of-activism\" target=\"_blank\" rel=\"noopener\">kampanj<\/a> mot k\u00f6nsbaserat v\u00e5ld.<\/p>\n<p>UN Women uppger att en minoritet av de flickor och kvinnor som uts\u00e4tts f\u00f6r v\u00e5ld s\u00f6ker hj\u00e4lp.<\/p>\n<p>Enligt FN-organet \u00e4r v\u00e5ldet s\u00e4rskilt omfattande i v\u00e4rldens l\u00e5g- och medelinkomstl\u00e4nder. I de l\u00e4nder som klassas som allra minst utvecklade uppger en betydligt h\u00f6gre andel av kvinnorna att de utsatts f\u00f6r v\u00e5ld av sin partner under det senaste \u00e5ret j\u00e4mf\u00f6rt med det globala genomsnittet.<\/p>\n<p>Minst 155 av v\u00e4rldens l\u00e4nder uppges ha inf\u00f6rt lagar mot v\u00e5ld i n\u00e4ra relationer. Men UN Women betonar att det inte inneb\u00e4r att lagarna \u00e4r tillr\u00e4ckliga \u2013 eller att de till\u00e4mpas i praktiken.<\/p>\n","protected":false},"excerpt":{"rendered":"<p>Madrid, 211124 (IPS)\u00a0\u2013 Trots att m\u00e5nga l\u00e4nder har inf\u00f6rt lagar mot v\u00e5ld i n\u00e4ra relationer f\u00f6rblir m\u00e4ns v\u00e5ld mot kvinnor ett av de vanligaste m\u00e4nniskor\u00e4ttsbrotten som beg\u00e5s i v\u00e4rlden. N\u00e4stan var tredje kvinna uppger att hon utsatts f\u00f6r v\u00e5ld under&hellip; <a href=\"http:\/\/ipsnews.net\/svenska\/2021\/11\/24\/fn-uppmarksammar-det-omfattande-valdet-mot-kvinnor\/\" class=\"more-link\">Continue Reading <span class=\"meta-nav\">&rarr;<\/span><\/a><\/p>\n","protected":false},"author":1132,"featured_media":0,"comment_status":"closed","ping_status":"closed","sticky":false,"template":"","format":"standard","meta":{"footnotes":""},"categories":[9,4,27,10,7],"tags":[],"class_list":["post-23375","post","type-post","status-publish","format-standard","hentry","category-global-fragor","category-halsa","category-jamstalldhet","category-manskliga-rattigheter","category-politik"],"_links":{"self":[{"href":"http:\/\/ipsnews.net\/svenska\/wp-json\/wp\/v2\/posts\/23375","targetHints":{"allow":["GET"]}}],"collection":[{"href":"http:\/\/ipsnews.net\/svenska\/wp-json\/wp\/v2\/posts"}],"about":[{"href":"http:\/\/ipsnews.net\/svenska\/wp-json\/wp\/v2\/types\/post"}],"author":[{"embeddable":true,"href":"http:\/\/ipsnews.net\/svenska\/wp-json\/wp\/v2\/users\/1132"}],"replies":[{"embeddable":true,"href":"http:\/\/ipsnews.net\/svenska\/wp-json\/wp\/v2\/comments?post=23375"}],"version-history":[{"count":1,"href":"http:\/\/ipsnews.net\/svenska\/wp-json\/wp\/v2\/posts\/23375\/revisions"}],"predecessor-version":[{"id":23376,"href":"http:\/\/ipsnews.net\/svenska\/wp-json\/wp\/v2\/posts\/23375\/revisions\/23376"}],"wp:attachment":[{"href":"http:\/\/ipsnews.net\/svenska\/wp-json\/wp\/v2\/media?parent=23375"}],"wp:term":[{"taxonomy":"category","embeddable":true,"href":"http:\/\/ipsnews.net\/svenska\/wp-json\/wp\/v2\/categories?post=23375"},{"taxonomy":"post_tag","embeddable":true,"href":"http:\/\/ipsnews.net\/svenska\/wp-json\/wp\/v2\/tags?post=23375"}],"curies":[{"name":"wp","href":"https:\/\/api.w.org\/{rel}","templated":true}]}}